{"id":24593,"date":"2026-09-01T16:06:46","date_gmt":"2026-09-01T19:06:46","guid":{"rendered":"https:\/\/cliente1.publisher.highstack.com.ar\/?p=24593"},"modified":"2026-09-01T16:06:46","modified_gmt":"2026-09-01T19:06:46","slug":"un-patrullero-choco-contra-la-guardia-del-hospital-cullen-e-hirio-a-un-joven-en-silla-de-ruedas-recien-operado","status":"publish","type":"post","link":"https:\/\/cliente1.publisher.highstack.com.ar\/?p=24593","title":{"rendered":"Un patrullero choc\u00f3 contra la guardia del Hospital Cullen e hiri\u00f3 a un joven en silla de ruedas reci\u00e9n operado"},"content":{"rendered":"<p><\/p>\n<div>\n<p><b>Un patrullero choc\u00f3 contra la guardia del Hospital Jos\u00e9 Mar\u00eda Cullen<\/b>, en Santa Fe, este martes y dej\u00f3 tres heridos, entre ellos un joven que acababa de recibir el alta tras una operaci\u00f3n. La camioneta derrib\u00f3 las rejas del acceso ubicado sobre avenida Freyre y termin\u00f3 dentro del sector de admisi\u00f3n. <\/p>\n<p><!-- is a <br \/>--><\/p>\n<p><!-- is a object --><br \/>\n<!-- embed start --><\/p>\n<figure class=\"embed\">\n<p>    <img decoding=\"async\" src=\"https:\/\/elonce-media.elonce.com\/fotos\/2026\/09\/01\/e_1788288578_27641.webp\" loading=\"lazy\" width=\"600\" height=\"400\" alt=\"\"\/><\/p>\n<\/figure>\n<p><!-- embed end --><br \/>\n<!-- end object --><\/p>\n<p>Seg\u00fan inform\u00f3 <i>Cadena 3<\/i>, el episodio ocurri\u00f3 durante un operativo policial por una pelea entre cuidacoches. El conductor intent\u00f3 realizar una maniobra para despejar el paso a una ambulancia que ingresaba en \u201cc\u00f3digo rojo\u201d y el veh\u00edculo impact\u00f3 contra la entrada del establecimiento. <\/p>\n<p><!-- is a <br \/>--><\/p>\n<p><!-- is a object --><br \/>\n<!-- embed start --><\/p>\n<figure class=\"embed\">\n<p>    <img decoding=\"async\" src=\"https:\/\/elonce-media.elonce.com\/fotos\/2026\/09\/01\/e_1788288578_71148.webp\" loading=\"lazy\" width=\"600\" height=\"400\" alt=\"\"\/><\/p>\n<\/figure>\n<p><!-- embed end --><br \/>\n<!-- end object --><\/p>\n<p>La subdirectora del hospital, <b>Amanda S\u00e1nchez<\/b>, confirm\u00f3 que <b>los tres heridos se encontraban estables y fuera de peligro<\/b>. Todos recibieron asistencia y quedaron bajo control m\u00e9dico en la guardia. <\/p>\n<p><!-- is a <br \/>--><\/p>\n<p>\u00a0<\/p>\n<p><!-- is a <br \/>--><\/p>\n<p><!-- is a object --><\/p>\n<h3>Un paciente reci\u00e9n operado, entre los heridos<\/h3>\n<p><!-- end object --><\/p>\n<p>\u00a0<\/p>\n<p><!-- is a <br \/>--><\/p>\n<p>Uno de los afectados fue un <b>joven de 20 a\u00f1os que estaba en silla de ruedas<\/b> y acababa de recibir el alta despu\u00e9s de una cirug\u00eda de pierna, en la que le hab\u00edan colocado un clavo intramedular. Tras el choque sufri\u00f3 traumatismos en los miembros inferiores y debi\u00f3 reingresar para ser evaluado por el servicio que lo hab\u00eda atendido. <\/p>\n<p><!-- is a <br \/>--><\/p>\n<p>\u00a0<\/p>\n<p><!-- is a <br \/>--><\/p>\n<p>Su acompa\u00f1ante, de <b>21 a\u00f1os<\/b>, tambi\u00e9n present\u00f3 traumatismos en las piernas y permaneci\u00f3 en observaci\u00f3n. El conductor del patrullero, un <b>agente de 31 a\u00f1os<\/b>, sufri\u00f3 contusiones leves y qued\u00f3 bajo revisi\u00f3n m\u00e9dica. <\/p>\n<p><!-- is a <br \/>--><\/p>\n<p><!-- is a object --><br \/>\n<!-- embed start --><\/p>\n<figure class=\"embed\">\n<p>    <img decoding=\"async\" src=\"https:\/\/elonce-media.elonce.com\/fotos\/2026\/09\/01\/e_1788288578_13874.webp\" loading=\"lazy\" width=\"600\" height=\"400\" alt=\"\"\/><\/p>\n<\/figure>\n<p><!-- embed end --><br \/>\n<!-- end object --><\/p>\n<p>Adem\u00e1s, una mujer de <b>57 a\u00f1os<\/b> se arroj\u00f3 al suelo para evitar ser embestida. Fue examinada y, al no presentar lesiones de gravedad, decidi\u00f3 regresar a su localidad de origen. Un cuidacoches que estaba detenido dentro del m\u00f3vil policial result\u00f3 ileso. <\/p>\n<p><!-- is a <br \/>--><\/p>\n<p>\u00a0<\/p>\n<p><!-- is a <br \/>--><\/p>\n<p><!-- is a object --><\/p>\n<h3>Modificaron los accesos y mantuvieron la atenci\u00f3n<\/h3>\n<p><!-- end object --><\/p>\n<p>\u00a0<\/p>\n<p><!-- is a <br \/>--><\/p>\n<p>A pesar del impacto y de los da\u00f1os en el ingreso, <b>la guardia mantuvo su funcionamiento sin interrupciones<\/b>. Las autoridades establecieron un esquema especial de circulaci\u00f3n por las tareas en el sector afectado. <\/p>\n<p><!-- is a <br \/>--><\/p>\n<p>\u00a0<\/p>\n<p><!-- is a <br \/>--><\/p>\n<p>El ingreso de las visitas generales y de los pacientes ambulatorios fue trasladado temporalmente al hall central. Para las ambulancias y las personas en silla de ruedas se dispuso el acceso por el port\u00f3n lateral del shockroom.<\/p>\n<\/p><\/div>\n","protected":false},"excerpt":{"rendered":"<p>Un patrullero choc\u00f3 contra la guardia del Hospital Jos\u00e9 Mar\u00eda Cullen, en Santa Fe, este martes y dej\u00f3 tres heridos, entre ellos un joven que acababa de recibir el alta tras una operaci\u00f3n. La camioneta derrib\u00f3 las rejas del acceso ubicado sobre avenida Freyre y termin\u00f3 dentro del sector de admisi\u00f3n. Seg\u00fan inform\u00f3 Cadena 3, [&hellip;]<\/p>\n","protected":false},"author":1,"featured_media":24594,"comment_status":"open","ping_status":"open","sticky":false,"template":"","format":"standard","meta":{"footnotes":""},"categories":[1],"tags":[],"class_list":["post-24593","post","type-post","status-publish","format-standard","has-post-thumbnail","hentry","category-uncategorized"],"_links":{"self":[{"href":"https:\/\/cliente1.publisher.highstack.com.ar\/index.php?rest_route=\/wp\/v2\/posts\/24593","targetHints":{"allow":["GET"]}}],"collection":[{"href":"https:\/\/cliente1.publisher.highstack.com.ar\/index.php?rest_route=\/wp\/v2\/posts"}],"about":[{"href":"https:\/\/cliente1.publisher.highstack.com.ar\/index.php?rest_route=\/wp\/v2\/types\/post"}],"author":[{"embeddable":true,"href":"https:\/\/cliente1.publisher.highstack.com.ar\/index.php?rest_route=\/wp\/v2\/users\/1"}],"replies":[{"embeddable":true,"href":"https:\/\/cliente1.publisher.highstack.com.ar\/index.php?rest_route=%2Fwp%2Fv2%2Fcomments&post=24593"}],"version-history":[{"count":0,"href":"https:\/\/cliente1.publisher.highstack.com.ar\/index.php?rest_route=\/wp\/v2\/posts\/24593\/revisions"}],"wp:featuredmedia":[{"embeddable":true,"href":"https:\/\/cliente1.publisher.highstack.com.ar\/index.php?rest_route=\/wp\/v2\/media\/24594"}],"wp:attachment":[{"href":"https:\/\/cliente1.publisher.highstack.com.ar\/index.php?rest_route=%2Fwp%2Fv2%2Fmedia&parent=24593"}],"wp:term":[{"taxonomy":"category","embeddable":true,"href":"https:\/\/cliente1.publisher.highstack.com.ar\/index.php?rest_route=%2Fwp%2Fv2%2Fcategories&post=24593"},{"taxonomy":"post_tag","embeddable":true,"href":"https:\/\/cliente1.publisher.highstack.com.ar\/index.php?rest_route=%2Fwp%2Fv2%2Ftags&post=24593"}],"curies":[{"name":"wp","href":"https:\/\/api.w.org\/{rel}","templated":true}]}}