{"id":24583,"date":"2026-09-01T15:28:53","date_gmt":"2026-09-01T18:28:53","guid":{"rendered":"https:\/\/cliente1.publisher.highstack.com.ar\/?p=24583"},"modified":"2026-09-01T15:28:53","modified_gmt":"2026-09-01T18:28:53","slug":"antigua-camioneta-se-quedo-sin-frenos-subio-a-la-vereda-y-choco-contra-una-amarok-en-parana","status":"publish","type":"post","link":"https:\/\/cliente1.publisher.highstack.com.ar\/?p=24583","title":{"rendered":"Antigua camioneta se qued\u00f3 sin frenos, subi\u00f3 a la vereda y choc\u00f3 contra una Amarok en Paran\u00e1"},"content":{"rendered":"<p><\/p>\n<div>\n<p><i>Antigua camioneta se qued\u00f3 sin frenos y choc\u00f3 contra una Amarok.<\/i> Una <b>camioneta se qued\u00f3 sin frenos<\/b> cuando circulaba este martes por calle Dean J. \u00c1lvarez, en Paran\u00e1, y su conductor realiz\u00f3 una maniobra para evitar impactar contra varios veh\u00edculos que aguardaban el cambio del sem\u00e1foro. El rodado subi\u00f3 a la vereda, ingres\u00f3 a una propiedad y choc\u00f3 contra una Volkswagen Amarok. <\/p>\n<p><!-- is a <br \/>--><\/p>\n<p><!-- is a object --><br \/>\n<!-- embed start --><!-- embed end --><br \/>\n<!-- end object --><\/p>\n<p><!-- is a object --><br \/>\n<!-- embed start --><\/p>\n<figure class=\"embed\">\n<p>    <img decoding=\"async\" src=\"https:\/\/elonce-media.elonce.com\/fotos\/2026\/09\/01\/e_1788284470_94168.webp\" loading=\"lazy\" width=\"600\" height=\"400\" alt=\"\"\/><\/p>\n<\/figure>\n<p><!-- embed end --><br \/>\n<!-- end object --><\/p>\n<p>El siniestro ocurri\u00f3 en inmediaciones de la intersecci\u00f3n con Ruperto P\u00e9rez. El veh\u00edculo involucrado fue una Jeep Gladiator modelo 1970 que era conducida por Miguel, un hombre que se dedica a realizar fletes. <\/p>\n<p><!-- is a <br \/>--><\/p>\n<p><!-- is a object --><br \/>\n<!-- embed start --><!-- embed end --><br \/>\n<!-- end object --><\/p>\n<p>Seg\u00fan relat\u00f3 el propio conductor, mientras transitaba a la altura de calle Jujuy advirti\u00f3 que los frenos no respond\u00edan. Frente a \u00e9l hab\u00eda varios autom\u00f3viles detenidos debido al sem\u00e1foro, por lo que decidi\u00f3 desviarse para evitar una colisi\u00f3n que pod\u00eda involucrar a otros veh\u00edculos. <\/p>\n<p><!-- is a <br \/>--><\/p>\n<p><!-- is a object --><br \/>\n<!-- embed start --><!-- embed end --><br \/>\n<!-- end object --><\/p>\n<p><!-- is a object --><br \/>\n<!-- embed start --><\/p>\n<figure class=\"embed\">\n<p>    <img decoding=\"async\" src=\"https:\/\/elonce-media.elonce.com\/fotos\/2026\/09\/01\/e_1788284470_24084.webp\" loading=\"lazy\" width=\"600\" height=\"400\" alt=\"\"\/><\/p>\n<\/figure>\n<p><!-- embed end --><br \/>\n<!-- end object --><\/p>\n<p>\u00a0<\/p>\n<p><!-- is a <br \/>--><\/p>\n<p><!-- is a object --><\/p>\n<h3>La maniobra para evitar un choque mayor<\/h3>\n<p><!-- end object --><\/p>\n<p>\u00a0<\/p>\n<p><!-- is a <br \/>--><\/p>\n<p>Ante la falla mec\u00e1nica, el conductor subi\u00f3 a la vereda con la intenci\u00f3n de disminuir la velocidad de la Jeep. Durante esa maniobra termin\u00f3 ingresando al predio donde anteriormente funcionaba un lavadero de veh\u00edculos. <\/p>\n<p><!-- is a <br \/>--><\/p>\n<p><!-- is a object --><br \/>\n<!-- embed start --><!-- embed end --><br \/>\n<!-- end object --><\/p>\n<p>La camioneta derrib\u00f3 una reja que cerraba el lugar y continu\u00f3 su recorrido hasta impactar contra una Volkswagen Amarok negra que se encontraba estacionada en el interior de la propiedad. <\/p>\n<p><!-- is a <br \/>--><\/p>\n<p><!-- is a object --><br \/>\n<!-- embed start --><\/p>\n<figure class=\"embed\">\n<p>    <img decoding=\"async\" src=\"https:\/\/elonce-media.elonce.com\/fotos\/2026\/09\/01\/e_1788284470_66870.webp\" loading=\"lazy\" width=\"600\" height=\"400\" alt=\"\"\/><\/p>\n<\/figure>\n<p><!-- embed end --><br \/>\n<!-- end object --><\/p>\n<p>El choque contra la Amarok permiti\u00f3 finalmente detener la marcha de la Jeep Gladiator. Pese a la secuencia y los da\u00f1os materiales ocasionados, no se registraron personas lesionadas como consecuencia del siniestro. <\/p>\n<p><!-- is a <br \/>--><\/p>\n<p>\u00a0<\/p>\n<p><!-- is a <br \/>--><\/p>\n<p><!-- is a object --><\/p>\n<h3>Los frenos hab\u00edan sido reparados d\u00edas atr\u00e1s<\/h3>\n<p><!-- end object --><\/p>\n<p>\u00a0<\/p>\n<p><!-- is a <br \/>--><\/p>\n<p>Tras el episodio, el conductor pudo dialogar sobre lo sucedido y explic\u00f3 que utiliza habitualmente la camioneta para realizar trabajos de fletes. Adem\u00e1s, indic\u00f3 que el sistema de frenos hab\u00eda sido reparado pocos d\u00edas antes del accidente. <\/p>\n<p><!-- is a <br \/>--><\/p>\n<p><!-- is a object --><br \/>\n<!-- embed start --><\/p>\n<figure class=\"embed\">\n<p>    <img decoding=\"async\" src=\"https:\/\/elonce-media.elonce.com\/fotos\/2026\/09\/01\/e_1788284470_64071.webp\" loading=\"lazy\" width=\"600\" height=\"400\" alt=\"\"\/><\/p>\n<\/figure>\n<p><!-- embed end --><br \/>\n<!-- end object --><\/p>\n<p>De acuerdo con su relato, pese a esa intervenci\u00f3n mec\u00e1nica reciente, los frenos volvieron a presentar una falla mientras circulaba por Dean J. \u00c1lvarez. La situaci\u00f3n lo oblig\u00f3 a tomar una decisi\u00f3n en pocos segundos ante la presencia de los veh\u00edculos detenidos delante suyo. <\/p>\n<p><!-- is a <br \/>--><\/p>\n<p>\u00a0<\/p>\n<p><!-- is a <br \/>--><\/p>\n<p>El episodio gener\u00f3 momentos de tensi\u00f3n debido a la trayectoria que realiz\u00f3 la camioneta sobre la vereda y dentro de la propiedad. Sin embargo, la maniobra permiti\u00f3 evitar que el veh\u00edculo sin control impactara directamente contra los autom\u00f3viles que esperaban frente al sem\u00e1foro. <\/p>\n<p><!-- is a <br \/>--><\/p>\n<p><!-- is a object --><br \/>\n<!-- embed start --><\/p>\n<figure class=\"embed\">\n<p>    <img decoding=\"async\" src=\"https:\/\/elonce-media.elonce.com\/fotos\/2026\/09\/01\/e_1788284470_91652.webp\" loading=\"lazy\" width=\"600\" height=\"400\" alt=\"\"\/><\/p>\n<\/figure>\n<p><!-- embed end --><br \/>\n<!-- end object --><\/p>\n<p><!-- is a object --><\/p>\n<h3>Solo se registraron da\u00f1os materiales<\/h3>\n<p><!-- end object --><\/p>\n<p>\u00a0<\/p>\n<p><!-- is a <br \/>--><\/p>\n<p>El conductor no sufri\u00f3 heridas de gravedad y tampoco hubo otras personas alcanzadas por el veh\u00edculo durante su recorrido. El saldo del siniestro fue exclusivamente de da\u00f1os materiales en los rodados y en la reja del inmueble. <\/p>\n<p><!-- is a <br \/>--><\/p>\n<p>\u00a0<\/p>\n<p><!-- is a <br \/>--><\/p>\n<p>Las circunstancias estuvieron vinculadas, seg\u00fan manifest\u00f3 el conductor, con el desperfecto que sufri\u00f3 el sistema de frenos de la Jeep Gladiator. El veh\u00edculo finalmente qued\u00f3 detenido luego de impactar contra la Amarok estacionada. <\/p>\n<p><!-- is a <br \/>--><\/p>\n<p>\u00a0<\/p>\n<p><!-- is a <br \/>--><\/p>\n<p><!-- is a object --><br \/>\n<!-- embed start --><\/p>\n<div class=\"embed embed-video\">\n<p>\n            <iframe loading=\"lazy\" title=\"Se qued\u00f3 sin frenos, subi\u00f3 a la vereda y choc\u00f3 a una amarok en un lavadero - Elonce\" width=\"500\" height=\"281\" src=\"https:\/\/www.youtube.com\/embed\/56Vei9e9ocA?feature=oembed\" frameborder=\"0\" allow=\"accelerometer; autoplay; clipboard-write; encrypted-media; gyroscope; picture-in-picture; web-share\" referrerpolicy=\"strict-origin-when-cross-origin\" allowfullscreen><\/iframe>\n        <\/p>\n<p>\n                <span>Se qued\u00f3 sin frenos, subi\u00f3 a la vereda y choc\u00f3 a una Amarok en un lavadero<\/span>\n            <\/p>\n<\/p><\/div>\n<p><!-- embed end --><br \/>\n<!-- end object --><\/p><\/div>\n","protected":false},"excerpt":{"rendered":"<p>Antigua camioneta se qued\u00f3 sin frenos y choc\u00f3 contra una Amarok. Una camioneta se qued\u00f3 sin frenos cuando circulaba este martes por calle Dean J. \u00c1lvarez, en Paran\u00e1, y su conductor realiz\u00f3 una maniobra para evitar impactar contra varios veh\u00edculos que aguardaban el cambio del sem\u00e1foro. El rodado subi\u00f3 a la vereda, ingres\u00f3 a una [&hellip;]<\/p>\n","protected":false},"author":1,"featured_media":24584,"comment_status":"open","ping_status":"open","sticky":false,"template":"","format":"standard","meta":{"footnotes":""},"categories":[1],"tags":[],"class_list":["post-24583","post","type-post","status-publish","format-standard","has-post-thumbnail","hentry","category-uncategorized"],"_links":{"self":[{"href":"https:\/\/cliente1.publisher.highstack.com.ar\/index.php?rest_route=\/wp\/v2\/posts\/24583","targetHints":{"allow":["GET"]}}],"collection":[{"href":"https:\/\/cliente1.publisher.highstack.com.ar\/index.php?rest_route=\/wp\/v2\/posts"}],"about":[{"href":"https:\/\/cliente1.publisher.highstack.com.ar\/index.php?rest_route=\/wp\/v2\/types\/post"}],"author":[{"embeddable":true,"href":"https:\/\/cliente1.publisher.highstack.com.ar\/index.php?rest_route=\/wp\/v2\/users\/1"}],"replies":[{"embeddable":true,"href":"https:\/\/cliente1.publisher.highstack.com.ar\/index.php?rest_route=%2Fwp%2Fv2%2Fcomments&post=24583"}],"version-history":[{"count":0,"href":"https:\/\/cliente1.publisher.highstack.com.ar\/index.php?rest_route=\/wp\/v2\/posts\/24583\/revisions"}],"wp:featuredmedia":[{"embeddable":true,"href":"https:\/\/cliente1.publisher.highstack.com.ar\/index.php?rest_route=\/wp\/v2\/media\/24584"}],"wp:attachment":[{"href":"https:\/\/cliente1.publisher.highstack.com.ar\/index.php?rest_route=%2Fwp%2Fv2%2Fmedia&parent=24583"}],"wp:term":[{"taxonomy":"category","embeddable":true,"href":"https:\/\/cliente1.publisher.highstack.com.ar\/index.php?rest_route=%2Fwp%2Fv2%2Fcategories&post=24583"},{"taxonomy":"post_tag","embeddable":true,"href":"https:\/\/cliente1.publisher.highstack.com.ar\/index.php?rest_route=%2Fwp%2Fv2%2Ftags&post=24583"}],"curies":[{"name":"wp","href":"https:\/\/api.w.org\/{rel}","templated":true}]}}