{"id":24577,"date":"2026-09-01T14:51:42","date_gmt":"2026-09-01T17:51:42","guid":{"rendered":"https:\/\/cliente1.publisher.highstack.com.ar\/?p=24577"},"modified":"2026-09-01T14:51:42","modified_gmt":"2026-09-01T17:51:42","slug":"jorge-macri-pilar-ramirez-es-la-formula-de-consenso-en-caba-la-especulacion-del-pro-y-la-respuesta-de-lla","status":"publish","type":"post","link":"https:\/\/cliente1.publisher.highstack.com.ar\/?p=24577","title":{"rendered":"\u00bfJorge Macri-Pilar Ram\u00edrez es la f\u00f3rmula de consenso en CABA? La especulaci\u00f3n del PRO y la respuesta de LLA"},"content":{"rendered":"<div>\n<div class=\"jwplayer-ctn\"><figcaption class=\"jwplayer-figcaption\">El diputado macrista afirm\u00f3 que la definici\u00f3n de los candidatos porte\u00f1os quedar\u00e1 en manos de su partido, imagin\u00f3 f\u00f3rmulas compartidas en los 24 distritos del pa\u00eds y condicion\u00f3 la eliminaci\u00f3n de las primarias a la existencia de una alternativa clara<\/figcaption><\/div>\n<div class=\"sharebar-container display_flex sharebar-new\" style=\"opacity:1\">\n<p><span class=\"sharebar-article-date\">01 Sep, 2026 01:06 p. m. EST<\/span><\/p>\n<\/div>\n<p class=\"paragraph\" data-paragraph-number=\"1\">En paralelo a la discusi\u00f3n electoral que comenz\u00f3 entre <b>La Libertad Avanza<\/b> y el <b>PRO<\/b> para avanzar en un frente com\u00fan, con dos reuniones en <b>Casa Rosada<\/b> en menos de 15 d\u00edas encabezadas por el jefe de Gabinete, <b>Diego Santilli<\/b>, uno de los focos de atenci\u00f3n es la situaci\u00f3n en la <b>Ciudad de Buenos Aires<\/b>. En este marco, el diputado nacional <b>Fernando De Andreis<\/b>, hombre de confianza de <b>Mauricio Macri<\/b>, aliment\u00f3 en las \u00faltimas horas la especulaci\u00f3n de un acuerdo con una f\u00f3rmula integrada por el actual jefe de Gobierno, <b>Jorge Macri<\/b>, y la legisladora porte\u00f1a libertaria <b>Pilar Ram\u00edrez<\/b>.<\/p>\n<p class=\"paragraph\" data-paragraph-number=\"2\"><u><b>\u201cSi hay un acuerdo, el candidato es el que defina el PRO\u201d<\/b><\/u>, se\u00f1al\u00f3 el diputado en una entrevista en <b>A24<\/b> y, ante la consulta del periodista <b>Luis Novaresio<\/b> sobre una posible f\u00f3rmula Jorge Macri-Pilar Ram\u00edrez, respondi\u00f3 sin matices: \u201cS\u00ed\u201d.<\/p>\n<p class=\"paragraph\" data-paragraph-number=\"3\">Esta postura tiene como marco un proceso pol\u00edtico que LLA comenz\u00f3 en CABA para diferenciarse del PRO, con recorridas y actividades de la propia Pilar Ram\u00edrez junto a los principales ministros del gobierno nacional, y cuestionamientos directos a la gesti\u00f3n porte\u00f1a de Jorge Macri. <b>Luis Caputo<\/b> la acompa\u00f1\u00f3 a la inauguraci\u00f3n de la sucursal 100 de una reconocida helader\u00eda en Las Ca\u00f1itas; la secretaria general de la Presidencia, <b>Karina Milei,<\/b> estuvo a su lado en una visita a una f\u00e1brica de muebles en Villa Lugano; y el propio Santilli se sum\u00f3 a una recorrida en Belgrano.<\/p>\n<div class=\"visual__image\"><picture><source srcset=\"https:\/\/www.infobae.com\/resizer\/v2\/4FWGUWFSPVGEBJJ4HLXFFXXY5A.png?auth=20e4f613738f9b0956b72f0e86735e1e8daabd2ee2f7e795a3794f068c33f62b&amp;smart=true&amp;width=992&amp;height=554&amp;quality=85\" media=\"(min-width: 1000px)\"\/><source srcset=\"https:\/\/www.infobae.com\/resizer\/v2\/4FWGUWFSPVGEBJJ4HLXFFXXY5A.png?auth=20e4f613738f9b0956b72f0e86735e1e8daabd2ee2f7e795a3794f068c33f62b&amp;smart=true&amp;width=768&amp;height=429&amp;quality=85\" media=\"(min-width: 768px)\"\/><source srcset=\"https:\/\/www.infobae.com\/resizer\/v2\/4FWGUWFSPVGEBJJ4HLXFFXXY5A.png?auth=20e4f613738f9b0956b72f0e86735e1e8daabd2ee2f7e795a3794f068c33f62b&amp;smart=true&amp;width=577&amp;height=322&amp;quality=85\" media=\"(min-width: 580px)\"\/><source srcset=\"https:\/\/www.infobae.com\/resizer\/v2\/4FWGUWFSPVGEBJJ4HLXFFXXY5A.png?auth=20e4f613738f9b0956b72f0e86735e1e8daabd2ee2f7e795a3794f068c33f62b&amp;smart=true&amp;width=420&amp;height=234&amp;quality=85\" media=\"(min-width: 350px)\"\/><source srcset=\"https:\/\/www.infobae.com\/resizer\/v2\/4FWGUWFSPVGEBJJ4HLXFFXXY5A.png?auth=20e4f613738f9b0956b72f0e86735e1e8daabd2ee2f7e795a3794f068c33f62b&amp;smart=true&amp;width=350&amp;height=195&amp;quality=85\" media=\"(min-width: 80px)\"\/><\/picture><\/div>\n<p class=\"paragraph\" data-paragraph-number=\"4\">Inclusive, el legislador <b>Juan Pablo Arenaza<\/b> fue m\u00e1s all\u00e1 el pasado viernes: \u201c<u><b>Queremos gobernar Buenos Aires con nuestro propio candidato<\/b><\/u><b>\u201d<\/b>, se\u00f1al\u00f3 en <b>Infobae en Vivo<\/b>.<\/p>\n<p class=\"paragraph\" data-paragraph-number=\"5\">En esta l\u00ednea, un importante dirigente libertario del distrito porte\u00f1o, consultado por <i>Infobae<\/i>, rechaz\u00f3 la especulaci\u00f3n del PRO y asegur\u00f3: \u201cNo estamos pensando<b> en eso para nada; que el PRO defina su candidato, que el nuestro lo vamos a discutir nosotros\u201d<\/b>. \u201cTenemos muchos temas interesantes de gesti\u00f3n para hablar antes; cuando te qued\u00e1s sin temas, empez\u00e1s a hablar de candidaturas\u201d, cuestion\u00f3.<\/p>\n<p class=\"paragraph\" data-paragraph-number=\"6\">Distinta fue la lectura desde la sede del gobierno porte\u00f1o, en la calle Uspallata de Parque Patricios. <b>\u201cFernando es uno de los que integra la mesa de acuerdo que defini\u00f3 el PRO y LLA, por supuesto que tiene autoridad para plasmar sus ideas.<\/b> Despu\u00e9s, cuando tenga que informarse algo a nivel partido, se har\u00e1 org\u00e1nicamente como siempre\u201d, sostuvo a este medio un importante funcionario que, a su vez, no descart\u00f3 la posibilidad de una f\u00f3rmula compartida con LLA: <b>\u201cSi es parte de un acuerdo, podr\u00eda ser\u201d<\/b>.<\/p>\n<div class=\"jwplayer-ctn\"><figcaption class=\"jwplayer-figcaption\">El legislador porte\u00f1o de La Libertad Avanza, Juan Pablo Arenaza, opina sobre el estilo de liderazgo del presidente Javier Milei, al que describe como un &#8220;clima de \u00e9poca&#8221;. Adem\u00e1s, analiza la posibilidad de un acuerdo con el PRO y critica la gesti\u00f3n actual en la Ciudad de Buenos Aires.<\/figcaption><\/div>\n<p class=\"paragraph\" data-paragraph-number=\"7\">El \u00faltimo encuentro entre representantes de ambas fuerzas, el pasado jueves, se celebr\u00f3 en un clima distendido, poco despu\u00e9s de que el oficialismo obtuviera dos victorias en el Congreso: la media sanci\u00f3n de la reforma de la Carta Org\u00e1nica del <b>Banco Central de la Rep\u00fablica Argentina<\/b> (BCRA) y la aprobaci\u00f3n de la ley de Inocencia Fiscal II.<\/p>\n<p class=\"paragraph\" data-paragraph-number=\"8\">La reuni\u00f3n, que dur\u00f3 poco menos de dos horas, fue encabezada por Santilli junto a <b>Mart\u00edn Menem<\/b> y <b>Eduardo \u201cLule\u201d Menem<\/b>, y cont\u00f3 con la presencia de Ritondo y De Andreis por parte del PRO. Seg\u00fan se inform\u00f3, Santilli abri\u00f3 el encuentro con un repaso del estado de la econom\u00eda, con datos del <b>Estimador Mensual de Actividad Econ\u00f3mica<\/b> (EMAE). \u201cNos llevamos una dosis de tranquilidad. Vemos que hay trece de los quince indicadores que mide el EMAE que est\u00e1n creciendo\u201d, describi\u00f3 De Andreis al salir.<\/p>\n<p class=\"paragraph\" data-paragraph-number=\"9\">Aunque no se convers\u00f3 sobre candidaturas puntuales, s\u00ed iniciaron el debate para formalizar un frente electoral en toda la Argentina, aunque se reserv\u00f3 el repaso de los distritos que gobierna el PRO, como la Ciudad de Buenos Aires, Entre R\u00edos y Chubut, para otro encuentro.<\/p>\n<p class=\"paragraph\" data-paragraph-number=\"10\">Seg\u00fan precis\u00f3 Ritondo, <b>ya hay 17 distritos en los que hay un acuerdo pr\u00e1cticamente cerrado<\/b> o las conversaciones est\u00e1n muy avanzadas, incluidos los casos de aliados radicales como <b>Alfredo Cornejo<\/b> en Mendoza y <b>Marcelo Orrego<\/b> en San Juan. Respecto de la Ciudad, el jefe del bloque PRO fue cauteloso pero dej\u00f3 abierta la puerta: <b>\u201cTrabajaremos para ir juntos en todo el pa\u00eds, no para ir en un distrito s\u00ed y otro no\u201d<\/b>, aunque aclar\u00f3 que \u201cfalta much\u00edsimo para eso\u201d.<\/p>\n<\/div>\n<p><script defer>try{!function(f,b,e,v,n,t,s) {if(f.fbq)return;n=f.fbq=function(){n.callMethod? n.callMethod.apply(n,arguments):n.queue.push(arguments)}; if(!f._fbq)f._fbq=n;n.push=n;n.loaded=!0;n.version='2.0'; n.queue=[];t=b.createElement(e);t.async=!0; t.src=v;s=b.getElementsByTagName(e)[0]; s.parentNode.insertBefore(t,s)}(window, document,'script', ' fbq('init', '336383993555320'); fbq('track', 'PageView'); fbq('track', 'ViewContent');}catch(error){console.log(\"Error al inicializar facebookPixelRawCodeScript:\",error);}<\/script><\/p>\n","protected":false},"excerpt":{"rendered":"<p>El diputado macrista afirm\u00f3 que la definici\u00f3n de los candidatos porte\u00f1os quedar\u00e1 en manos de su partido, imagin\u00f3 f\u00f3rmulas compartidas en los 24 distritos del pa\u00eds y condicion\u00f3 la eliminaci\u00f3n de las primarias a la existencia de una alternativa clara 01 Sep, 2026 01:06 p. m. EST En paralelo a la discusi\u00f3n electoral que comenz\u00f3 [&hellip;]<\/p>\n","protected":false},"author":1,"featured_media":24578,"comment_status":"open","ping_status":"open","sticky":false,"template":"","format":"standard","meta":{"footnotes":""},"categories":[1],"tags":[4],"class_list":["post-24577","post","type-post","status-publish","format-standard","has-post-thumbnail","hentry","category-uncategorized","tag-entre-rios"],"_links":{"self":[{"href":"https:\/\/cliente1.publisher.highstack.com.ar\/index.php?rest_route=\/wp\/v2\/posts\/24577","targetHints":{"allow":["GET"]}}],"collection":[{"href":"https:\/\/cliente1.publisher.highstack.com.ar\/index.php?rest_route=\/wp\/v2\/posts"}],"about":[{"href":"https:\/\/cliente1.publisher.highstack.com.ar\/index.php?rest_route=\/wp\/v2\/types\/post"}],"author":[{"embeddable":true,"href":"https:\/\/cliente1.publisher.highstack.com.ar\/index.php?rest_route=\/wp\/v2\/users\/1"}],"replies":[{"embeddable":true,"href":"https:\/\/cliente1.publisher.highstack.com.ar\/index.php?rest_route=%2Fwp%2Fv2%2Fcomments&post=24577"}],"version-history":[{"count":0,"href":"https:\/\/cliente1.publisher.highstack.com.ar\/index.php?rest_route=\/wp\/v2\/posts\/24577\/revisions"}],"wp:featuredmedia":[{"embeddable":true,"href":"https:\/\/cliente1.publisher.highstack.com.ar\/index.php?rest_route=\/wp\/v2\/media\/24578"}],"wp:attachment":[{"href":"https:\/\/cliente1.publisher.highstack.com.ar\/index.php?rest_route=%2Fwp%2Fv2%2Fmedia&parent=24577"}],"wp:term":[{"taxonomy":"category","embeddable":true,"href":"https:\/\/cliente1.publisher.highstack.com.ar\/index.php?rest_route=%2Fwp%2Fv2%2Fcategories&post=24577"},{"taxonomy":"post_tag","embeddable":true,"href":"https:\/\/cliente1.publisher.highstack.com.ar\/index.php?rest_route=%2Fwp%2Fv2%2Ftags&post=24577"}],"curies":[{"name":"wp","href":"https:\/\/api.w.org\/{rel}","templated":true}]}}