{"id":24572,"date":"2026-09-01T13:41:31","date_gmt":"2026-09-01T16:41:31","guid":{"rendered":"https:\/\/cliente1.publisher.highstack.com.ar\/?p=24572"},"modified":"2026-09-01T13:41:31","modified_gmt":"2026-09-01T16:41:31","slug":"prorrogaron-la-domiciliaria-al-acusado-de-chocar-alcoholizado-y-matar-a-un-policia-retirado","status":"publish","type":"post","link":"https:\/\/cliente1.publisher.highstack.com.ar\/?p=24572","title":{"rendered":"Prorrogaron la domiciliaria al acusado de chocar alcoholizado y matar a un polic\u00eda retirado"},"content":{"rendered":"<p><\/p>\n<div>\n<p><b>Prorrogaron la prisi\u00f3n domiciliaria al acusado de chocar alcoholizado y provocar la muerte de un motociclista en Paran\u00e1.<\/b> El juez de Garant\u00edas Elvio Garz\u00f3n hizo lugar este martes al acuerdo entre las partes y dispuso que <b>Agust\u00edn Ezequiel Alba<\/b>, de 24 a\u00f1os, contin\u00fae bajo arresto domiciliario durante otros 45 d\u00edas mientras avanza la investigaci\u00f3n. <\/p>\n<p><!-- is a <br \/>--><\/p>\n<p>\u00a0<\/p>\n<p><!-- is a <br \/>--><\/p>\n<p>Alba, chofer profesional oriundo de Crespo, est\u00e1 acusado por el siniestro vial ocurrido alrededor de las 6:15 en avenida Circunvalaci\u00f3n Jos\u00e9 Hern\u00e1ndez, sobre el puente que cruza calle Blas Parera. Seg\u00fan la acusaci\u00f3n, conduc\u00eda un Toyota Yaris y colision\u00f3 desde atr\u00e1s la Honda Storm 125 en la que circulaba <b>Roberto Daniel Galv\u00e1n, un polic\u00eda retirado de 52 a\u00f1os que muri\u00f3 en el lugar.<\/b> <\/p>\n<p><!-- is a <br \/>--><\/p>\n<p>\u00a0<\/p>\n<p><!-- is a <br \/>--><\/p>\n<p>La acusaci\u00f3n sostiene que Alba conduc\u00eda bajo los efectos del alcohol y que actu\u00f3 de \u201cmanera <b>imprudente, negligente y antirreglamentaria<\/b> en virtud de estar bajo los efectos del alcohol, sin observar el deber de cuidado objetivo a su cargo\u201d. Actualmente enfrenta una imputaci\u00f3n por homicidio doloso agravado, aunque la Fiscal\u00eda anticip\u00f3 que la calificaci\u00f3n legal podr\u00eda modificarse seg\u00fan los resultados de las medidas pendientes. <\/p>\n<p><!-- is a <br \/>--><\/p>\n<p><!-- is a object --><br \/>\n<!-- embed start --><\/p>\n<figure class=\"embed\">\n<p>    <img decoding=\"async\" src=\"https:\/\/elonce-media.elonce.com\/fotos\/2026\/09\/01\/e_1788280386_97787.webp\" loading=\"lazy\" width=\"600\" height=\"400\" alt=\"Agust\u00edn Ezequiel Alba (gentileza C\u00f3digos)\"\/><figcaption>\n            <span>Agust\u00edn Ezequiel Alba (gentileza C\u00f3digos)<\/span><br \/>\n        <\/figcaption><\/figure>\n<p><!-- embed end --><br \/>\n<!-- end object --><\/p>\n<p><!-- is a object --><\/p>\n<h2>Por qu\u00e9 continuar\u00e1 con arresto domiciliario<\/h2>\n<p><!-- end object --><\/p>\n<p>\u00a0<\/p>\n<p><!-- is a <br \/>--><\/p>\n<p>Durante la audiencia, el fiscal Juan Manuel Pereyra solicit\u00f3 extender la medida de coerci\u00f3n al considerar que contin\u00faan vigentes los <b>riesgos procesales<\/b> evaluados cuando el juez Eduardo Ruhl, durante la Feria Judicial, dispuso inicialmente la <b>prisi\u00f3n preventiva bajo modalidad domiciliaria<\/b>. <\/p>\n<p><!-- is a <br \/>--><\/p>\n<p>\u00a0<\/p>\n<p><!-- is a <br \/>--><\/p>\n<p>Pereyra plante\u00f3 principalmente la existencia de peligro de entorpecimiento de la investigaci\u00f3n. Explic\u00f3 que durante las \u00faltimas semanas se incorporaron diferentes informes solicitados por las partes, algunos de ellos requeridos por la propia defensa, que resultan relevantes para reconstruir las circunstancias del hecho. <\/p>\n<p><!-- is a <br \/>--><\/p>\n<p>\u00a0<\/p>\n<p><!-- is a <br \/>--><\/p>\n<p>Entre las medidas pendientes aparece el an\u00e1lisis del informe toxicol\u00f3gico realizado al imputado el lunes 31 de agosto. Tambi\u00e9n se aguarda el informe definitivo de accidentolog\u00eda vial sobre el veh\u00edculo que conduc\u00eda Alba, cuyo estado despu\u00e9s del impacto dificult\u00f3 las pericias. <\/p>\n<p><!-- is a <br \/>--><\/p>\n<p><!-- is a object --><br \/>\n<!-- embed start --><\/p>\n<figure class=\"embed\">\n<p>    <img decoding=\"async\" src=\"https:\/\/elonce-media.elonce.com\/fotos\/2026\/07\/18\/e_1784382971_90129.webp\" loading=\"lazy\" width=\"600\" height=\"400\" alt=\"Fatal accidente en Paran\u00e1 (archivo)\"\/><figcaption>\n            <span>Fatal accidente en Paran\u00e1 (archivo)<\/span><br \/>\n        <\/figcaption><\/figure>\n<p><!-- embed end --><br \/>\n<!-- end object --><\/p>\n<p><!-- is a object --><\/p>\n<h2>La acusaci\u00f3n podr\u00eda modificarse<\/h2>\n<p><!-- end object --><\/p>\n<p>\u00a0<\/p>\n<p><!-- is a <br \/>--><\/p>\n<p>El fiscal adelant\u00f3 durante la audiencia que la calificaci\u00f3n legal actualmente atribuida al acusado podr\u00eda cambiar una vez que se analicen todos los elementos que todav\u00eda resta recibir e incorporar al expediente. <\/p>\n<p><!-- is a <br \/>--><\/p>\n<p>\u00a0<\/p>\n<p><!-- is a <br \/>--><\/p>\n<p>El abogado Joaqu\u00edn Ivanovich, querellante en representaci\u00f3n de dos hijos menores de Galv\u00e1n, explic\u00f3 que el expediente permanece en una instancia de producci\u00f3n de prueba. &#8220;Estamos recolectando informes que van a ser muy decisivos y definitorios en lo que refiere a la investigaci\u00f3n y posteriormente el encuadre jur\u00eddico que amerita el proceso para una futura acusaci\u00f3n\u201d, se\u00f1al\u00f3. <\/p>\n<p><!-- is a <br \/>--><\/p>\n<p>\u00a0<\/p>\n<p><!-- is a <br \/>--><\/p>\n<p>\u201cHoy estamos en una etapa en la que estamos evaluando la acusaci\u00f3n definitiva. Nosotros estamos verificando bien para poder representar de la mejor manera los intereses de nuestro representado\u201d, agreg\u00f3 Ivanovich. <\/p>\n<p><!-- is a <br \/>--><\/p>\n<p><!-- is a object --><br \/>\n<!-- embed start --><\/p>\n<figure class=\"embed\">\n<p>    <img decoding=\"async\" src=\"https:\/\/elonce-media.elonce.com\/fotos\/2026\/07\/18\/e_1784375221_58504.webp\" loading=\"lazy\" width=\"600\" height=\"400\" alt=\"Fatal accidente en Paran\u00e1 (archivo Elonce)\"\/><figcaption>\n            <span>Fatal accidente en Paran\u00e1 (archivo Elonce)<\/span><br \/>\n        <\/figcaption><\/figure>\n<p><!-- embed end --><br \/>\n<!-- end object --><\/p>\n<p><!-- is a object --><\/p>\n<h2>Los hijos de Galv\u00e1n fueron informados del acuerdo<\/h2>\n<p><!-- end object --><\/p>\n<p>\u00a0<\/p>\n<p><!-- is a <br \/>--><\/p>\n<p>El querellante Dami\u00e1n Petenatti, representante de dos hijas mayores de la v\u00edctima, acompa\u00f1\u00f3 la pr\u00f3rroga de la domiciliaria y sostuvo que tambi\u00e9n permanece vigente el peligro de fuga. Adem\u00e1s, inform\u00f3 que sus representadas conoc\u00edan los t\u00e9rminos del acuerdo y prestaron su consentimiento. <\/p>\n<p><!-- is a <br \/>--><\/p>\n<p>\u00a0<\/p>\n<p><!-- is a <br \/>--><\/p>\n<p>La misma postura adoptaron Ivanovich y Nicol\u00e1s Kaiser, quienes representan a los dos hijos menores de Galv\u00e1n. Ambos compartieron los argumentos de la Fiscal\u00eda y advirtieron que, ante un eventual incumplimiento de las condiciones impuestas al acusado, solicitar\u00e1n las medidas judiciales correspondientes. <\/p>\n<p><!-- is a <br \/>--><\/p>\n<p>\u00a0<\/p>\n<p><!-- is a <br \/>--><\/p>\n<p>Por su parte, la defensa de Alba, ejercida por Naim Chemez y Gonzalo Meglio, acept\u00f3 la extensi\u00f3n de la medida y destac\u00f3 que durante el primer per\u00edodo de arresto domiciliario no se registraron incumplimientos. Aclar\u00f3, adem\u00e1s, que aceptar la pr\u00f3rroga no implica reconocimiento alguno de responsabilidad y adelant\u00f3 que, si la situaci\u00f3n contin\u00faa de la misma manera, pedir\u00e1 una morigeraci\u00f3n de la medida. <\/p>\n<p><!-- is a <br \/>--><\/p>\n<p><!-- is a object --><br \/>\n<!-- embed start --><\/p>\n<figure class=\"embed\">\n<p>    <img decoding=\"async\" src=\"https:\/\/elonce-media.elonce.com\/fotos\/2026\/07\/18\/e_1784386585_77662.webp\" loading=\"lazy\" width=\"600\" height=\"400\" alt=\"Fatal accidente en Paran\u00e1 (archivo Elonce)\"\/><figcaption>\n            <span>Fatal accidente en Paran\u00e1 (archivo Elonce)<\/span><br \/>\n        <\/figcaption><\/figure>\n<p><!-- embed end --><br \/>\n<!-- end object --><\/p>\n<p><!-- is a object --><\/p>\n<h2>Qui\u00e9n era Roberto Galv\u00e1n<\/h2>\n<p><!-- end object --><\/p>\n<p>\u00a0<\/p>\n<p><!-- is a <br \/>--><\/p>\n<p>Kaiser record\u00f3 que <b>Galv\u00e1n era un polic\u00eda retirado<\/b> oriundo de Alcaraz, departamento La Paz, y que durante su carrera tambi\u00e9n prest\u00f3 servicios en Colonia Avigdor y otras localidades de la zona. <\/p>\n<p><!-- is a <br \/>--><\/p>\n<p>\u00a0<\/p>\n<p><!-- is a <br \/>--><\/p>\n<p><b>\u201cEra un polic\u00eda que era muy querido<\/b> tanto en Avigdor como en Alcaraz y Bovril, donde ejerci\u00f3 su profesi\u00f3n los \u00faltimos a\u00f1os\u201d, manifest\u00f3 el abogado. <\/p>\n<p><!-- is a <br \/>--><\/p>\n<p>\u00a0<\/p>\n<p><!-- is a <br \/>--><\/p>\n<p>En el \u00faltimo tiempo, Galv\u00e1n se encontraba viviendo en Paran\u00e1 y <b>trabajaba como sereno. \u201cDe hecho, la ma\u00f1ana en la que perdi\u00f3 la vida \u00e9l sal\u00eda de su trabajo\u201d,<\/b> complet\u00f3 Kaiser. <\/p>\n<p><!-- is a <br \/>--><\/p>\n<p><!-- is a object --><\/p>\n<h2> <\/h2>\n<p><!-- end object --><\/p>\n<p>\u00a0<\/p>\n<p><!-- is a <br \/>--><\/p>\n<p><!-- is a object --><\/p>\n<h2>C\u00f3mo seguir\u00e1 la causa<\/h2>\n<p><!-- end object --><\/p>\n<p>\u00a0<\/p>\n<p><!-- is a <br \/>--><\/p>\n<p>Alba fue trasladado desde Crespo hacia los Tribunales de Paran\u00e1 bajo custodia policial y esposado. Una vez presentado el acuerdo entre la Fiscal\u00eda, las querellas y la defensa, respondi\u00f3 las preguntas del juez Garz\u00f3n y manifest\u00f3 estar conforme con la renovaci\u00f3n de la medida. <\/p>\n<p><!-- is a <br \/>--><\/p>\n<p>\u00a0<\/p>\n<p><!-- is a <br \/>--><\/p>\n<p>Finalizada la audiencia, el joven fue retirado nuevamente esposado y <b>trasladado hacia Crespo,<\/b> donde continuar\u00e1 cumpliendo el <b>arresto domiciliario<\/b> durante los pr\u00f3ximos 45 d\u00edas mientras se completan las medidas probatorias. <\/p>\n<p><!-- is a <br \/>--><\/p>\n<p>\u00a0<\/p>\n<p><!-- is a <br \/>--><\/p>\n<p>Una vez incorporados y analizados los informes pendientes, se definir\u00e1 la acusaci\u00f3n y c\u00f3mo continuar\u00e1 el proceso. Entre las posibilidades procesales aparecen un eventual acuerdo de juicio abreviado, si se cumplen los requisitos legales y existe conformidad de las partes, o la elevaci\u00f3n de la causa a juicio oral para determinar la responsabilidad penal del acusado.<i> (con informaci\u00f3n de Uno y APF)<\/i><\/p>\n<\/p><\/div>\n","protected":false},"excerpt":{"rendered":"<p>Prorrogaron la prisi\u00f3n domiciliaria al acusado de chocar alcoholizado y provocar la muerte de un motociclista en Paran\u00e1. El juez de Garant\u00edas Elvio Garz\u00f3n hizo lugar este martes al acuerdo entre las partes y dispuso que Agust\u00edn Ezequiel Alba, de 24 a\u00f1os, contin\u00fae bajo arresto domiciliario durante otros 45 d\u00edas mientras avanza la investigaci\u00f3n. \u00a0 [&hellip;]<\/p>\n","protected":false},"author":1,"featured_media":17912,"comment_status":"open","ping_status":"open","sticky":false,"template":"","format":"standard","meta":{"footnotes":""},"categories":[1],"tags":[],"class_list":["post-24572","post","type-post","status-publish","format-standard","has-post-thumbnail","hentry","category-uncategorized"],"_links":{"self":[{"href":"https:\/\/cliente1.publisher.highstack.com.ar\/index.php?rest_route=\/wp\/v2\/posts\/24572","targetHints":{"allow":["GET"]}}],"collection":[{"href":"https:\/\/cliente1.publisher.highstack.com.ar\/index.php?rest_route=\/wp\/v2\/posts"}],"about":[{"href":"https:\/\/cliente1.publisher.highstack.com.ar\/index.php?rest_route=\/wp\/v2\/types\/post"}],"author":[{"embeddable":true,"href":"https:\/\/cliente1.publisher.highstack.com.ar\/index.php?rest_route=\/wp\/v2\/users\/1"}],"replies":[{"embeddable":true,"href":"https:\/\/cliente1.publisher.highstack.com.ar\/index.php?rest_route=%2Fwp%2Fv2%2Fcomments&post=24572"}],"version-history":[{"count":0,"href":"https:\/\/cliente1.publisher.highstack.com.ar\/index.php?rest_route=\/wp\/v2\/posts\/24572\/revisions"}],"wp:featuredmedia":[{"embeddable":true,"href":"https:\/\/cliente1.publisher.highstack.com.ar\/index.php?rest_route=\/wp\/v2\/media\/17912"}],"wp:attachment":[{"href":"https:\/\/cliente1.publisher.highstack.com.ar\/index.php?rest_route=%2Fwp%2Fv2%2Fmedia&parent=24572"}],"wp:term":[{"taxonomy":"category","embeddable":true,"href":"https:\/\/cliente1.publisher.highstack.com.ar\/index.php?rest_route=%2Fwp%2Fv2%2Fcategories&post=24572"},{"taxonomy":"post_tag","embeddable":true,"href":"https:\/\/cliente1.publisher.highstack.com.ar\/index.php?rest_route=%2Fwp%2Fv2%2Ftags&post=24572"}],"curies":[{"name":"wp","href":"https:\/\/api.w.org\/{rel}","templated":true}]}}