{"id":24556,"date":"2026-09-01T12:01:27","date_gmt":"2026-09-01T15:01:27","guid":{"rendered":"https:\/\/cliente1.publisher.highstack.com.ar\/?p=24556"},"modified":"2026-09-01T12:01:27","modified_gmt":"2026-09-01T15:01:27","slug":"una-condenada-por-un-fraude-millonario-al-estado-denuncio-a-un-historico-dirigente-del-pj","status":"publish","type":"post","link":"https:\/\/cliente1.publisher.highstack.com.ar\/?p=24556","title":{"rendered":"Una condenada por un fraude millonario al Estado denunci\u00f3 a un hist\u00f3rico dirigente del PJ"},"content":{"rendered":"<p> <br \/>\n<\/p>\n<div id=\"cuerpo\">\n<div class=\"sc-45461e9c-0 eqiBeF container-text text-embed \" id=\"element-body-0\">\n<p>La causa por las compensaciones impositivas fraudulentas dentro de la Administradora Tributaria de Entre R\u00edos (ATER), que investig\u00f3 maniobras de corrupci\u00f3n realizadas durante una d\u00e9cada, abri\u00f3 un nuevo frente judicial. Una de las ex funcionarias condenadas por el fraude denunci\u00f3 penalmente al ex titular del organismo Marcelo Casaretto y a cinco integrantes de la conducci\u00f3n que lo acompa\u00f1aron durante su gesti\u00f3n.<\/p>\n<\/div>\n<div class=\"sc-45461e9c-0 eqiBeF container-text text-embed \" id=\"element-body-1\">\n<p>La presentaci\u00f3n fue realizada por Mar\u00eda Estrella Mart\u00ednez de Yankelevich, ex jefa del Departamento Despacho de ATER, quien el 21 de agosto pasado admiti\u00f3 su responsabilidad en los hechos y fue condenada en un juicio abreviado. Ahora, la ex funcionaria sostiene que las operaciones por las que fue responsabilizada no podr\u00edan haberse realizado sin conocimiento y autorizaci\u00f3n de los niveles superiores del organismo.<\/p>\n<\/div>\n<div class=\"sc-45461e9c-0 eqiBeF container-text text-embed \" id=\"element-body-2\">\n<p>Adem\u00e1s de Casaretto -dirigente del PJ provincial y ex diputado nacional-, la denuncia alcanza a Dami\u00e1n Alcides Zoff, ex director de Impuestos; C\u00e9sar Del Castillo, ex director de Fiscalizaci\u00f3n Tributaria; Germ\u00e1n Gietz, ex director de Inform\u00e1tica; Federico Borra, ex director Jur\u00eddico; y Manuel Valiero, ex director de Interior.<\/p>\n<\/div>\n<div class=\"sc-45461e9c-0 eqiBeF container-text text-embed \" id=\"element-body-3\">\n<p>El planteo de Mart\u00ednez de Yankelevich introduce as\u00ed un nuevo interrogante en un expediente que hasta ahora hab\u00eda concentrado las responsabilidades penales en quienes intervinieron directamente en la instrumentaci\u00f3n de las operaciones fraudulentas.<\/p>\n<\/div>\n<div class=\"sc-45461e9c-0 eqiBeF container-text text-embed \" id=\"element-body-4\">\n<p>La investigaci\u00f3n reconstruy\u00f3 un mecanismo mediante el cual se incorporaba informaci\u00f3n falsa al sistema tributario provincial para generar cr\u00e9ditos fiscales inexistentes a favor de determinados contribuyentes. Esos saldos ficticios permit\u00edan posteriormente compensar y cancelar obligaciones impositivas reales, aunque el dinero correspondiente nunca ingresaba al Estado entrerriano.<\/p>\n<\/div>\n<div class=\"sc-45461e9c-0 eqiBeF container-text text-embed \" id=\"element-body-5\">\n<p>Las maniobras investigadas abarcaron el per\u00edodo comprendido entre 2004 y 2014 y quedaron distribuidas en tres grandes expedientes. El perjuicio calculado fue de unos $8 millones para las operaciones realizadas entre 2004 y 2007; otros $20 millones entre 2008 y 2011; y m\u00e1s de $18 millones correspondientes al per\u00edodo 2012-2014.<\/p>\n<\/div>\n<div class=\"sc-45461e9c-0 eqiBeF container-text text-embed \" id=\"element-body-6\">\n<p>Se trata de aproximadamente $46 millones a valores nominales de aquellos a\u00f1os. Si se realiza una actualizaci\u00f3n estimativa mediante el Coeficiente de Estabilizaci\u00f3n de Referencia (CER), diferenciando cada uno de los per\u00edodos, la cifra rondar\u00eda actualmente los $14.700 millones, equivalentes a unos US$9,7 millones al tipo de cambio mayorista de agosto de 2026.<\/p>\n<\/div>\n<div class=\"sc-45461e9c-0 eqiBeF container-text text-embed \" id=\"element-body-7\">\n<p>La investigaci\u00f3n judicial se inici\u00f3 en junio de 2014. Con el avance de la pesquisa se incorporaron operaciones correspondientes a a\u00f1os anteriores y la investigaci\u00f3n termin\u00f3 retrocediendo hasta 2004.<\/p>\n<\/div>\n<div class=\"sc-45461e9c-0 eqiBeF container-text text-embed \" id=\"element-body-8\">\n<p>En diciembre de 2017 se defini\u00f3 la situaci\u00f3n procesal de 180 imputados. Casi nueve a\u00f1os despu\u00e9s, el 21 de agosto de 2026, el vocal Alejandro Diego Grippo, del Tribunal de Juicios y Apelaciones N\u00ba 6 de Paran\u00e1, dict\u00f3 sentencia mediante un procedimiento de juicio abreviado. Entre los condenados quedaron Mart\u00ednez de Yankelevich y Abelardo Daniel Gaggi\u00f3n.<\/p>\n<\/div>\n<div class=\"sc-45461e9c-0 eqiBeF container-text text-embed \" id=\"element-body-9\">\n<p>Fue despu\u00e9s de esa sentencia cuando la ex jefa de Despacho decidi\u00f3 avanzar contra quienes ocupaban los principales cargos de conducci\u00f3n del organismo.<\/p>\n<\/div>\n<div class=\"sc-45461e9c-0 eqiBeF container-text text-embed \" id=\"element-body-10\">\n<p>Casaretto se defendi\u00f3 p\u00fablicamente tras esta nueva denuncia penal que lo menciona. <strong>Sostuvo que fue \u00e9l quien descubri\u00f3 y denunci\u00f3 en 2014 la maniobra de compensaciones fraudulentas en ATER. <\/strong>Tambi\u00e9n afirm\u00f3 que las acusaciones en su contra ya hab\u00edan sido descartadas por la Justicia y que durante su gesti\u00f3n se recuper\u00f3 \u201ctodo el dinero\u201d defraudado.<\/p>\n<\/div>\n<div class=\"sc-45461e9c-0 eqiBeF container-text text-embed \" id=\"element-body-11\">\n<p>En su presentaci\u00f3n, Mart\u00ednez de Yankelevich no desconoce la responsabilidad que ella misma admiti\u00f3 ante la Justicia, pero asegura que la operatoria exced\u00eda ampliamente sus posibilidades de actuaci\u00f3n. Afirma que \u201cjam\u00e1s\u201d podr\u00eda haber realizado las maniobras sin la \u201caprobaci\u00f3n y consentimiento expreso y claro\u201d de Casaretto y de las m\u00e1ximas autoridades de ATER.<\/p>\n<\/div>\n<div class=\"sc-45461e9c-0 eqiBeF container-text text-embed \" id=\"element-body-12\">\n<p>La denunciante sostiene adem\u00e1s que los directores conoc\u00edan los mecanismos mediante los cuales se modificaba la informaci\u00f3n de los contribuyentes y ten\u00edan intervenci\u00f3n en el circuito administrativo por el que expedientes y resoluciones llegaban hasta quienes finalmente cargaban las operaciones en el sistema.<\/p>\n<\/div>\n<div class=\"sc-45461e9c-0 eqiBeF container-text text-embed \" id=\"element-body-13\">\n<p>Uno de los puntos que pide investigar se remonta a 2012. Seg\u00fan su versi\u00f3n, un auditor y el entonces director de Interior habr\u00edan advertido a Casaretto acerca de movimientos detectados en las cuentas corrientes de determinados contribuyentes. Mart\u00ednez de Yankelevich asegura que el entonces director ejecutivo hizo \u201ccaso omiso\u201d de ese aviso.<\/p>\n<\/div>\n<div class=\"sc-45461e9c-0 eqiBeF container-text text-embed \" id=\"element-body-14\">\n<p>Tambi\u00e9n sostiene que Casaretto y los integrantes de su conducci\u00f3n dispon\u00edan de claves inform\u00e1ticas con niveles de autorizaci\u00f3n superiores que permit\u00edan realizar movimientos sobre las cuentas de los contribuyentes y efectuar compensaciones. En respaldo de esa hip\u00f3tesis menciona una pericia inform\u00e1tica que, seg\u00fan afirma, habr\u00eda expuesto vulnerabilidades en el sistema utilizado por el organismo.<\/p>\n<\/div>\n<div class=\"sc-45461e9c-0 eqiBeF container-text text-embed \" id=\"element-body-15\">\n<p>La ex funcionaria solicit\u00f3, adem\u00e1s, que la Justicia investigue su propia evoluci\u00f3n patrimonial y la de Gaggi\u00f3n, Casaretto y los otros cinco ex directores. <strong>Tambi\u00e9n pidi\u00f3 ser citada para ratificar la denuncia, ampliar sus dichos y precisar cu\u00e1l habr\u00eda sido, seg\u00fan su versi\u00f3n, la participaci\u00f3n de cada uno.<\/strong><\/p>\n<\/div>\n<div class=\"sc-45461e9c-0 eqiBeF container-text text-embed \" id=\"element-body-16\">\n<p>La presentaci\u00f3n deber\u00e1 atravesar ahora una nueva instancia judicial para establecer si existen elementos que permitan abrir una investigaci\u00f3n sobre los ex funcionarios se\u00f1alados.<\/p>\n<\/div>\n<div class=\"sc-45461e9c-0 eqiBeF container-text text-embed \" id=\"element-body-17\">\n<p>Casaretto, contador p\u00fablico y dirigente del peronismo entrerriano, desarroll\u00f3 buena parte de su carrera dentro del Estado. Comenz\u00f3 en 1993 como director de Relaciones con las Provincias del Ministerio de Econom\u00eda de la Naci\u00f3n y posteriormente ocup\u00f3 distintos cargos provinciales. Fue ministro de Econom\u00eda, Obras y Servicios P\u00fablicos de Entre R\u00edos durante la gobernaci\u00f3n de Jorge Busti, senador provincial y asesor de la Gobernaci\u00f3n y la Vicegobernaci\u00f3n.<\/p>\n<\/div>\n<div class=\"sc-45461e9c-0 eqiBeF container-text text-embed \" id=\"element-body-18\">\n<p>Entre 2011 y 2015, durante la segunda gobernaci\u00f3n de Sergio Urribarri, estuvo al frente de ATER, per\u00edodo que coincide con una parte de las operaciones fraudulentas investigadas. Luego fue asesor durante la gesti\u00f3n de Gustavo Bordet, presidi\u00f3 el Instituto Aut\u00e1rquico de Planeamiento y Vivienda (IAPV) y, entre diciembre de 2019 y diciembre de 2023, ocup\u00f3 una banca como diputado nacional por el Frente de Todos.<\/p>\n<\/div>\n<\/div>\n","protected":false},"excerpt":{"rendered":"<p>La causa por las compensaciones impositivas fraudulentas dentro de la Administradora Tributaria de Entre R\u00edos (ATER), que investig\u00f3 maniobras de corrupci\u00f3n realizadas durante una d\u00e9cada, abri\u00f3 un nuevo frente judicial. Una de las ex funcionarias condenadas por el fraude denunci\u00f3 penalmente al ex titular del organismo Marcelo Casaretto y a cinco integrantes de la conducci\u00f3n [&hellip;]<\/p>\n","protected":false},"author":1,"featured_media":24557,"comment_status":"open","ping_status":"open","sticky":false,"template":"","format":"standard","meta":{"footnotes":""},"categories":[1],"tags":[4,2214,69,2285,99],"class_list":["post-24556","post","type-post","status-publish","format-standard","has-post-thumbnail","hentry","category-uncategorized","tag-entre-rios","tag-entrerriano","tag-gustavo-bordet","tag-marcelo-casaretto","tag-sergio-urribarri"],"_links":{"self":[{"href":"https:\/\/cliente1.publisher.highstack.com.ar\/index.php?rest_route=\/wp\/v2\/posts\/24556","targetHints":{"allow":["GET"]}}],"collection":[{"href":"https:\/\/cliente1.publisher.highstack.com.ar\/index.php?rest_route=\/wp\/v2\/posts"}],"about":[{"href":"https:\/\/cliente1.publisher.highstack.com.ar\/index.php?rest_route=\/wp\/v2\/types\/post"}],"author":[{"embeddable":true,"href":"https:\/\/cliente1.publisher.highstack.com.ar\/index.php?rest_route=\/wp\/v2\/users\/1"}],"replies":[{"embeddable":true,"href":"https:\/\/cliente1.publisher.highstack.com.ar\/index.php?rest_route=%2Fwp%2Fv2%2Fcomments&post=24556"}],"version-history":[{"count":0,"href":"https:\/\/cliente1.publisher.highstack.com.ar\/index.php?rest_route=\/wp\/v2\/posts\/24556\/revisions"}],"wp:featuredmedia":[{"embeddable":true,"href":"https:\/\/cliente1.publisher.highstack.com.ar\/index.php?rest_route=\/wp\/v2\/media\/24557"}],"wp:attachment":[{"href":"https:\/\/cliente1.publisher.highstack.com.ar\/index.php?rest_route=%2Fwp%2Fv2%2Fmedia&parent=24556"}],"wp:term":[{"taxonomy":"category","embeddable":true,"href":"https:\/\/cliente1.publisher.highstack.com.ar\/index.php?rest_route=%2Fwp%2Fv2%2Fcategories&post=24556"},{"taxonomy":"post_tag","embeddable":true,"href":"https:\/\/cliente1.publisher.highstack.com.ar\/index.php?rest_route=%2Fwp%2Fv2%2Ftags&post=24556"}],"curies":[{"name":"wp","href":"https:\/\/api.w.org\/{rel}","templated":true}]}}