{"id":24552,"date":"2026-09-01T11:57:43","date_gmt":"2026-09-01T14:57:43","guid":{"rendered":"https:\/\/cliente1.publisher.highstack.com.ar\/?p=24552"},"modified":"2026-09-01T11:57:43","modified_gmt":"2026-09-01T14:57:43","slug":"haakon-viii-juro-como-rey-de-noruega-sin-la-reina-mette-marit-a-su-lado","status":"publish","type":"post","link":"https:\/\/cliente1.publisher.highstack.com.ar\/?p=24552","title":{"rendered":"Haakon VIII jur\u00f3 como rey de Noruega sin la reina Mette Marit a su lado"},"content":{"rendered":"<div>\t\t<!-- { REGION4 --> <\/p>\n<article class=\"article-body article-body--first-paragraph\" data-td-script-src=\"https:\/\/www.ambito.com\/td\/modulos\/encuestas\/js\/function-embeds-min-version-1788235717.js\">\n<p id=\"p-1788269920376-738\" class=\"\">El rey Haakon VIII de Noruega jur\u00f3 este martes su cargo ante el Parlamento, en la primera gran ceremonia institucional desde que asumi\u00f3 la corona tras la muerte de su padre, Harald V. El acto estuvo marcado por la ausencia de su esposa, la reina Mette-Marit, quien contin\u00faa convaleciente tras un <strong>trasplante de pulm\u00f3n<\/strong>.<\/p>\n<\/article>\n<article class=\"article-body article-body--second-paragraph\">\n<p id=\"p-1788271900947-50990\" class=\"\">Haakon VIII, de <strong>53 a\u00f1os<\/strong>, se convirti\u00f3 autom\u00e1ticamente en rey el viernes tras el fallecimiento de Harald V, quien muri\u00f3 a los 89 a\u00f1os. En Noruega, el monarca cumple principalmente una funci\u00f3n <strong>representativa y ceremonial<\/strong>, por lo que su papel no implica intervenir directamente en la conducci\u00f3n cotidiana del gobierno.<\/p>\n<\/article>\n<article class=\"article-body article-body--third-paragraph\">\n<div contenteditable=\"false\" class=\"embed_cont type_video\" id=\"8272242-771258487_wrap\" style=\"opacity:1;height:auto;\">\n<div class=\"embed_wrapper-cont\" id=\"p-1788271033052-86827\">\n<div id=\"8272242-771258487_epigrafe\" class=\"embed_epigrafe\">\n<p id=\"p-1788271852857-90151\">Haakon VIII tiene 53 a\u00f1os y su funci\u00f3n como rey de Noruega es principalmente representativa y ceremonial.<\/p>\n<\/div>\n<p>Instagram: @detnorskekongehus<\/p>\n<\/div><\/div>\n<p id=\"p-1788271930916-61084\" class=\"\">Durante la ceremonia, celebrada en el Parlamento noruego, el nuevo monarca pronunci\u00f3 la f\u00f3rmula oficial con la que asumi\u00f3 formalmente su compromiso de respetar las normas fundamentales del pa\u00eds. &#8220;Prometo y juro gobernar el Reino de Noruega de acuerdo con su Constituci\u00f3n y sus leyes. \u00a1Que Dios todopoderoso y omnisciente me ayude!&#8221;, declar\u00f3 Haakon VIII.<\/p>\n<\/article>\n<article class=\"article-body article-body--fourth-paragraph\">\n<p id=\"p-1788271930916-24987\">El rey estuvo acompa\u00f1ado por integrantes de su familia en una jornada cargada de simbolismo. Asistieron la <strong>reina Sonia<\/strong>, viuda de Harald V, y la princesa heredera <strong>Ingrid Alexandra<\/strong>, hija mayor del nuevo monarca. Tambi\u00e9n estuvo presente <strong>Sverre Magnus<\/strong>, el hijo menor de Haakon. Sonia e Ingrid Alexandra acudieron vestidas de negro, todav\u00eda en medio del duelo por el fallecimiento del anterior rey.<\/p>\n<\/article>\n<article class=\"article-body article-body--fifth-paragraph\">\n<p id=\"p-1788271937343-87252\">La ceremonia represent\u00f3 uno de los primeros actos oficiales de Haakon desde que asumi\u00f3 la Corona. Su llegada al trono se produjo de manera autom\u00e1tica tras la muerte de su padre, sin necesidad de una ceremonia de coronaci\u00f3n, de acuerdo con el sistema de sucesi\u00f3n de la monarqu\u00eda noruega.<\/p>\n<\/article>\n<article class=\"article-body article-body--remaining-paragraph\">\n<h2 id=\"p-1788271570976-98931\" class=\"\" data-section-id=\"1powgqw\" data-start=\"0\" data-end=\"48\">Por qu\u00e9 Mette-Marit no acompa\u00f1\u00f3 a Haakon VIII<\/h2>\n<p id=\"p-1788271946427-12550\">La gran ausente de la jornada fue <strong>Mette-Marit<\/strong>, esposa de Haakon VIII, que no pudo estar junto a \u00e9l durante el juramento debido a que contin\u00faa <strong>convaleciente tras un trasplante de pulm\u00f3n<\/strong>. La intervenci\u00f3n se realiz\u00f3 el pasado 17 de junio como tratamiento para una <strong>enfermedad pulmonar incurable<\/strong>.<\/p>\n<div contenteditable=\"false\" class=\"embed_cont type_imagen\" id=\"8251046-Libre-1556475882_wrap\">\n<div id=\"8251046-Libre-1556475882_content\" class=\"embed_content\"><img src=\"https:\/\/media.ambito.com\/p\/69d74da6b43b18c539fe3633635c8994\/adjuntos\/239\/imagenes\/043\/511\/0043511682\/mette-marit.jpg?2026-07-14-09-59-27\" decoding=\"async\" fetchpriority=\"low\" loading=\"lazy\" alt=\"La reina Mette-Marit se encuentra en recuperaci\u00f3n tras un trasplante de pulm\u00f3n realizado el 17 de junio.\" title=\"La reina Mette-Marit se encuentra en recuperaci\u00f3n tras un trasplante de pulm\u00f3n realizado el 17 de junio.\" width=\"730\" height=\"410\" id=\"8251046-Libre-1556475882_embed\"\/><\/div>\n<div class=\"embed_wrapper-cont\" id=\"p-1788271616131-80736\">\n<div id=\"8251046-Libre-1556475882_epigrafe\" class=\"embed_epigrafe\">\n<p id=\"p-1788271809057-11032\">La reina Mette-Marit se encuentra en recuperaci\u00f3n tras un trasplante de pulm\u00f3n realizado el 17 de junio.<\/p>\n<\/div><\/div>\n<\/p><\/div>\n<p id=\"p-1788271959116-65250\" class=\"\">Aunque la reina hab\u00eda podido participar este lunes en el traslado del f\u00e9retro de Harald V hasta la capilla real del Palacio, los m\u00e9dicos le recomendaron <strong>descanso durante su recuperaci\u00f3n<\/strong>. Por ese motivo, no asisti\u00f3 a la ceremonia en la que su marido asumi\u00f3 formalmente sus funciones como nuevo monarca.<\/p>\n<p id=\"p-1788271959116-80762\">La ausencia de Mette-Marit se produjo en un momento especialmente importante para la familia real noruega. Mientras Haakon comienza su reinado, la reina contin\u00faa con su recuperaci\u00f3n m\u00e9dica y reduce su participaci\u00f3n en las actividades p\u00fablicas. Su presencia s\u00ed hab\u00eda sido posible durante una de las primeras ceremonias vinculadas al fallecimiento de Harald V, pero no en el juramento ante el Parlamento.<\/p>\n<h2 id=\"p-1788269920376-90194\">El recuerdo de Harald V<\/h2>\n<p id=\"p-1788272001597-81510\" class=\"\">La ceremonia tambi\u00e9n estuvo atravesada por el recuerdo de <strong>Harald V<\/strong>, quien permaneci\u00f3 en el trono desde 1991 y muri\u00f3 el viernes a los 89 a\u00f1os. Durante el acto, el Parlamento noruego guard\u00f3 <strong>un minuto de silencio<\/strong> en memoria del monarca fallecido.<\/p>\n<p id=\"p-1788272001597-89101\">Harald V muri\u00f3 en el <strong>Hospital Nacional de Oslo<\/strong>, donde hab\u00eda sido ingresado por una <strong>anemia hemol\u00edtica<\/strong>, una enfermedad sangu\u00ednea que provoca la destrucci\u00f3n de los gl\u00f3bulos rojos.<\/p>\n<div contenteditable=\"false\" class=\"embed_cont type_imagen\" id=\"8272245-Libre-1775039747_wrap\">\n<div id=\"8272245-Libre-1775039747_content\" class=\"embed_content\"><img src=\"https:\/\/media.ambito.com\/p\/55bd7913cd25785bc8759a2f6f823489\/adjuntos\/239\/imagenes\/043\/615\/0043615318\/730x0\/smart\/haakon-viii.jpg\" decoding=\"async\" fetchpriority=\"low\" loading=\"lazy\" alt=\"El Parlamento noruego guard\u00f3 un minuto de silencio en memoria de Harald V durante la ceremonia.\" title=\"El Parlamento noruego guard\u00f3 un minuto de silencio en memoria de Harald V durante la ceremonia.\" width=\"730\" height=\"undefined\" id=\"8272245-Libre-1775039747_embed\"\/><\/div>\n<div class=\"embed_wrapper-cont\" id=\"p-1788271109193-54385\">\n<div id=\"8272245-Libre-1775039747_epigrafe\" class=\"embed_epigrafe\">\n<p id=\"p-1788271796701-10213\">El Parlamento noruego guard\u00f3 un minuto de silencio en memoria de Harald V durante la ceremonia.<\/p>\n<\/div><\/div>\n<\/p><\/div>\n<p id=\"p-1788272041258-18256\" class=\"\">Con su fallecimiento, Haakon VIII pas\u00f3 autom\u00e1ticamente a ocupar el trono y comenz\u00f3 una nueva etapa para la monarqu\u00eda noruega. El juramento ante el Parlamento se convirti\u00f3 as\u00ed en uno de sus primeros compromisos institucionales como rey, en una jornada marcada tanto por el inicio de su reinado como por el duelo de la familia real.<\/p>\n<p id=\"p-1788272041258-76833\">Los <strong>funerales de Harald V<\/strong> se celebrar\u00e1n el pr\u00f3ximo <strong>9 de septiembre en la catedral de Oslo<\/strong>, donde Noruega despedir\u00e1 oficialmente al monarca que permaneci\u00f3 35 a\u00f1os al frente de la Corona.<\/p>\n<\/article>\n<p>\t\t<!-- REGION4 } --><\/div>\n<p><script>\n!function(f,b,e,v,n,t,s)\n{if(f.fbq)return;n=f.fbq=function(){n.callMethod?\nn.callMethod.apply(n,arguments):n.queue.push(arguments)};\nif(!f._fbq)f._fbq=n;n.push=n;n.loaded=!0;n.version='2.0';\nn.queue=[];t=b.createElement(e);t.async=!0;\nt.src=v;s=b.getElementsByTagName(e)[0];\ns.parentNode.insertBefore(t,s)}(window,document,'script',\n'\nfbq('init', '2047048335588113');\nfbq('track', 'PageView');\n<\/script><\/p>\n","protected":false},"excerpt":{"rendered":"<p>El rey Haakon VIII de Noruega jur\u00f3 este martes su cargo ante el Parlamento, en la primera gran ceremonia institucional desde que asumi\u00f3 la corona tras la muerte de su padre, Harald V. El acto estuvo marcado por la ausencia de su esposa, la reina Mette-Marit, quien contin\u00faa convaleciente tras un trasplante de pulm\u00f3n. Haakon [&hellip;]<\/p>\n","protected":false},"author":1,"featured_media":24553,"comment_status":"open","ping_status":"open","sticky":false,"template":"","format":"standard","meta":{"footnotes":""},"categories":[1],"tags":[],"class_list":["post-24552","post","type-post","status-publish","format-standard","has-post-thumbnail","hentry","category-uncategorized"],"_links":{"self":[{"href":"https:\/\/cliente1.publisher.highstack.com.ar\/index.php?rest_route=\/wp\/v2\/posts\/24552","targetHints":{"allow":["GET"]}}],"collection":[{"href":"https:\/\/cliente1.publisher.highstack.com.ar\/index.php?rest_route=\/wp\/v2\/posts"}],"about":[{"href":"https:\/\/cliente1.publisher.highstack.com.ar\/index.php?rest_route=\/wp\/v2\/types\/post"}],"author":[{"embeddable":true,"href":"https:\/\/cliente1.publisher.highstack.com.ar\/index.php?rest_route=\/wp\/v2\/users\/1"}],"replies":[{"embeddable":true,"href":"https:\/\/cliente1.publisher.highstack.com.ar\/index.php?rest_route=%2Fwp%2Fv2%2Fcomments&post=24552"}],"version-history":[{"count":0,"href":"https:\/\/cliente1.publisher.highstack.com.ar\/index.php?rest_route=\/wp\/v2\/posts\/24552\/revisions"}],"wp:featuredmedia":[{"embeddable":true,"href":"https:\/\/cliente1.publisher.highstack.com.ar\/index.php?rest_route=\/wp\/v2\/media\/24553"}],"wp:attachment":[{"href":"https:\/\/cliente1.publisher.highstack.com.ar\/index.php?rest_route=%2Fwp%2Fv2%2Fmedia&parent=24552"}],"wp:term":[{"taxonomy":"category","embeddable":true,"href":"https:\/\/cliente1.publisher.highstack.com.ar\/index.php?rest_route=%2Fwp%2Fv2%2Fcategories&post=24552"},{"taxonomy":"post_tag","embeddable":true,"href":"https:\/\/cliente1.publisher.highstack.com.ar\/index.php?rest_route=%2Fwp%2Fv2%2Ftags&post=24552"}],"curies":[{"name":"wp","href":"https:\/\/api.w.org\/{rel}","templated":true}]}}