{"id":24550,"date":"2026-09-01T11:47:36","date_gmt":"2026-09-01T14:47:36","guid":{"rendered":"https:\/\/cliente1.publisher.highstack.com.ar\/?p=24550"},"modified":"2026-09-01T11:47:36","modified_gmt":"2026-09-01T14:47:36","slug":"la-union-europea-suspende-las-importaciones-de-carne-vacuna-de-brasil-por-incumplimientos-sanitarios","status":"publish","type":"post","link":"https:\/\/cliente1.publisher.highstack.com.ar\/?p=24550","title":{"rendered":"La Uni\u00f3n Europea suspende las importaciones de carne vacuna de Brasil por incumplimientos sanitarios"},"content":{"rendered":"<div class=\"col-12\">\n<div data-tw=\"true\" style=\"display:contents\">\n<div role=\"none\"><\/div>\n<\/div>\n<p class=\"com-paragraph --capital --s\">La Uni\u00f3n Europea (UE) suspender\u00e1 a partir del <strong>3 de septiembre<\/strong> las importaciones de <strong>carne vacuna, carne aviar, huevos y miel provenientes de Brasil<\/strong>, al considerar que el pa\u00eds sudamericano <strong>no present\u00f3 garant\u00edas suficientes sobre el cumplimiento de las normas sanitarias <\/strong>comunitarias vinculadas con<strong> el uso de antibi\u00f3ticos en la producci\u00f3n animal.<\/strong> La decisi\u00f3n se produce apenas cuatro meses despu\u00e9s de la entrada en vigor provisional del acuerdo de libre comercio entre la UE y el Mercosur y vuelve a poner el foco sobre las exigencias sanitarias del bloque europeo.<\/p>\n<div class=\"ln-banner-container --no-app --caja1_mob\">\n<div id=\"caja1_mob\" class=\"ln-banner\" data-slot-group=\"nota\" data-device=\"mobile\" data-subscription=\"false\" data-ad-unit-path=\"\/133919216\/campo_mobile\/Nota\/caja1_mob\" data-targeting='{\"sitio\":\"lanacion\",\"seccion\":\"nota\"}' data-without-hide=\"true\" data-size=\"[[320,100],[300,250],[1,1],[300,450],[320,450]]\" data-sizemap=\"[]\" data-prebid-enabled=\"true\"><\/div>\n<\/div>\n<p class=\"com-paragraph --s\">La medida fue anunciada por la <strong>Comisi\u00f3n Europea<\/strong>, que explic\u00f3 que Brasil a\u00fan no acredit\u00f3 el cumplimiento de los requisitos exigidos por la normativa comunitaria. Seg\u00fan inform\u00f3 la agencia <em>AFP,<\/em> Bruselas mantendr\u00e1 la suspensi\u00f3n hasta contar con las garant\u00edas necesarias.<\/p>\n<div class=\"ln-banner-container --no-app --middle_1_dsk\">\n<div id=\"middle_1_dsk\" class=\"ln-banner\" data-slot-group=\"nota\" data-device=\"desktop\" data-subscription=\"true\" data-ad-unit-path=\"\/133919216\/campo_desktop\/Nota\/middle_1_dsk\" data-targeting='{\"sitio\":\"lanacion\",\"seccion\":\"nota\"}' data-without-hide=\"true\" data-size=\"[[1,1],[640,360],[640,480],[728,90]]\" data-sizemap=\"[]\" data-prebid-enabled=\"true\"><\/div>\n<\/div>\n<p class=\"com-paragraph --s\"><strong>\u201cBrasil es un socio importante de la UE <\/strong>y estamos trabajando en estrecha colaboraci\u00f3n, de manera constructiva y positiva, con las autoridades brasile\u00f1as para garantizar que cumplan con estos requisitos. <strong>Una vez que se demuestre dicho cumplimiento, podr\u00e1n reanudarse las exportaciones a la UE\u201d, <\/strong>se\u00f1al\u00f3 una portavoz de la Comisi\u00f3n Europea a la AFP.<\/p>\n<div class=\"content-media\">\n<section role=\"button\" class=\"mod-media   \">\n<figure role=\"button\" tabindex=\"0\" class=\"mod-figure \">\n<div class=\"placeholder \">\n<div class=\"com-image\"><picture><source media=\"(min-width: 768px)\" srcset=\"https:\/\/www.lanacion.com.ar\/resizer\/v2\/cebues-cebu-bbc-bbc-mundo-ganado-gases-ED5IBRC7GJBDRDLQW7X6CDKMVQ.jpg?auth=18508ccb7411dac46d56b00cd4f4d45e631a46aedd93e52cec0b5b481afa6987&amp;width=780&amp;height=522&amp;quality=70&amp;smart=true\"><\/source><img class=\"image com-image flex --cover\" decoding=\"async\" fetchpriority=\"low\" loading=\"lazy\" src=\"https:\/\/www.lanacion.com.ar\/resizer\/v2\/cebues-cebu-bbc-bbc-mundo-ganado-gases-ED5IBRC7GJBDRDLQW7X6CDKMVQ.jpg?auth=18508ccb7411dac46d56b00cd4f4d45e631a46aedd93e52cec0b5b481afa6987&amp;width=420&amp;height=281&amp;quality=70&amp;smart=true\" width=\"1360\" alt=\"Para la Comisi\u00f3n Europea, Brasil a\u00fan no acredit\u00f3 el cumplimiento de los requisitos exigidos por la normativa comunitaria\" height=\"910\"><\/picture><\/div>\n<\/div><figcaption class=\"mod-figcaption\"><span class=\"com-text --caption --twoxs\">Para la Comisi\u00f3n Europea, Brasil a\u00fan no acredit\u00f3 el cumplimiento de los requisitos exigidos por la normativa comunitaria<\/span><span class=\"com-text --credit --twoxs\">Getty Images<\/span><\/figcaption><\/figure>\n<\/section>\n<\/div>\n<div class=\"ln-banner-container --no-app --caja2_mob\">\n<div id=\"caja2_mob\" class=\"ln-banner\" data-slot-group=\"nota\" data-device=\"mobile\" data-subscription=\"true\" data-ad-unit-path=\"\/133919216\/campo_mobile\/Nota\/caja2_mob\" data-targeting='{\"sitio\":\"lanacion\",\"seccion\":\"nota\"}' data-without-hide=\"true\" data-size=\"[[320,100],[300,250],[300,450],[1,1],[360,270],[320,180]]\" data-sizemap=\"[]\" data-prebid-enabled=\"true\"><\/div>\n<\/div>\n<p class=\"com-paragraph --s\">La decisi\u00f3n alcanza a la <strong>carne vacuna, la carne de aves de corral, los huevos y la miel. <\/strong>Sin embargo, los plazos para una eventual reapertura no ser\u00e1n iguales para todos los productos.<\/p>\n<div class=\"ln-banner-container --no-app --middle_2_dsk\">\n<div id=\"middle_2_dsk\" class=\"ln-banner\" data-slot-group=\"nota\" data-device=\"desktop\" data-subscription=\"true\" data-ad-unit-path=\"\/133919216\/campo_desktop\/Nota\/middle_2_dsk\" data-targeting='{\"sitio\":\"lanacion\",\"seccion\":\"nota\"}' data-without-hide=\"true\" data-size=\"[[1,1],[728,90]]\" data-sizemap=\"[]\" data-prebid-enabled=\"true\"><\/div>\n<\/div>\n<p class=\"com-paragraph --s\">En el caso de la <strong>carne aviar y la miel,<\/strong> la Comisi\u00f3n Europea inform\u00f3 que actualmente se desarrolla <strong>una auditor\u00eda que concluir\u00eda este viernes. <\/strong>Si los resultados son satisfactorios para los Estados miembros, las importaciones podr\u00edan volver a autorizarse en las pr\u00f3ximas semanas. En el caso de la carne aviar, los huevos y la miel, la posibilidad de una reapertura aparece m\u00e1s cercana, aunque tambi\u00e9n estar\u00e1 supeditada al resultado de la auditor\u00eda que la Comisi\u00f3n Europea finalizar\u00e1 esta semana.<\/p>\n<div class=\"ln-banner-container --no-app --caja3_mob\">\n<div id=\"caja3_mob\" class=\"ln-banner\" data-slot-group=\"nota\" data-device=\"mobile\" data-subscription=\"false\" data-ad-unit-path=\"\/133919216\/campo_mobile\/Nota\/caja3_mob\" data-targeting='{\"sitio\":\"lanacion\",\"seccion\":\"nota\"}' data-without-hide=\"true\" data-size=\"[[320,100],[300,250],[1,1],[300,450],[360,270]]\" data-sizemap=\"[]\" data-prebid-enabled=\"true\"><\/div>\n<\/div>\n<div class=\"ln-banner-container --no-app --middle_2_tab\">\n<div id=\"middle_2_tab\" class=\"ln-banner\" data-slot-group=\"nota\" data-device=\"tablet\" data-subscription=\"false\" data-ad-unit-path=\"\/133919216\/campo_tablet\/Nota\/middle_2_tab\" data-targeting='{\"sitio\":\"lanacion\",\"seccion\":\"nota\"}' data-without-hide=\"true\" data-size=\"[[728,90],[640,480],[468,60],[1,1]]\" data-sizemap=\"[]\" data-prebid-enabled=\"true\"><\/div>\n<\/div>\n<p class=\"com-paragraph --s\">Para la <strong>carne vacuna, <\/strong>en cambio, <strong>el escenario aparece m\u00e1s complejo y los tiempos ser\u00edan m\u00e1s extensos. <\/strong>\u201cDebido a la duraci\u00f3n de los ciclos de producci\u00f3n seg\u00fan las especies animales en cuesti\u00f3n, la fecha a partir de la cual Brasil podr\u00eda estar en condiciones de certificar su cumplimiento con los requisitos de la UE var\u00eda seg\u00fan los sectores\u201d, precis\u00f3 la Comisi\u00f3n Europea.<\/p>\n<p class=\"com-paragraph --s\">El origen de esta situaci\u00f3n se remonta a <strong>mayo pasado,<\/strong> cuando Brasil fue retirado de la lista de pa\u00edses reconocidos por respetar las normas europeas sobre el uso intensivo de antibi\u00f3ticos en la producci\u00f3n ganadera.<\/p>\n<div class=\"content-media\">\n<section role=\"button\" class=\"mod-media   \">\n<figure role=\"button\" tabindex=\"0\" class=\"mod-figure \">\n<div class=\"placeholder \">\n<div class=\"com-image\"><picture><source media=\"(min-width: 768px)\" srcset=\"https:\/\/www.lanacion.com.ar\/resizer\/v2\/hasta-el-momento-segun-la-comision-europea-esas-QJHP2GGQ2RBILI5YCJ5S7JG3JE.jpg?auth=3d24f1ce1662688c98c101a1cc77b0024871c531a6f789dd95575634bd8e2ec0&amp;width=780&amp;height=585&amp;quality=70&amp;smart=true\"><\/source><img class=\"image com-image flex --cover\" decoding=\"async\" fetchpriority=\"low\" loading=\"lazy\" src=\"https:\/\/www.lanacion.com.ar\/resizer\/v2\/hasta-el-momento-segun-la-comision-europea-esas-QJHP2GGQ2RBILI5YCJ5S7JG3JE.jpg?auth=3d24f1ce1662688c98c101a1cc77b0024871c531a6f789dd95575634bd8e2ec0&amp;width=420&amp;height=315&amp;quality=70&amp;smart=true\" width=\"2608\" alt=\"Hasta el momento, seg\u00fan la Comisi\u00f3n Europea, esas garant\u00edas no fueron consideradas suficientes, motivo por el cual resolvi\u00f3 avanzar con la suspensi\u00f3n de las importaciones\" height=\"1956\"><\/picture><\/div>\n<\/div><figcaption class=\"mod-figcaption\"><span class=\"com-text --caption --twoxs\">Hasta el momento, seg\u00fan la Comisi\u00f3n Europea, esas garant\u00edas no fueron consideradas suficientes, motivo por el cual resolvi\u00f3 avanzar con la suspensi\u00f3n de las importaciones<\/span><span class=\"com-text --credit --twoxs\">Shutterstock<\/span><\/figcaption><\/figure>\n<\/section>\n<\/div>\n<div class=\"ln-banner-container --no-app --caja4_mob\">\n<div id=\"caja4_mob\" class=\"ln-banner\" data-slot-group=\"nota\" data-device=\"mobile\" data-subscription=\"false\" data-ad-unit-path=\"\/133919216\/campo_mobile\/Nota\/caja4_mob\" data-targeting='{\"sitio\":\"lanacion\",\"seccion\":\"nota\"}' data-without-hide=\"true\" data-size=\"[[320,100],[300,250],[1,1]]\" data-sizemap=\"[]\" data-prebid-enabled=\"true\"><\/div>\n<\/div>\n<p class=\"com-paragraph --s\">En ese momento, el Ejecutivo comunitario hab\u00eda aclarado que esa n\u00f3mina podr\u00eda actualizarse nuevamente una vez que las autoridades brasile\u00f1as respondieran a los requerimientos formulados por Bruselas.<\/p>\n<p class=\"com-paragraph --s\">Hasta el momento, seg\u00fan la Comisi\u00f3n Europea, <strong>esas garant\u00edas presentadas por el gobierno de Lula da Silva no fueron consideradas suficientes,<\/strong> motivo por el cual resolvi\u00f3 avanzar con la suspensi\u00f3n de las importaciones.<\/p>\n<div class=\"ln-banner-container --no-app --caja6_mob\">\n<div id=\"caja6_mob\" class=\"ln-banner\" data-slot-group=\"nota\" data-device=\"mobile\" data-subscription=\"false\" data-ad-unit-path=\"\/133919216\/campo_mobile\/Nota\/caja6_mob\" data-targeting='{\"sitio\":\"lanacion\",\"seccion\":\"nota\"}' data-without-hide=\"true\" data-size=\"[[300,250],[230,50],[300,450],[1,1],[320,100]]\" data-sizemap=\"[]\" data-prebid-enabled=\"true\"><\/div>\n<\/div>\n<p class=\"com-paragraph --s\">Las medidas forman parte de la estrategia impulsada por la Uni\u00f3n Europea para combatir la resistencia de los microorganismos a los antimicrobianos, promoviendo un uso m\u00e1s restringido y responsable de los antibi\u00f3ticos en la producci\u00f3n animal.<\/p>\n<p class=\"com-paragraph --s\">En Bruselas consideraron que reducir el empleo innecesario de estos medicamentos constituye una herramienta clave para preservar su eficacia tanto en medicina humana como veterinaria. La decisi\u00f3n adquiere especial relevancia porque llega pocos meses despu\u00e9s de la firma del acuerdo comercial entre la Uni\u00f3n Europea y el Mercosur.<\/p>\n<div class=\"ln-banner-container --no-app --caja7_mob\">\n<div id=\"caja7_mob\" class=\"ln-banner\" data-slot-group=\"nota\" data-device=\"mobile\" data-subscription=\"true\" data-ad-unit-path=\"\/133919216\/campo_mobile\/Nota\/caja7_mob\" data-targeting='{\"sitio\":\"lanacion\",\"seccion\":\"nota\"}' data-without-hide=\"true\" data-size=\"[[300,250],[320,50],[300,450],[1,1],[320,100]]\" data-sizemap=\"[]\" data-prebid-enabled=\"true\"><\/div>\n<\/div>\n<p class=\"com-paragraph --s\">Ese entendimiento fue suscripto en enero de este a\u00f1o y comenz\u00f3 a aplicarse de manera provisoria el <strong>1\u00b0 de mayo<\/strong>, abriendo una nueva etapa en el intercambio comercial entre ambos bloques.<\/p>\n<p class=\"com-paragraph --s\">En este contexto, Bruselas ratific\u00f3 que el cumplimiento de esos est\u00e1ndares constituye una condici\u00f3n indispensable para acceder a su mercado. La Comisi\u00f3n Europea evit\u00f3 fijar una fecha para el levantamiento de la medida y reiter\u00f3 que todo depender\u00e1 de que<strong> Brasil <\/strong>demuestre el cumplimiento de los requisitos establecidos por la legislaci\u00f3n comunitaria.<\/p>\n<div class=\"ln-banner-container --no-app --caja8_mob\">\n<div id=\"caja8_mob\" class=\"ln-banner\" data-slot-group=\"nota\" data-device=\"mobile\" data-subscription=\"true\" data-ad-unit-path=\"\/133919216\/campo_mobile\/Nota\/caja8_mob\" data-targeting='{\"sitio\":\"lanacion\",\"seccion\":\"nota\"}' data-without-hide=\"true\" data-size=\"[[300,250],[320,50],[300,450],[1,1],[320,100]]\" data-sizemap=\"[]\" data-prebid-enabled=\"true\"><\/div>\n<\/div>\n<p class=\"com-paragraph --s\"><em>Noticia en desarrollo<\/em><\/p>\n<div data-fusion-lazy-id=\"f0fpQTDZ9Hvw1FA\"><\/div>\n<div class=\"ln-banner-container --no-app --caja5_mob\">\n<div id=\"caja5_mob\" class=\"ln-banner\" data-slot-group=\"nota\" data-device=\"mobile\" data-subscription=\"false\" data-ad-unit-path=\"\/133919216\/campo_mobile\/Nota\/caja5_mob\" data-targeting='{\"sitio\":\"lanacion\",\"seccion\":\"nota\"}' data-without-hide=\"true\" data-size='[[320,100],[300,250],[1,1],[\" fluid\"]]' data-sizemap=\"[]\" data-prebid-enabled=\"true\"><\/div>\n<\/div>\n<div data-fusion-lazy-id=\"f0f68JH1aHvw1CG\"><\/div>\n<div class=\"ln-banner-container --no-app --middle_3_dsk\">\n<div id=\"middle_3_dsk\" class=\"ln-banner\" data-slot-group=\"nota\" data-device=\"desktop\" data-subscription=\"true\" data-ad-unit-path=\"\/133919216\/campo_desktop\/Nota\/middle_3_dsk\" data-targeting='{\"sitio\":\"lanacion\",\"seccion\":\"nota\"}' data-without-hide=\"true\" data-size=\"[[1,1],[728,90],[640,360],[728,360]]\" data-sizemap=\"[]\" data-prebid-enabled=\"true\"><\/div>\n<\/div>\n<\/div>\n","protected":false},"excerpt":{"rendered":"<p>La Uni\u00f3n Europea (UE) suspender\u00e1 a partir del 3 de septiembre las importaciones de carne vacuna, carne aviar, huevos y miel provenientes de Brasil, al considerar que el pa\u00eds sudamericano no present\u00f3 garant\u00edas suficientes sobre el cumplimiento de las normas sanitarias comunitarias vinculadas con el uso de antibi\u00f3ticos en la producci\u00f3n animal. La decisi\u00f3n se [&hellip;]<\/p>\n","protected":false},"author":1,"featured_media":24551,"comment_status":"open","ping_status":"open","sticky":false,"template":"","format":"standard","meta":{"footnotes":""},"categories":[1],"tags":[],"class_list":["post-24550","post","type-post","status-publish","format-standard","has-post-thumbnail","hentry","category-uncategorized"],"_links":{"self":[{"href":"https:\/\/cliente1.publisher.highstack.com.ar\/index.php?rest_route=\/wp\/v2\/posts\/24550","targetHints":{"allow":["GET"]}}],"collection":[{"href":"https:\/\/cliente1.publisher.highstack.com.ar\/index.php?rest_route=\/wp\/v2\/posts"}],"about":[{"href":"https:\/\/cliente1.publisher.highstack.com.ar\/index.php?rest_route=\/wp\/v2\/types\/post"}],"author":[{"embeddable":true,"href":"https:\/\/cliente1.publisher.highstack.com.ar\/index.php?rest_route=\/wp\/v2\/users\/1"}],"replies":[{"embeddable":true,"href":"https:\/\/cliente1.publisher.highstack.com.ar\/index.php?rest_route=%2Fwp%2Fv2%2Fcomments&post=24550"}],"version-history":[{"count":0,"href":"https:\/\/cliente1.publisher.highstack.com.ar\/index.php?rest_route=\/wp\/v2\/posts\/24550\/revisions"}],"wp:featuredmedia":[{"embeddable":true,"href":"https:\/\/cliente1.publisher.highstack.com.ar\/index.php?rest_route=\/wp\/v2\/media\/24551"}],"wp:attachment":[{"href":"https:\/\/cliente1.publisher.highstack.com.ar\/index.php?rest_route=%2Fwp%2Fv2%2Fmedia&parent=24550"}],"wp:term":[{"taxonomy":"category","embeddable":true,"href":"https:\/\/cliente1.publisher.highstack.com.ar\/index.php?rest_route=%2Fwp%2Fv2%2Fcategories&post=24550"},{"taxonomy":"post_tag","embeddable":true,"href":"https:\/\/cliente1.publisher.highstack.com.ar\/index.php?rest_route=%2Fwp%2Fv2%2Ftags&post=24550"}],"curies":[{"name":"wp","href":"https:\/\/api.w.org\/{rel}","templated":true}]}}