{"id":24549,"date":"2026-09-01T11:19:44","date_gmt":"2026-09-01T14:19:44","guid":{"rendered":"https:\/\/cliente1.publisher.highstack.com.ar\/?p=24549"},"modified":"2026-09-01T11:19:44","modified_gmt":"2026-09-01T14:19:44","slug":"el-papa-recibira-en-buenos-aires-a-los-donantes-que-ayuden-a-financiar-su-visita-a-la-argentina","status":"publish","type":"post","link":"https:\/\/cliente1.publisher.highstack.com.ar\/?p=24549","title":{"rendered":"El Papa recibir\u00e1 en Buenos Aires a los donantes que ayuden a financiar su visita a la Argentina"},"content":{"rendered":"<div class=\"visual__image image-initial-width\"><picture><source srcset=\"https:\/\/www.infobae.com\/resizer\/v2\/B5YNPDEZ6JCQJOTESHYTXSP2C4.jpg?auth=8c0f64fb23a36aedd7a902d7f5bc4a46b6608b156e9fd2ef518af0a9250cbde7&amp;smart=true&amp;width=992&amp;height=661&amp;quality=85\" media=\"(min-width: 1000px)\"><\/source><source srcset=\"https:\/\/www.infobae.com\/resizer\/v2\/B5YNPDEZ6JCQJOTESHYTXSP2C4.jpg?auth=8c0f64fb23a36aedd7a902d7f5bc4a46b6608b156e9fd2ef518af0a9250cbde7&amp;smart=true&amp;width=768&amp;height=512&amp;quality=85\" media=\"(min-width: 768px)\"><\/source><source srcset=\"https:\/\/www.infobae.com\/resizer\/v2\/B5YNPDEZ6JCQJOTESHYTXSP2C4.jpg?auth=8c0f64fb23a36aedd7a902d7f5bc4a46b6608b156e9fd2ef518af0a9250cbde7&amp;smart=true&amp;width=577&amp;height=385&amp;quality=85\" media=\"(min-width: 580px)\"><\/source><source srcset=\"https:\/\/www.infobae.com\/resizer\/v2\/B5YNPDEZ6JCQJOTESHYTXSP2C4.jpg?auth=8c0f64fb23a36aedd7a902d7f5bc4a46b6608b156e9fd2ef518af0a9250cbde7&amp;smart=true&amp;width=420&amp;height=280&amp;quality=85\" media=\"(min-width: 350px)\"><\/source><source srcset=\"https:\/\/www.infobae.com\/resizer\/v2\/B5YNPDEZ6JCQJOTESHYTXSP2C4.jpg?auth=8c0f64fb23a36aedd7a902d7f5bc4a46b6608b156e9fd2ef518af0a9250cbde7&amp;smart=true&amp;width=350&amp;height=233&amp;quality=85\" media=\"(min-width: 80px)\"><\/source><img alt=\"El papa Le\u00f3n XIV (EFE\/EPA\/VATICAN MEDIA HANDOUT HANDOUT EDITORIAL USE ONLY\/NO SALES)\n\" class=\"global-image\" decoding=\"async\" fetchpriority=\"high\" height=\"2048\" loading=\"eager\" src=\"https:\/\/www.infobae.com\/resizer\/v2\/B5YNPDEZ6JCQJOTESHYTXSP2C4.jpg?auth=8c0f64fb23a36aedd7a902d7f5bc4a46b6608b156e9fd2ef518af0a9250cbde7&amp;smart=true&amp;width=350&amp;height=233&amp;quality=85\" width=\"3072\"><\/picture><\/div>\n<div class=\"sharebar-container display_flex sharebar-new\" style=\"opacity:1\">\n<div class=\"share-bar-article-date-container \"><span class=\"sharebar-article-date\">01 Sep, 2026 10:07 a. m. EST<\/span><\/div>\n<div class=\"sharebar-buttons-container display_flex\">\n<div aria-label=\"Guardar\" class=\"sharebar-buttons button-save\" role=\"button\" tabindex=\"0\"><svg width=\"9\" height=\"12\" viewbox=\"0 0 8 10\" fill=\"none\" xmlns=\"http:\/\/www.w3.org\/2000\/svg\" class=\"saved-icon saved\"><path d=\"M6.64286 0.5V9.31687L4.1116 7.16407L4.11106 7.16361C3.79894 6.89891 3.34392 6.89891 3.03179 7.16361L3.03126 7.16407L0.5 9.31687V0.5H6.64286Z\"><\/path><\/svg><span class=\"buttons-save-text\">Guardar<\/span><\/div>\n<div class=\"sharebar-buttons-separator\"><\/div>\n<p><button class=\"sharemenu-buttons display_flex\" aria-label=\"Compartir en Telegram\"><svg width=\"38\" height=\"38\" viewbox=\"0 0 38 38\" fill=\"none\" xmlns=\"http:\/\/www.w3.org\/2000\/svg\"><rect x=\"0.5\" y=\"0.5\" width=\"37\" height=\"37\" rx=\"18.5\" fill=\"white\"><\/rect><rect x=\"0.5\" y=\"0.5\" width=\"37\" height=\"37\" rx=\"18.5\" stroke=\"#C2C2C2\"><\/rect><path d=\"M24.9696 12.5511L10.3405 18.0494C10.0623 18.151 9.92701 18.4484 10.0398 18.7168C10.0999 18.8619 10.2277 18.9779 10.3856 19.0214L14.1068 20.0805L15.4975 24.3312C15.6028 24.6576 15.9636 24.839 16.2944 24.7374C16.3921 24.7084 16.4823 24.6504 16.5575 24.5778L18.482 22.6846L22.2558 25.354C22.6091 25.6006 23.0977 25.5281 23.3533 25.1872C23.421 25.1001 23.4661 24.9986 23.4887 24.897L25.9845 13.3707C26.0672 12.979 25.8116 12.5946 25.4056 12.5148C25.2628 12.4858 25.1124 12.5003 24.9771 12.5511M23.1429 15.1116L16.347 20.9147C16.2793 20.9727 16.2342 21.0525 16.2267 21.1395L15.9636 23.381C15.9636 23.4172 15.926 23.4462 15.8884 23.439C15.8583 23.439 15.8358 23.4172 15.8283 23.3955L14.7533 20.0442C14.7007 19.8919 14.7683 19.7251 14.9111 19.638L22.9399 14.836C23.0226 14.7852 23.1353 14.8142 23.1804 14.894C23.2255 14.9666 23.2105 15.0536 23.1504 15.1116\" fill=\"#555555\"><\/path><\/svg><\/button><button class=\"sharemenu-buttons display_flex\" aria-label=\"Compartir en Linkedin\"><svg width=\"38\" height=\"38\" viewbox=\"0 0 38 38\" fill=\"none\" xmlns=\"http:\/\/www.w3.org\/2000\/svg\"><rect x=\"0.5\" y=\"0.5\" width=\"37\" height=\"37\" rx=\"18.5\" fill=\"white\"><\/rect><rect x=\"0.5\" y=\"0.5\" width=\"37\" height=\"37\" rx=\"18.5\" stroke=\"#C2C2C2\"><\/rect><path d=\"M16.5556 27V16.2231H19.963V17.6949C20.0185 17.6368 20.0648 17.5787 20.1111 17.5206C20.8611 16.349 22.2037 15.739 23.537 15.981C25.3889 16.1359 26.8426 17.7046 26.9259 19.6411C26.9722 20.0478 27 20.4641 27 20.8708C27 22.817 27 24.7633 27 26.7095V26.9806H23.5741V26.6805C23.5741 24.8892 23.5741 23.0882 23.5741 21.2969C23.5741 20.8805 23.5278 20.4545 23.4259 20.0478C23.1945 19.1279 22.2963 18.5663 21.4074 18.8084C21.2037 18.8665 21 18.9633 20.8333 19.0989C20.3333 19.4281 20.0185 19.9897 19.9907 20.6094C19.9722 21.1419 19.9722 21.6842 19.9722 22.2167V26.9903H16.5648L16.5556 27ZM11.2222 27V16.2037H11.7407C12.6204 16.2037 13.5 16.2037 14.3796 16.2037C14.5833 16.2037 14.6482 16.2328 14.6482 16.4748V26.9903H11.2222V27ZM11.0093 12.8825C11.0093 11.8465 11.8055 11.0041 12.787 11.0041C12.8426 11.0041 12.8982 11.0041 12.9537 11.0041C13.9445 10.9363 14.7963 11.7206 14.8611 12.7567C14.8611 12.7954 14.8611 12.8438 14.8611 12.8825C14.8426 13.9283 14.0278 14.761 13.0278 14.7416C12.9907 14.7416 12.9537 14.7416 12.9259 14.7416H12.9074C11.9259 14.8191 11.0741 14.0445 11 13.0181C11 12.9697 11 12.931 11 12.8825H11.0093Z\" fill=\"#555555\"><\/path><\/svg><\/button><button class=\"sharemenu-buttons display_flex\" aria-label=\"Compartir en Twitter\"><svg width=\"38\" height=\"38\" viewbox=\"0 0 38 38\" fill=\"none\" xmlns=\"http:\/\/www.w3.org\/2000\/svg\"><rect x=\"0.5\" y=\"0.5\" width=\"37\" height=\"37\" rx=\"18.5\" fill=\"white\"><\/rect><rect x=\"0.5\" y=\"0.5\" width=\"37\" height=\"37\" rx=\"18.5\" stroke=\"#C2C2C2\"><\/rect><path d=\"M11.0391 11L17.2165 19.8249L11 27H12.399L17.8415 20.7182L22.2389 27H27L20.475 17.6786L26.2613 11H24.8623L19.85 16.7855L15.8001 11H11.0391ZM13.0965 12.101H15.2838L24.9423 25.8987H22.7551L13.0965 12.101Z\" fill=\"#555555\"><\/path><\/svg><\/button><button class=\"sharemenu-buttons display_flex\" aria-label=\"Compartir en Facebook\"><svg width=\"38\" height=\"38\" viewbox=\"0 0 38 38\" fill=\"none\" xmlns=\"http:\/\/www.w3.org\/2000\/svg\"><rect x=\"0.5\" y=\"0.5\" width=\"37\" height=\"37\" rx=\"18.5\" fill=\"white\"><\/rect><rect x=\"0.5\" y=\"0.5\" width=\"37\" height=\"37\" rx=\"18.5\" stroke=\"#C2C2C2\"><\/rect><path d=\"M17.3544 26.9921V18.9235H15V16.3346H17.3544V16.0805C17.3544 15.3816 17.3291 14.6748 17.3882 13.976C17.3882 12.8642 18.0633 11.8556 19.1266 11.3712C19.5232 11.1965 19.9452 11.0853 20.3755 11.0376C21.2532 10.9741 22.1308 10.99 23 11.0932V13.4201H22.7722C22.2743 13.4201 21.7848 13.4201 21.2869 13.436C20.73 13.4042 20.2489 13.8013 20.2152 14.3254C20.2152 14.373 20.2152 14.4128 20.2152 14.4604C20.1983 15.0481 20.2152 15.6357 20.2152 16.2234C20.2152 16.2552 20.2152 16.2949 20.2321 16.3267H22.9409C22.8228 17.2082 22.7046 18.0579 22.5865 18.9315H20.2236V27H17.3629L17.3544 26.9921Z\" fill=\"#555555\"><\/path><\/svg><\/button><button class=\"sharemenu-buttons display_flex\" aria-label=\"Compartir en Whatsapp\"><svg width=\"38\" height=\"38\" viewbox=\"0 0 38 38\" fill=\"none\" xmlns=\"http:\/\/www.w3.org\/2000\/svg\"><rect x=\"0.5\" y=\"0.5\" width=\"37\" height=\"37\" rx=\"18.5\" fill=\"white\"><\/rect><rect x=\"0.5\" y=\"0.5\" width=\"37\" height=\"37\" rx=\"18.5\" stroke=\"#C2C2C2\"><\/rect><path d=\"M21.2863 19.9439C21.0997 19.8551 20.9664 19.9262 20.8419 20.0861C20.6731 20.3261 20.4687 20.5483 20.2909 20.7794C20.1665 20.9393 20.0243 20.9749 19.8376 20.8949C18.6645 20.4239 17.7757 19.6506 17.1269 18.5841C17.0292 18.4242 17.038 18.2997 17.1536 18.1575C17.3225 17.9531 17.4824 17.7576 17.6157 17.5354C17.678 17.4287 17.7135 17.2599 17.678 17.1532C17.4735 16.6111 17.2425 16.0867 17.0114 15.5535C16.9669 15.4557 16.8781 15.3313 16.7892 15.3224C16.4248 15.2602 16.0426 15.1891 15.7316 15.4912C15.1094 16.0778 14.8784 16.7977 15.0383 17.6243C15.1805 18.3619 15.5983 18.9663 16.0426 19.5618C16.887 20.6638 17.8646 21.6237 19.1622 22.1925C19.7932 22.4769 20.4331 22.7613 21.1441 22.7613C21.2685 22.7613 21.393 22.7613 21.5085 22.7346C22.4506 22.5391 23.1172 22.0058 23.0816 21.0193C23.0816 20.9216 23.0194 20.7794 22.9483 20.7438C22.3973 20.4594 21.8462 20.2017 21.2863 19.9439Z\" fill=\"#555555\"><\/path><path d=\"M26.9482 17.8724C26.3972 13.4642 22.1401 10.3447 17.7229 11.1179C12.6481 11.9977 9.71521 17.2859 11.6883 21.9963C12.1948 22.6629 12.0615 23.3472 11.8216 24.0849C11.5105 25.027 11.2794 26.0046 11.0039 27C11.1194 26.9733 11.1994 26.9644 11.2794 26.9378C12.5059 26.6178 13.7324 26.3068 14.9411 25.9868C15.1544 25.9335 15.3144 25.9602 15.5099 26.0579C17.1719 26.8667 18.9227 27.0978 20.718 26.7067C24.833 25.7913 27.4548 22.0496 26.9305 17.8902L26.9482 17.8724ZM20.0515 25.4624C18.4784 25.7113 17.003 25.3913 15.6166 24.6003C15.5099 24.5381 15.3411 24.5115 15.2077 24.547C14.4612 24.7248 13.7146 24.9292 12.9147 25.1336C13.1192 24.3693 13.3058 23.6672 13.5102 22.9473C13.5635 22.7606 13.5369 22.6273 13.4391 22.4673C11.0039 18.5479 13.1014 13.5442 17.6163 12.5043C21.2868 11.6511 25.0285 14.1841 25.5884 17.908C26.1395 21.5519 23.6954 24.8936 20.0515 25.4624Z\" fill=\"#555555\"><\/path><\/svg><\/button><\/div>\n<\/div>\n<p class=\"paragraph\" data-paragraph-number=\"1\"><b>El papa Le\u00f3n XIV<\/b> <b>recibir\u00e1 en Buenos Aires<\/b> a algunos de los <b>principales donantes privados<\/b> que colaboren con el <b>financiamiento de su visita a la Argentina<\/b>, prevista entre el <b>8 y el 11 de noviembre<\/b>, seg\u00fan pudo saber <b>Infobae<\/b>.<\/p>\n<div class=\"marfeel-recommender marfeel-recommender-1\"><\/div>\n<p class=\"paragraph\" data-paragraph-number=\"2\"><b>La Santa Sede<\/b> ya dio su conformidad para incorporar a la agenda <b>uno o dos encuentros privados<\/b> en la <b>Ciudad de Buenos Aires<\/b> con <b>empresarios, fundaciones y benefactores<\/b> que realicen <b>aportes significativos<\/b> para ayudar a solventar los gastos del viaje.<\/p>\n<div class=\"inline ad-wrapper dfpAd ad-inline ad-text ad-component-container\" style=\"--ad-shell-height:250px;--ad-shell-width:300px\" data-ad-wrapper=\"arcad\" data-ad-type=\"inline\" data-ad-slot=\"infobae\/politica\/nota\/inline\" data-ad-container=\"dfp\" data-ad-slot-name=\"infobae\/politica\/nota\/inline\">\n<p class=\"ad-shell-label\">PUBLICIDAD<\/p>\n<div id=\"infobae\/politica\/nota\/inline\" class=\"infobae\/politica\/nota\/inline arcad ad-slot-node ad-slot-node--boxed\" data-ad-slot-id=\"infobae\/politica\/nota\/inline\"><\/div>\n<\/div>\n<p class=\"paragraph\" data-paragraph-number=\"3\">La modalidad todav\u00eda est\u00e1 en elaboraci\u00f3n y deber\u00e1 adaptarse al <b>programa definitivo<\/b> que apruebe el <b>Vaticano<\/b>, pero la <b>autorizaci\u00f3n pol\u00edtica<\/b> ya existe. La decisi\u00f3n abre ahora una etapa de <b>b\u00fasqueda de aportantes privados<\/b> para una visita cuyo <b>costo total<\/b>, seg\u00fan las primeras estimaciones que circulan entre sus organizadores, podr\u00eda ubicarse en torno de los <b>25 millones de d\u00f3lares<\/b>.<\/p>\n<div class=\"marfeel-recommender marfeel-recommender-3\"><\/div>\n<p class=\"paragraph\" data-paragraph-number=\"4\">El esquema sobre el que trabajan la <b>Iglesia<\/b> y las <b>autoridades argentinas<\/b> busca repartir los gastos. El <b>Estado nacional<\/b> deber\u00e1 hacerse cargo principalmente de las obligaciones derivadas de recibir a un <b>jefe de Estado<\/b>, especialmente la <b>seguridad<\/b>, el <b>ceremonial<\/b> y parte de la <b>log\u00edstica<\/b>. La <b>Iglesia<\/b>, en cambio, deber\u00e1 financiar buena parte de la estructura necesaria para las <b>celebraciones religiosas<\/b>, los <b>traslados de peregrinos y voluntarios<\/b>, la <b>comunicaci\u00f3n<\/b> y los distintos <b>actos pastorales<\/b>.<\/p>\n<div class=\"inline_2 ad-wrapper dfpAd ad-inline ad-text ad-component-container\" style=\"--ad-shell-height:250px;--ad-shell-width:300px\" data-ad-wrapper=\"arcad\" data-ad-type=\"inline_2\" data-ad-slot=\"infobae\/politica\/nota\/inline_2\" data-ad-container=\"dfp\" data-ad-slot-name=\"infobae\/politica\/nota\/inline_2\">\n<p class=\"ad-shell-label\">PUBLICIDAD<\/p>\n<div id=\"infobae\/politica\/nota\/inline_2\" class=\"infobae\/politica\/nota\/inline_2 arcad ad-slot-node ad-slot-node--boxed\" data-ad-slot-id=\"infobae\/politica\/nota\/inline_2\"><\/div>\n<\/div>\n<p class=\"paragraph\" data-paragraph-number=\"5\">La lista de gastos sobre la que ya hay di\u00e1logos incluye desde la <b>infraestructura para las celebraciones<\/b> (como, por ejemplo, la misa que se har\u00e1 frente al <b>Monumento a los Espa\u00f1oles de Palermo<\/b>) hasta cuestiones operativas como <b>transporte y log\u00edstica<\/b> para los cerca de <b>80 periodistas<\/b> que vendr\u00e1n con <b>Le\u00f3n XIV<\/b> en el <b>avi\u00f3n papal<\/b> desde <b>Roma<\/b>.<\/p>\n<div class=\"marfeel-recommender marfeel-recommender-5\"><\/div>\n<p class=\"paragraph\" data-paragraph-number=\"6\">La <b>Conferencia Episcopal Argentina<\/b> ya dio una primera se\u00f1al en esa direcci\u00f3n. A trav\u00e9s del <b>Programa FE<\/b> lanz\u00f3 una campa\u00f1a para recibir <b>donaciones<\/b> destinadas a la visita y anticip\u00f3 que, adem\u00e1s de una <b>colecta nacional<\/b>, buscar\u00e1 otros aportes para cubrir la organizaci\u00f3n. Por otro lado, ya hay <b>empresarios<\/b> que comprometieron <b>m\u00e1s de un mill\u00f3n de d\u00f3lares<\/b>, seg\u00fan reconstruy\u00f3 <b>Infobae<\/b>, entre otras propuestas de <b>donaciones menores<\/b> que han ido llegando al correo de la instituci\u00f3n, <b>contacto@cea.org.ar<\/b>.<\/p>\n<div class=\"ad_1 ad-wrapper dfpAd ad-1-al-6 ad-text ad-component-container\" style=\"--ad-shell-height:250px;--ad-shell-width:300px\" data-ad-wrapper=\"arcad\" data-ad-type=\"ad_1\" data-ad-slot=\"infobae\/politica\/nota\/ad_1\" data-ad-container=\"dfp\" data-ad-slot-name=\"infobae\/politica\/nota\/ad_1\">\n<p class=\"ad-shell-label\">PUBLICIDAD<\/p>\n<div id=\"infobae\/politica\/nota\/ad_1\" class=\"infobae\/politica\/nota\/ad_1 arcad ad-slot-node ad-slot-node--boxed\" data-ad-slot-id=\"infobae\/politica\/nota\/ad_1\"><\/div>\n<\/div>\n<p class=\"paragraph\" data-paragraph-number=\"7\">Pero la <b>experiencia internacional<\/b> muestra que la mayor capacidad de <b>recaudaci\u00f3n<\/b> no suele estar en las peque\u00f1as contribuciones sino en <b>empresas, fundaciones y grandes benefactores<\/b>.<\/p>\n<h2 class=\"text-align-left vertical-align-top line-height-100 header headline-class-h2 headline\" id=\"el-modelo-espanol\">El modelo espa\u00f1ol<\/h2>\n<p class=\"paragraph\" data-paragraph-number=\"8\">El antecedente m\u00e1s reciente es especialmente significativo. La visita que <b>Le\u00f3n XIV realiz\u00f3 a Espa\u00f1a<\/b> tuvo un <b>costo estimado cercano a los 26 millones de euros<\/b>. Aproximadamente el <b>45%<\/b> fue cubierto por <b>benefactores -empresas y fundaciones-<\/b>, mientras que el resto se distribuy\u00f3 entre <b>aportes eclesiales<\/b>, <b>administraciones p\u00fablicas<\/b> y <b>peque\u00f1as donaciones<\/b>.<\/p>\n<div class=\"ad_2 ad-wrapper dfpAd ad-1-al-6 ad-text ad-component-container\" style=\"--ad-shell-height:250px;--ad-shell-width:300px\" data-ad-wrapper=\"arcad\" data-ad-type=\"ad_2\" data-ad-slot=\"infobae\/politica\/nota\/ad_2\" data-ad-container=\"dfp\" data-ad-slot-name=\"infobae\/politica\/nota\/ad_2\">\n<p class=\"ad-shell-label\">PUBLICIDAD<\/p>\n<div id=\"infobae\/politica\/nota\/ad_2\" class=\"infobae\/politica\/nota\/ad_2 arcad ad-slot-node ad-slot-node--boxed\" data-ad-slot-id=\"infobae\/politica\/nota\/ad_2\"><\/div>\n<\/div>\n<p class=\"paragraph\" data-paragraph-number=\"9\">El <b>modelo espa\u00f1ol<\/b> fue todav\u00eda m\u00e1s lejos. Durante la preparaci\u00f3n del viaje, la <b>Iglesia<\/b> busc\u00f3 <b>grandes aportantes privados<\/b> mediante distintas <b>categor\u00edas de patrocinio<\/b> y reserv\u00f3 <b>instancias de cercan\u00eda con el Pont\u00edfice<\/b> para algunos de los principales <b>benefactores<\/b>.<\/p>\n<p class=\"paragraph\" data-paragraph-number=\"10\">La f\u00f3rmula permiti\u00f3 descargar una porci\u00f3n significativa del costo sobre <b>fondos privados<\/b> y es observada de cerca por quienes trabajan ahora en la <b>organizaci\u00f3n argentina<\/b>.<\/p>\n<div class=\"ad_3 ad-wrapper dfpAd ad-1-al-6 ad-text ad-component-container\" style=\"--ad-shell-height:250px;--ad-shell-width:300px\" data-ad-wrapper=\"arcad\" data-ad-type=\"ad_3\" data-ad-slot=\"infobae\/politica\/nota\/ad_3\" data-ad-container=\"dfp\" data-ad-slot-name=\"infobae\/politica\/nota\/ad_3\">\n<p class=\"ad-shell-label\">PUBLICIDAD<\/p>\n<div id=\"infobae\/politica\/nota\/ad_3\" class=\"infobae\/politica\/nota\/ad_3 arcad ad-slot-node ad-slot-node--boxed\" data-ad-slot-id=\"infobae\/politica\/nota\/ad_3\"><\/div>\n<\/div>\n<p class=\"paragraph\" data-paragraph-number=\"11\">En <b>Buenos Aires<\/b> todav\u00eda no est\u00e1 definido si existir\u00e1n <b>categor\u00edas p\u00fablicas de benefactores<\/b> ni cu\u00e1les ser\u00e1n los <b>montos m\u00ednimos<\/b> para acceder a los encuentros. S\u00ed existe, seg\u00fan pudo reconstruir <b>Infobae<\/b>, el <b>visto bueno del Vaticano<\/b> para reservar <b>uno o dos espacios<\/b> en la estad\u00eda de <b>Le\u00f3n XIV<\/b> para quienes contribuyan de manera importante a hacer econ\u00f3micamente posible el viaje.<\/p>\n<div class=\"visual__image\"><picture><source srcset=\"https:\/\/www.infobae.com\/resizer\/v2\/R3VM7X4BJRAMHI6NMJR6EYI4PA.jpeg?auth=45129dc96203209c6a462eb3a0950df907a2a2da9caecf9f7ed38cb764379631&amp;smart=true&amp;width=992&amp;height=558&amp;quality=85\" media=\"(min-width: 1000px)\"><\/source><source srcset=\"https:\/\/www.infobae.com\/resizer\/v2\/R3VM7X4BJRAMHI6NMJR6EYI4PA.jpeg?auth=45129dc96203209c6a462eb3a0950df907a2a2da9caecf9f7ed38cb764379631&amp;smart=true&amp;width=768&amp;height=432&amp;quality=85\" media=\"(min-width: 768px)\"><\/source><source srcset=\"https:\/\/www.infobae.com\/resizer\/v2\/R3VM7X4BJRAMHI6NMJR6EYI4PA.jpeg?auth=45129dc96203209c6a462eb3a0950df907a2a2da9caecf9f7ed38cb764379631&amp;smart=true&amp;width=577&amp;height=325&amp;quality=85\" media=\"(min-width: 580px)\"><\/source><source srcset=\"https:\/\/www.infobae.com\/resizer\/v2\/R3VM7X4BJRAMHI6NMJR6EYI4PA.jpeg?auth=45129dc96203209c6a462eb3a0950df907a2a2da9caecf9f7ed38cb764379631&amp;smart=true&amp;width=420&amp;height=236&amp;quality=85\" media=\"(min-width: 350px)\"><\/source><source srcset=\"https:\/\/www.infobae.com\/resizer\/v2\/R3VM7X4BJRAMHI6NMJR6EYI4PA.jpeg?auth=45129dc96203209c6a462eb3a0950df907a2a2da9caecf9f7ed38cb764379631&amp;smart=true&amp;width=350&amp;height=197&amp;quality=85\" media=\"(min-width: 80px)\"><\/source><img alt=\"Conferencia Episcopal Argentina\" class=\"global-image\" decoding=\"async\" fetchpriority=\"low\" height=\"547\" loading=\"lazy\" src=\"https:\/\/www.infobae.com\/resizer\/v2\/R3VM7X4BJRAMHI6NMJR6EYI4PA.jpeg?auth=45129dc96203209c6a462eb3a0950df907a2a2da9caecf9f7ed38cb764379631&amp;smart=true&amp;width=350&amp;height=197&amp;quality=85\" width=\"972\"><\/picture><\/div>\n<h2 class=\"text-align-left vertical-align-top line-height-100 header headline-class-h2 headline\" id=\"una-agenda-todavia-abierta\">Una agenda todav\u00eda abierta<\/h2>\n<p class=\"paragraph\" data-paragraph-number=\"12\">La definici\u00f3n final del programa entrar\u00e1 esta semana en una <b>etapa decisiva<\/b>.<\/p>\n<p class=\"paragraph\" data-paragraph-number=\"13\">Una <b>avanzada vaticana<\/b> lleg\u00f3 a la <b>Argentina<\/b> el domingo <b>30 de agosto<\/b> para recorrer los distintos escenarios, mantener reuniones con <b>autoridades nacionales y eclesiales<\/b> y terminar de ajustar aspectos de <b>seguridad, log\u00edstica y protocolo<\/b>.<\/p>\n<div class=\"ad_4 ad-wrapper dfpAd ad-1-al-6 ad-text ad-component-container\" style=\"--ad-shell-height:250px;--ad-shell-width:300px\" data-ad-wrapper=\"arcad\" data-ad-type=\"ad_4\" data-ad-slot=\"infobae\/politica\/nota\/ad_4\" data-ad-container=\"dfp\" data-ad-slot-name=\"infobae\/politica\/nota\/ad_4\">\n<p class=\"ad-shell-label\">PUBLICIDAD<\/p>\n<div id=\"infobae\/politica\/nota\/ad_4\" class=\"infobae\/politica\/nota\/ad_4 arcad ad-slot-node ad-slot-node--boxed\" data-ad-slot-id=\"infobae\/politica\/nota\/ad_4\"><\/div>\n<\/div>\n<p class=\"paragraph\" data-paragraph-number=\"14\">La expectativa es que de esas reuniones salga una estructura mucho m\u00e1s precisa del viaje, aunque por el momento todav\u00eda quedan varias <b>cartas abiertas<\/b>.<\/p>\n<p class=\"paragraph\" data-paragraph-number=\"15\">Una de las principales es el <b>encuentro entre Le\u00f3n XIV y el presidente Javier Milei en la Casa Rosada<\/b>.<\/p>\n<p class=\"paragraph\" data-paragraph-number=\"16\">Entre las alternativas bajo an\u00e1lisis aparece que la reuni\u00f3n se realice el domingo <b>8 de noviembre<\/b>, poco despu\u00e9s de la llegada del <b>Papa<\/b> a <b>Buenos Aires<\/b>, lo que permitir\u00eda resolver inmediatamente la <b>dimensi\u00f3n institucional del viaje<\/b>. Si la visita de <b>Robert Prevost<\/b> a la <b>Casa Rosada<\/b> es el domingo 8, tambi\u00e9n est\u00e1 previsto que esa tarde el <b>Papa<\/b> tenga un <b>encuentro institucional<\/b> \u201ccon representantes de la <b>sociedad civil y el cuerpo diplom\u00e1tico<\/b>\u201d en el <b>Palacio Libertad<\/b>. As\u00ed, la ma\u00f1ana del 9 quedar\u00eda despejada para el inicio de la <b>etapa plenamente pastoral del viaje<\/b>.<\/p>\n<div class=\"ad_5 ad-wrapper dfpAd ad-1-al-6 ad-text ad-component-container\" style=\"--ad-shell-height:250px;--ad-shell-width:300px\" data-ad-wrapper=\"arcad\" data-ad-type=\"ad_5\" data-ad-slot=\"infobae\/politica\/nota\/ad_5\" data-ad-container=\"dfp\" data-ad-slot-name=\"infobae\/politica\/nota\/ad_5\">\n<p class=\"ad-shell-label\">PUBLICIDAD<\/p>\n<div id=\"infobae\/politica\/nota\/ad_5\" class=\"infobae\/politica\/nota\/ad_5 arcad ad-slot-node ad-slot-node--boxed\" data-ad-slot-id=\"infobae\/politica\/nota\/ad_5\"><\/div>\n<\/div>\n<p class=\"paragraph\" data-paragraph-number=\"17\">La decisi\u00f3n no es menor. Ordenar\u00e1 buena parte del resto del <b>programa porte\u00f1o<\/b> y determinar\u00e1 tambi\u00e9n cu\u00e1nto tiempo quedar\u00e1 disponible para otras <b>actividades p\u00fablicas y privadas<\/b>.<\/p>\n<p class=\"paragraph\" data-paragraph-number=\"18\">Tambi\u00e9n deber\u00e1n terminar de fijarse <b>horarios y formatos<\/b> de las <b>grandes celebraciones<\/b>, las caracter\u00edsticas de los <b>traslados<\/b> y el equilibrio entre <b>Buenos Aires, C\u00f3rdoba y Luj\u00e1n<\/b>, las tres escalas previstas.<\/p>\n<div class=\"ad_6 ad-wrapper dfpAd ad-1-al-6 ad-text ad-component-container\" style=\"--ad-shell-height:250px;--ad-shell-width:300px\" data-ad-wrapper=\"arcad\" data-ad-type=\"ad_6\" data-ad-slot=\"infobae\/politica\/nota\/ad_6\" data-ad-container=\"dfp\" data-ad-slot-name=\"infobae\/politica\/nota\/ad_6\">\n<p class=\"ad-shell-label\">PUBLICIDAD<\/p>\n<div id=\"infobae\/politica\/nota\/ad_6\" class=\"infobae\/politica\/nota\/ad_6 arcad ad-slot-node ad-slot-node--boxed\" data-ad-slot-id=\"infobae\/politica\/nota\/ad_6\"><\/div>\n<\/div>\n<p class=\"paragraph\" data-paragraph-number=\"19\">Cada cambio puede modificar sensiblemente el <b>presupuesto<\/b>. Una misa para <b>cientos de miles de personas<\/b> implica <b>vallados, sonido, pantallas, estructuras, asistencia sanitaria, ba\u00f1os, acreditaciones, transporte y cientos o miles de voluntarios<\/b>. A eso se agregan <b>centros de prensa, desplazamientos<\/b> y toda la infraestructura necesaria para recibir al <b>contingente internacional de periodistas<\/b> que acompa\u00f1a habitualmente al <b>Pont\u00edfice<\/b>.<\/p>\n<h2 class=\"text-align-left vertical-align-top line-height-100 header headline-class-h2 headline\" id=\"horas-libres-en-la-nunciatura\">Horas libres en la Nunciatura<\/h2>\n<p class=\"paragraph\" data-paragraph-number=\"20\">Los encuentros con los <b>donantes<\/b> no ser\u00edan, adem\u00e1s, las \u00fanicas <b>reuniones privadas<\/b> que <b>Le\u00f3n XIV<\/b> podr\u00eda mantener durante su paso por <b>Buenos Aires<\/b>.<\/p>\n<p class=\"paragraph\" data-paragraph-number=\"21\">La <b>Santa Sede<\/b> pidi\u00f3 expresamente que el programa preserve algunos <b>momentos libres<\/b> en la <b>Nunciatura Apost\u00f3lica<\/b>, donde se alojar\u00e1 el <b>Pont\u00edfice<\/b> durante su <b>estad\u00eda porte\u00f1a<\/b>. En particular, el <b>Vaticano<\/b> busca mantener despejadas franjas de las tardes del <b>8, 9 y 10 de noviembre<\/b>, que inicialmente figurar\u00edan como tiempos de descanso pero que podr\u00edan terminar utiliz\u00e1ndose para <b>reuniones privadas<\/b> que no aparezcan dentro del <b>programa p\u00fablico<\/b>.<\/p>\n<p class=\"paragraph\" data-paragraph-number=\"22\">Es una pr\u00e1ctica habitual en los <b>viajes pontificios<\/b>. Al margen de las <b>actividades oficiales<\/b>, los <b>Papas<\/b> suelen reservar espacios para recibir a <b>personalidades, dirigentes religiosos, amigos o interlocutores considerados de especial inter\u00e9s<\/b>, encuentros que muchas veces s\u00f3lo se conocen despu\u00e9s de realizados.<\/p>\n<p class=\"paragraph\" data-paragraph-number=\"23\">En una visita tan breve como la <b>argentina<\/b>, esas horas tendr\u00e1n un <b>valor adicional<\/b>. <b>Le\u00f3n XIV<\/b> permanecer\u00e1 apenas <b>cuatro d\u00edas en el pa\u00eds<\/b> y buena parte de la agenda estar\u00e1 ocupada por <b>celebraciones masivas, desplazamientos y compromisos institucionales<\/b>.<\/p>\n<h2 class=\"text-align-left vertical-align-top line-height-100 header headline-class-h2 headline\" id=\"una-visita-despues-de-39-anos\">Una visita despu\u00e9s de 39 a\u00f1os<\/h2>\n<div class=\"visual__image\"><picture><source srcset=\"https:\/\/www.infobae.com\/resizer\/v2\/3AIVIVNUFJHTDATYASDG3UJTB4.jpg?auth=28437407f94fe21d678a507ed86ea44c072b425d5ae61e8750801bc6daefa1df&amp;smart=true&amp;width=992&amp;height=558&amp;quality=85\" media=\"(min-width: 1000px)\"><\/source><source srcset=\"https:\/\/www.infobae.com\/resizer\/v2\/3AIVIVNUFJHTDATYASDG3UJTB4.jpg?auth=28437407f94fe21d678a507ed86ea44c072b425d5ae61e8750801bc6daefa1df&amp;smart=true&amp;width=768&amp;height=432&amp;quality=85\" media=\"(min-width: 768px)\"><\/source><source srcset=\"https:\/\/www.infobae.com\/resizer\/v2\/3AIVIVNUFJHTDATYASDG3UJTB4.jpg?auth=28437407f94fe21d678a507ed86ea44c072b425d5ae61e8750801bc6daefa1df&amp;smart=true&amp;width=577&amp;height=325&amp;quality=85\" media=\"(min-width: 580px)\"><\/source><source srcset=\"https:\/\/www.infobae.com\/resizer\/v2\/3AIVIVNUFJHTDATYASDG3UJTB4.jpg?auth=28437407f94fe21d678a507ed86ea44c072b425d5ae61e8750801bc6daefa1df&amp;smart=true&amp;width=420&amp;height=236&amp;quality=85\" media=\"(min-width: 350px)\"><\/source><source srcset=\"https:\/\/www.infobae.com\/resizer\/v2\/3AIVIVNUFJHTDATYASDG3UJTB4.jpg?auth=28437407f94fe21d678a507ed86ea44c072b425d5ae61e8750801bc6daefa1df&amp;smart=true&amp;width=350&amp;height=197&amp;quality=85\" media=\"(min-width: 80px)\"><\/source><img alt=\"La multitudinaria misa de Juan Pablo II en la 9 de Julio. Cuando Le\u00f3n XIV llegue a Buenos Aires habr\u00e1n pasado 39 a\u00f1os desde la \u00faltima visita de un Papa a la Argentina, la de Juan Pablo II en abril de 1987.\" class=\"global-image\" decoding=\"async\" fetchpriority=\"low\" height=\"1080\" loading=\"lazy\" src=\"https:\/\/www.infobae.com\/resizer\/v2\/3AIVIVNUFJHTDATYASDG3UJTB4.jpg?auth=28437407f94fe21d678a507ed86ea44c072b425d5ae61e8750801bc6daefa1df&amp;smart=true&amp;width=350&amp;height=197&amp;quality=85\" width=\"1920\"><\/picture><\/div>\n<p class=\"paragraph\" data-paragraph-number=\"24\">La dimensi\u00f3n del acontecimiento excede adem\u00e1s al <b>mundo cat\u00f3lico<\/b>. Cuando <b>Le\u00f3n XIV<\/b> llegue a <b>Buenos Aires<\/b> habr\u00e1n pasado <b>39 a\u00f1os<\/b> desde la <b>\u00faltima visita de un Papa a la Argentina<\/b>, la de <b>Juan Pablo II<\/b> en <b>abril de 1987<\/b>.<\/p>\n<p class=\"paragraph\" data-paragraph-number=\"25\">En el medio transcurri\u00f3 completo el <b>pontificado de Francisco<\/b>, el <b>primer Papa argentino de la historia<\/b>, que nunca regres\u00f3 al pa\u00eds durante sus <b>doce a\u00f1os al frente de la Iglesia<\/b>.<\/p>\n<p class=\"paragraph\" data-paragraph-number=\"26\">Esa excepcionalidad explica tambi\u00e9n las <b>expectativas econ\u00f3micas<\/b> que rodean al viaje. Las <b>experiencias europeas recientes<\/b> muestran que una <b>visita pontificia<\/b> puede movilizar varias veces el dinero invertido inicialmente, por el movimiento de <b>peregrinos, alojamiento, gastronom\u00eda y transporte<\/b>.<\/p>\n<p class=\"paragraph\" data-paragraph-number=\"27\">Las <b>dimensiones argentinas<\/b> ser\u00e1n diferentes, pero <b>Gobierno e Iglesia<\/b> esperan una <b>movilizaci\u00f3n masiva<\/b> hacia los principales puntos del recorrido, especialmente <b>Buenos Aires y Luj\u00e1n<\/b>.<\/p>\n<p class=\"paragraph\" data-paragraph-number=\"28\">Antes deber\u00e1n resolver <b>c\u00f3mo pagarla<\/b> y terminar de acomodar una agenda que esta semana empezar\u00e1 a tomar su <b>forma definitiva<\/b>.<\/p>\n<p class=\"paragraph\" data-paragraph-number=\"29\">En ese dise\u00f1o, los <b>grandes donantes privados<\/b> tendr\u00e1n un <b>papel central<\/b>. Y algunos de ellos tendr\u00e1n adem\u00e1s una <b>oportunidad extraordinariamente infrecuente<\/b>: <b>encontrarse personalmente con Le\u00f3n XIV durante su paso por Buenos Aires<\/b>.<\/p>\n","protected":false},"excerpt":{"rendered":"<p>01 Sep, 2026 10:07 a. m. EST Guardar El papa Le\u00f3n XIV recibir\u00e1 en Buenos Aires a algunos de los principales donantes privados que colaboren con el financiamiento de su visita a la Argentina, prevista entre el 8 y el 11 de noviembre, seg\u00fan pudo saber Infobae. La Santa Sede ya dio su conformidad para [&hellip;]<\/p>\n","protected":false},"author":1,"featured_media":24355,"comment_status":"open","ping_status":"open","sticky":false,"template":"","format":"standard","meta":{"footnotes":""},"categories":[1],"tags":[],"class_list":["post-24549","post","type-post","status-publish","format-standard","has-post-thumbnail","hentry","category-uncategorized"],"_links":{"self":[{"href":"https:\/\/cliente1.publisher.highstack.com.ar\/index.php?rest_route=\/wp\/v2\/posts\/24549","targetHints":{"allow":["GET"]}}],"collection":[{"href":"https:\/\/cliente1.publisher.highstack.com.ar\/index.php?rest_route=\/wp\/v2\/posts"}],"about":[{"href":"https:\/\/cliente1.publisher.highstack.com.ar\/index.php?rest_route=\/wp\/v2\/types\/post"}],"author":[{"embeddable":true,"href":"https:\/\/cliente1.publisher.highstack.com.ar\/index.php?rest_route=\/wp\/v2\/users\/1"}],"replies":[{"embeddable":true,"href":"https:\/\/cliente1.publisher.highstack.com.ar\/index.php?rest_route=%2Fwp%2Fv2%2Fcomments&post=24549"}],"version-history":[{"count":0,"href":"https:\/\/cliente1.publisher.highstack.com.ar\/index.php?rest_route=\/wp\/v2\/posts\/24549\/revisions"}],"wp:featuredmedia":[{"embeddable":true,"href":"https:\/\/cliente1.publisher.highstack.com.ar\/index.php?rest_route=\/wp\/v2\/media\/24355"}],"wp:attachment":[{"href":"https:\/\/cliente1.publisher.highstack.com.ar\/index.php?rest_route=%2Fwp%2Fv2%2Fmedia&parent=24549"}],"wp:term":[{"taxonomy":"category","embeddable":true,"href":"https:\/\/cliente1.publisher.highstack.com.ar\/index.php?rest_route=%2Fwp%2Fv2%2Fcategories&post=24549"},{"taxonomy":"post_tag","embeddable":true,"href":"https:\/\/cliente1.publisher.highstack.com.ar\/index.php?rest_route=%2Fwp%2Fv2%2Ftags&post=24549"}],"curies":[{"name":"wp","href":"https:\/\/api.w.org\/{rel}","templated":true}]}}