{"id":24547,"date":"2026-09-01T11:16:45","date_gmt":"2026-09-01T14:16:45","guid":{"rendered":"https:\/\/cliente1.publisher.highstack.com.ar\/?p=24547"},"modified":"2026-09-01T11:16:45","modified_gmt":"2026-09-01T14:16:45","slug":"procesaron-a-cuatro-militares-retirados-por-crimenes-de-lesa-humanidad-en-concordia","status":"publish","type":"post","link":"https:\/\/cliente1.publisher.highstack.com.ar\/?p=24547","title":{"rendered":"Procesaron a cuatro militares retirados por cr\u00edmenes de lesa humanidad en Concordia"},"content":{"rendered":"<p><\/p>\n<div>\n<p><b>El procesamiento de cuatro militares retirados por cr\u00edmenes de lesa humanidad en Concordia<\/b> fue dispuesto por el Juzgado Federal N\u00ba 1 de Concepci\u00f3n del Uruguay en una causa que investiga secuestros, torturas, violencia sexual y el encubrimiento del homicidio del conscripto Jorge Emilio Papetti durante la \u00faltima dictadura. <\/p>\n<p><!-- is a <br \/>--><\/p>\n<p>\u00a0<\/p>\n<p><!-- is a <br \/>--><\/p>\n<p>De acuerdo a la informaci\u00f3n brindada por <i>Diario Junio Digital<\/i>, la resoluci\u00f3n, firmada por la jueza federal subrogante Anal\u00eda Graciela Ramponi, alcanz\u00f3 a Juan Ignacio Aleman, Jorge Enrique Echeverr\u00eda, Miguel \u00c1ngel Galeano y Horacio Alberto Goris. La magistrada reconstruy\u00f3 la existencia de una estructura represiva que oper\u00f3 desde el Regimiento de Caballer\u00eda de Tanques 6 \u201cBlandengues\u201d de Concordia. <\/p>\n<p><!-- is a <br \/>--><\/p>\n<p>\u00a0<\/p>\n<p><!-- is a <br \/>--><\/p>\n<p><!-- is a object --><br \/>\n<!-- embed start --><!-- embed end --><br \/>\n<!-- end object --><\/p>\n<p>\u00a0<\/p>\n<p><!-- is a <br \/>--><\/p>\n<p>El fallo se conoci\u00f3 poco m\u00e1s de dos meses despu\u00e9s de un pedido de pronto despacho presentado por familiares de v\u00edctimas y organizaciones de derechos humanos. Los cuatro militares hab\u00edan sido indagados m\u00e1s de dos a\u00f1os antes y todav\u00eda no contaban con una definici\u00f3n sobre su situaci\u00f3n procesal. <\/p>\n<p><!-- is a <br \/>--><\/p>\n<p>\u00a0<\/p>\n<p><!-- is a <br \/>--><\/p>\n<p><!-- is a object --><\/p>\n<h3>La investigaci\u00f3n y el rol del Regimiento 6<\/h3>\n<p><!-- end object --><\/p>\n<p>\u00a0<\/p>\n<p><!-- is a <br \/>--><\/p>\n<p>La causa FPA 5688\/2021 comenz\u00f3 en abril de 2021 a partir de una denuncia de Mar\u00eda Julia Su\u00e1rez, ciudadana uruguaya que relat\u00f3 haber sido secuestrada el 3 de julio de 1977 junto con su hermano Jes\u00fas Silverio Su\u00e1rez, Eduardo Robatto Guerreiro y Luis Urrutia. <\/p>\n<p><!-- is a <br \/>--><\/p>\n<p>\u00a0<\/p>\n<p><!-- is a <br \/>--><\/p>\n<p>Seg\u00fan su testimonio, fueron llevados inicialmente a la Jefatura Departamental de Polic\u00eda de Concordia y luego trasladados a diferentes lugares clandestinos, donde sufrieron interrogatorios y torturas. Finalmente fueron alojados en la Unidad Penal N\u00ba 3. Su\u00e1rez tambi\u00e9n denunci\u00f3 haber sufrido violencia sexual durante su cautiverio. <\/p>\n<p><!-- is a <br \/>--><\/p>\n<p>\u00a0<\/p>\n<p><!-- is a <br \/>--><\/p>\n<p><!-- is a object --><br \/>\n<!-- embed start --><\/p>\n<figure class=\"embed\">\n<p>    <img decoding=\"async\" src=\"https:\/\/elonce-media.elonce.com\/fotos\/2026\/09\/01\/e_1788270781_90871.webp\" loading=\"lazy\" width=\"600\" height=\"400\" alt=\"(Diario Junio Digital)\"\/><figcaption>\n            <span>(Diario Junio Digital)<\/span><br \/>\n        <\/figcaption><\/figure>\n<p><!-- embed end --><br \/>\n<!-- end object --><\/p>\n<p>\u00a0<\/p>\n<p><!-- is a <br \/>--><\/p>\n<p>La resoluci\u00f3n ubica a Echeverr\u00eda y Aleman en funciones de direcci\u00f3n dentro del Grupo de Inteligencia del Regimiento. Galeano y el fallecido sargento H\u00e9ctor An\u00edbal Amarillo ocupaban posiciones subordinadas y ejecutivas, mientras que Goris qued\u00f3 particularmente vinculado con el caso Papetti por su condici\u00f3n de jefe de personal. <\/p>\n<p><!-- is a <br \/>--><\/p>\n<p>\u00a0<\/p>\n<p><!-- is a <br \/>--><\/p>\n<p><!-- is a object --><\/p>\n<h3>Secuestros y torturas de ciudadanos uruguayos<\/h3>\n<p><!-- end object --><\/p>\n<p>\u00a0<\/p>\n<p><!-- is a <br \/>--><\/p>\n<p>La Justicia atribuy\u00f3 a Aleman y Echeverr\u00eda responsabilidad por la privaci\u00f3n ilegal de la libertad y los tormentos sufridos por ciudadanos uruguayos. Seg\u00fan la reconstrucci\u00f3n judicial, las v\u00edctimas fueron sometidas a golpes, plantones, submarino seco, picana el\u00e9ctrica y el denominado &#8220;tel\u00e9fono&#8221;, y permanecieron detenidas durante m\u00e1s de 20 d\u00edas. <\/p>\n<p><!-- is a <br \/>--><\/p>\n<p>\u00a0<\/p>\n<p><!-- is a <br \/>--><\/p>\n<p>La investigaci\u00f3n tambi\u00e9n comprendi\u00f3 la detenci\u00f3n de Brenda Levith, Luis Su\u00e1rez y el hijo de ambos, Joaqu\u00edn Su\u00e1rez Levith, que ten\u00eda tres a\u00f1os. Permanecieron m\u00e1s de 15 d\u00edas en la Jefatura Departamental de Concordia antes de ser trasladados clandestinamente hacia Uruguay. <\/p>\n<p><!-- is a <br \/>--><\/p>\n<p>\u00a0<\/p>\n<p><!-- is a <br \/>--><\/p>\n<p><!-- is a object --><br \/>\n<!-- embed start --><\/p>\n<figure class=\"embed\">\n<p>    <img decoding=\"async\" src=\"https:\/\/elonce-media.elonce.com\/fotos\/2024\/09\/11\/e_1726053120_45306.webp\" loading=\"lazy\" width=\"600\" height=\"400\" alt=\"\"\/><\/p>\n<\/figure>\n<p><!-- embed end --><br \/>\n<!-- end object --><\/p>\n<p>\u00a0<\/p>\n<p><!-- is a <br \/>--><\/p>\n<p>\u00a0<\/p>\n<p><!-- is a <br \/>--><\/p>\n<p>En cuanto a Mar\u00eda Julia Su\u00e1rez, la resoluci\u00f3n analiz\u00f3 la violencia sexual denunciada. Aunque se\u00f1al\u00f3 al sargento Amarillo como autor material, la magistrada consider\u00f3 tambi\u00e9n la responsabilidad de Aleman y Echeverr\u00eda por sus posiciones de conducci\u00f3n. Ambos fueron procesados por abuso deshonesto agravado por el concurso de dos o m\u00e1s personas, seg\u00fan la figura penal vigente al momento de los hechos. <\/p>\n<p><!-- is a <br \/>--><\/p>\n<p>\u00a0<\/p>\n<p><!-- is a <br \/>--><\/p>\n<p><!-- is a object --><\/p>\n<h3>El caso Papetti y la versi\u00f3n sobre una fuga<\/h3>\n<p><!-- end object --><\/p>\n<p>\u00a0<\/p>\n<p><!-- is a <br \/>--><\/p>\n<p>Otro eje de la causa es el caso de Jorge Emilio Papetti, quien cumpl\u00eda el servicio militar obligatorio en Concordia. De acuerdo con la investigaci\u00f3n, fue privado ilegalmente de su libertad el 15 de marzo de 1977 dentro del Regimiento, sometido a tormentos y posteriormente trasladado a Paran\u00e1. <\/p>\n<p><!-- is a <br \/>--><\/p>\n<p>\u00a0<\/p>\n<p><!-- is a <br \/>--><\/p>\n<p>La Justicia ya hab\u00eda establecido en otra causa que Papetti muri\u00f3 durante una sesi\u00f3n de torturas. Sin embargo, durante a\u00f1os las autoridades militares sostuvieron que hab\u00eda escapado durante un traslado por la Ruta Nacional 18. Para la magistrada, esa fuga nunca ocurri\u00f3 y se confeccionaron actuaciones y declaraciones falsas para ocultar el verdadero destino del conscripto. <\/p>\n<p><!-- is a <br \/>--><\/p>\n<p>\u00a0<\/p>\n<p><!-- is a <br \/>--><\/p>\n<p><!-- is a object --><br \/>\n<!-- embed start --><\/p>\n<figure class=\"embed\">\n<p>    <img decoding=\"async\" src=\"https:\/\/elonce-media.elonce.com\/fotos\/2024\/12\/21\/e_1734818170_96275.webp\" loading=\"lazy\" width=\"600\" height=\"400\" alt=\"\"\/><\/p>\n<\/figure>\n<p><!-- embed end --><br \/>\n<!-- end object --><\/p>\n<p>\u00a0<\/p>\n<p><!-- is a <br \/>--><\/p>\n<p>La participaci\u00f3n en ese encubrimiento alcanza a los cuatro procesados. Seg\u00fan el fallo, Goris habr\u00eda afirmado que Papetti fue entregado para su traslado; Galeano sostuvo que integr\u00f3 la comisi\u00f3n que lo transport\u00f3; Aleman afirm\u00f3 que se fug\u00f3 durante el operativo, mientras que Echeverr\u00eda aparece se\u00f1alado como responsable del Grupo de Inteligencia. <\/p>\n<p><!-- is a <br \/>--><\/p>\n<p>\u00a0<\/p>\n<p><!-- is a <br \/>--><\/p>\n<p><!-- is a object --><\/p>\n<h3>Diferencias entre los procesamientos<\/h3>\n<p><!-- end object --><\/p>\n<p>\u00a0<\/p>\n<p><!-- is a <br \/>--><\/p>\n<p>Los cuatro fueron procesados por asociaci\u00f3n il\u00edcita y por el encubrimiento del homicidio de Papetti, aunque la resoluci\u00f3n establece diferencias. Aleman y Echeverr\u00eda tambi\u00e9n fueron procesados por privaciones ilegales de la libertad y tormentos contra ciudadanos uruguayos y por el abuso deshonesto agravado contra Mar\u00eda Julia Su\u00e1rez. <\/p>\n<p><!-- is a <br \/>--><\/p>\n<p>\u00a0<\/p>\n<p><!-- is a <br \/>--><\/p>\n<p><!-- is a object --><br \/>\n<!-- embed start --><!-- embed end --><br \/>\n<!-- end object --><\/p>\n<p>\u00a0<\/p>\n<p><!-- is a <br \/>--><\/p>\n<p>Goris fue procesado por la privaci\u00f3n ilegal de la libertad y los tormentos sufridos por Papetti. En cambio, Galeano recibi\u00f3 falta de m\u00e9rito respecto de su presunta participaci\u00f3n directa en secuestros, torturas y violencia sexual. La jueza entendi\u00f3 que existen sospechas, pero que los elementos reunidos todav\u00eda no alcanzan para atribuirle intervenci\u00f3n directa en esos hechos. <\/p>\n<p><!-- is a <br \/>--><\/p>\n<p>\u00a0<\/p>\n<p><!-- is a <br \/>--><\/p>\n<p>Aleman y Echeverr\u00eda tambi\u00e9n recibieron falta de m\u00e9rito por la privaci\u00f3n de libertad y las torturas sufridas por Papetti, aunque quedaron procesados por el encubrimiento de su homicidio. <\/p>\n<p><!-- is a <br \/>--><\/p>\n<p>\u00a0<\/p>\n<p><!-- is a <br \/>--><\/p>\n<p><!-- is a object --><\/p>\n<h3>Seguir\u00e1n en libertad con restricciones<\/h3>\n<p><!-- end object --><\/p>\n<p>\u00a0<\/p>\n<p><!-- is a <br \/>--><\/p>\n<p>La jueza resolvi\u00f3 que los cuatro contin\u00faen en libertad durante el proceso, al considerar sus edades, el arraigo familiar y domiciliario y que comparecieron ante la Justicia cuando fueron citados. No obstante, dispuso medidas para garantizar que permanezcan a disposici\u00f3n del tribunal. <\/p>\n<p><!-- is a <br \/>--><\/p>\n<p>\u00a0<\/p>\n<p><!-- is a <br \/>--><\/p>\n<p><!-- is a object --><br \/>\n<!-- embed start --><!-- embed end --><br \/>\n<!-- end object --><\/p>\n<p>\u00a0<\/p>\n<p><!-- is a <br \/>--><\/p>\n<p>Deber\u00e1n realizar una comparecencia telef\u00f3nica mensual, no podr\u00e1n ausentarse durante m\u00e1s de 48 horas de sus domicilios sin informar al juzgado ni salir del pa\u00eds sin autorizaci\u00f3n. Tambi\u00e9n deber\u00e1n entregar sus pasaportes si los poseen. El incumplimiento podr\u00e1 derivar en su detenci\u00f3n. <\/p>\n<p><!-- is a <br \/>--><\/p>\n<p>\u00a0<\/p>\n<p><!-- is a <br \/>--><\/p>\n<p>Adem\u00e1s, la Justicia orden\u00f3 <b>embargos por $30 millones sobre los bienes de cada uno de los procesados<\/b>. La resoluci\u00f3n estableci\u00f3 que los hechos investigados constituyen <b>delitos de lesa humanidad y, por lo tanto, son imprescriptibles<\/b>.<\/p>\n<\/p><\/div>\n","protected":false},"excerpt":{"rendered":"<p>El procesamiento de cuatro militares retirados por cr\u00edmenes de lesa humanidad en Concordia fue dispuesto por el Juzgado Federal N\u00ba 1 de Concepci\u00f3n del Uruguay en una causa que investiga secuestros, torturas, violencia sexual y el encubrimiento del homicidio del conscripto Jorge Emilio Papetti durante la \u00faltima dictadura. \u00a0 De acuerdo a la informaci\u00f3n brindada [&hellip;]<\/p>\n","protected":false},"author":1,"featured_media":24548,"comment_status":"open","ping_status":"open","sticky":false,"template":"","format":"standard","meta":{"footnotes":""},"categories":[1],"tags":[],"class_list":["post-24547","post","type-post","status-publish","format-standard","has-post-thumbnail","hentry","category-uncategorized"],"_links":{"self":[{"href":"https:\/\/cliente1.publisher.highstack.com.ar\/index.php?rest_route=\/wp\/v2\/posts\/24547","targetHints":{"allow":["GET"]}}],"collection":[{"href":"https:\/\/cliente1.publisher.highstack.com.ar\/index.php?rest_route=\/wp\/v2\/posts"}],"about":[{"href":"https:\/\/cliente1.publisher.highstack.com.ar\/index.php?rest_route=\/wp\/v2\/types\/post"}],"author":[{"embeddable":true,"href":"https:\/\/cliente1.publisher.highstack.com.ar\/index.php?rest_route=\/wp\/v2\/users\/1"}],"replies":[{"embeddable":true,"href":"https:\/\/cliente1.publisher.highstack.com.ar\/index.php?rest_route=%2Fwp%2Fv2%2Fcomments&post=24547"}],"version-history":[{"count":0,"href":"https:\/\/cliente1.publisher.highstack.com.ar\/index.php?rest_route=\/wp\/v2\/posts\/24547\/revisions"}],"wp:featuredmedia":[{"embeddable":true,"href":"https:\/\/cliente1.publisher.highstack.com.ar\/index.php?rest_route=\/wp\/v2\/media\/24548"}],"wp:attachment":[{"href":"https:\/\/cliente1.publisher.highstack.com.ar\/index.php?rest_route=%2Fwp%2Fv2%2Fmedia&parent=24547"}],"wp:term":[{"taxonomy":"category","embeddable":true,"href":"https:\/\/cliente1.publisher.highstack.com.ar\/index.php?rest_route=%2Fwp%2Fv2%2Fcategories&post=24547"},{"taxonomy":"post_tag","embeddable":true,"href":"https:\/\/cliente1.publisher.highstack.com.ar\/index.php?rest_route=%2Fwp%2Fv2%2Ftags&post=24547"}],"curies":[{"name":"wp","href":"https:\/\/api.w.org\/{rel}","templated":true}]}}