{"id":24541,"date":"2026-09-01T10:49:53","date_gmt":"2026-09-01T13:49:53","guid":{"rendered":"https:\/\/cliente1.publisher.highstack.com.ar\/?p=24541"},"modified":"2026-09-01T10:49:53","modified_gmt":"2026-09-01T13:49:53","slug":"pelotudo-atomico-un-economista-propuso-que-haya-menos-creditos-y-provoco-la-reaccion-del-presidente","status":"publish","type":"post","link":"https:\/\/cliente1.publisher.highstack.com.ar\/?p=24541","title":{"rendered":"\u201cPelotudo at\u00f3mico\u201d: un economista propuso que haya menos cr\u00e9ditos y provoc\u00f3 la reacci\u00f3n del Presidente"},"content":{"rendered":"<div class=\"visual__image image-initial-width\"><picture><source srcset=\"https:\/\/www.infobae.com\/resizer\/v2\/2PR4U2XNTRESZKTILH4RCXFMLY.jpg?auth=5f49befdf3085b99604d296c5ed2f5a4a1994a77aed3c61a1561cddfc5e0a94d&amp;smart=true&amp;width=992&amp;height=558&amp;quality=85\" media=\"(min-width: 1000px)\"><\/source><source srcset=\"https:\/\/www.infobae.com\/resizer\/v2\/2PR4U2XNTRESZKTILH4RCXFMLY.jpg?auth=5f49befdf3085b99604d296c5ed2f5a4a1994a77aed3c61a1561cddfc5e0a94d&amp;smart=true&amp;width=768&amp;height=432&amp;quality=85\" media=\"(min-width: 768px)\"><\/source><source srcset=\"https:\/\/www.infobae.com\/resizer\/v2\/2PR4U2XNTRESZKTILH4RCXFMLY.jpg?auth=5f49befdf3085b99604d296c5ed2f5a4a1994a77aed3c61a1561cddfc5e0a94d&amp;smart=true&amp;width=577&amp;height=325&amp;quality=85\" media=\"(min-width: 580px)\"><\/source><source srcset=\"https:\/\/www.infobae.com\/resizer\/v2\/2PR4U2XNTRESZKTILH4RCXFMLY.jpg?auth=5f49befdf3085b99604d296c5ed2f5a4a1994a77aed3c61a1561cddfc5e0a94d&amp;smart=true&amp;width=420&amp;height=236&amp;quality=85\" media=\"(min-width: 350px)\"><\/source><source srcset=\"https:\/\/www.infobae.com\/resizer\/v2\/2PR4U2XNTRESZKTILH4RCXFMLY.jpg?auth=5f49befdf3085b99604d296c5ed2f5a4a1994a77aed3c61a1561cddfc5e0a94d&amp;smart=true&amp;width=350&amp;height=197&amp;quality=85\" media=\"(min-width: 80px)\"><\/source><img alt=\"Javier Milei \ufeffEmmanuel \u00c1lvarez Agis\" class=\"global-image\" decoding=\"async\" fetchpriority=\"high\" height=\"1080\" loading=\"eager\" src=\"https:\/\/www.infobae.com\/resizer\/v2\/2PR4U2XNTRESZKTILH4RCXFMLY.jpg?auth=5f49befdf3085b99604d296c5ed2f5a4a1994a77aed3c61a1561cddfc5e0a94d&amp;smart=true&amp;width=350&amp;height=197&amp;quality=85\" width=\"1920\"><\/picture><\/div>\n<div class=\"sharebar-container display_flex sharebar-new\" style=\"opacity:1\">\n<div class=\"share-bar-article-date-container \"><span class=\"sharebar-article-date\">01 Sep, 2026 09:18 a. m. EST<\/span><\/div>\n<div class=\"sharebar-buttons-container display_flex\">\n<div aria-label=\"Guardar\" class=\"sharebar-buttons button-save\" role=\"button\" tabindex=\"0\"><svg width=\"9\" height=\"12\" viewbox=\"0 0 8 10\" fill=\"none\" xmlns=\"http:\/\/www.w3.org\/2000\/svg\" class=\"saved-icon saved\"><path d=\"M6.64286 0.5V9.31687L4.1116 7.16407L4.11106 7.16361C3.79894 6.89891 3.34392 6.89891 3.03179 7.16361L3.03126 7.16407L0.5 9.31687V0.5H6.64286Z\"><\/path><\/svg><span class=\"buttons-save-text\">Guardar<\/span><\/div>\n<div class=\"sharebar-buttons-separator\"><\/div>\n<p><button class=\"sharemenu-buttons display_flex\" aria-label=\"Compartir en Telegram\"><svg width=\"38\" height=\"38\" viewbox=\"0 0 38 38\" fill=\"none\" xmlns=\"http:\/\/www.w3.org\/2000\/svg\"><rect x=\"0.5\" y=\"0.5\" width=\"37\" height=\"37\" rx=\"18.5\" fill=\"white\"><\/rect><rect x=\"0.5\" y=\"0.5\" width=\"37\" height=\"37\" rx=\"18.5\" stroke=\"#C2C2C2\"><\/rect><path d=\"M24.9696 12.5511L10.3405 18.0494C10.0623 18.151 9.92701 18.4484 10.0398 18.7168C10.0999 18.8619 10.2277 18.9779 10.3856 19.0214L14.1068 20.0805L15.4975 24.3312C15.6028 24.6576 15.9636 24.839 16.2944 24.7374C16.3921 24.7084 16.4823 24.6504 16.5575 24.5778L18.482 22.6846L22.2558 25.354C22.6091 25.6006 23.0977 25.5281 23.3533 25.1872C23.421 25.1001 23.4661 24.9986 23.4887 24.897L25.9845 13.3707C26.0672 12.979 25.8116 12.5946 25.4056 12.5148C25.2628 12.4858 25.1124 12.5003 24.9771 12.5511M23.1429 15.1116L16.347 20.9147C16.2793 20.9727 16.2342 21.0525 16.2267 21.1395L15.9636 23.381C15.9636 23.4172 15.926 23.4462 15.8884 23.439C15.8583 23.439 15.8358 23.4172 15.8283 23.3955L14.7533 20.0442C14.7007 19.8919 14.7683 19.7251 14.9111 19.638L22.9399 14.836C23.0226 14.7852 23.1353 14.8142 23.1804 14.894C23.2255 14.9666 23.2105 15.0536 23.1504 15.1116\" fill=\"#555555\"><\/path><\/svg><\/button><button class=\"sharemenu-buttons display_flex\" aria-label=\"Compartir en Linkedin\"><svg width=\"38\" height=\"38\" viewbox=\"0 0 38 38\" fill=\"none\" xmlns=\"http:\/\/www.w3.org\/2000\/svg\"><rect x=\"0.5\" y=\"0.5\" width=\"37\" height=\"37\" rx=\"18.5\" fill=\"white\"><\/rect><rect x=\"0.5\" y=\"0.5\" width=\"37\" height=\"37\" rx=\"18.5\" stroke=\"#C2C2C2\"><\/rect><path d=\"M16.5556 27V16.2231H19.963V17.6949C20.0185 17.6368 20.0648 17.5787 20.1111 17.5206C20.8611 16.349 22.2037 15.739 23.537 15.981C25.3889 16.1359 26.8426 17.7046 26.9259 19.6411C26.9722 20.0478 27 20.4641 27 20.8708C27 22.817 27 24.7633 27 26.7095V26.9806H23.5741V26.6805C23.5741 24.8892 23.5741 23.0882 23.5741 21.2969C23.5741 20.8805 23.5278 20.4545 23.4259 20.0478C23.1945 19.1279 22.2963 18.5663 21.4074 18.8084C21.2037 18.8665 21 18.9633 20.8333 19.0989C20.3333 19.4281 20.0185 19.9897 19.9907 20.6094C19.9722 21.1419 19.9722 21.6842 19.9722 22.2167V26.9903H16.5648L16.5556 27ZM11.2222 27V16.2037H11.7407C12.6204 16.2037 13.5 16.2037 14.3796 16.2037C14.5833 16.2037 14.6482 16.2328 14.6482 16.4748V26.9903H11.2222V27ZM11.0093 12.8825C11.0093 11.8465 11.8055 11.0041 12.787 11.0041C12.8426 11.0041 12.8982 11.0041 12.9537 11.0041C13.9445 10.9363 14.7963 11.7206 14.8611 12.7567C14.8611 12.7954 14.8611 12.8438 14.8611 12.8825C14.8426 13.9283 14.0278 14.761 13.0278 14.7416C12.9907 14.7416 12.9537 14.7416 12.9259 14.7416H12.9074C11.9259 14.8191 11.0741 14.0445 11 13.0181C11 12.9697 11 12.931 11 12.8825H11.0093Z\" fill=\"#555555\"><\/path><\/svg><\/button><button class=\"sharemenu-buttons display_flex\" aria-label=\"Compartir en Twitter\"><svg width=\"38\" height=\"38\" viewbox=\"0 0 38 38\" fill=\"none\" xmlns=\"http:\/\/www.w3.org\/2000\/svg\"><rect x=\"0.5\" y=\"0.5\" width=\"37\" height=\"37\" rx=\"18.5\" fill=\"white\"><\/rect><rect x=\"0.5\" y=\"0.5\" width=\"37\" height=\"37\" rx=\"18.5\" stroke=\"#C2C2C2\"><\/rect><path d=\"M11.0391 11L17.2165 19.8249L11 27H12.399L17.8415 20.7182L22.2389 27H27L20.475 17.6786L26.2613 11H24.8623L19.85 16.7855L15.8001 11H11.0391ZM13.0965 12.101H15.2838L24.9423 25.8987H22.7551L13.0965 12.101Z\" fill=\"#555555\"><\/path><\/svg><\/button><button class=\"sharemenu-buttons display_flex\" aria-label=\"Compartir en Facebook\"><svg width=\"38\" height=\"38\" viewbox=\"0 0 38 38\" fill=\"none\" xmlns=\"http:\/\/www.w3.org\/2000\/svg\"><rect x=\"0.5\" y=\"0.5\" width=\"37\" height=\"37\" rx=\"18.5\" fill=\"white\"><\/rect><rect x=\"0.5\" y=\"0.5\" width=\"37\" height=\"37\" rx=\"18.5\" stroke=\"#C2C2C2\"><\/rect><path d=\"M17.3544 26.9921V18.9235H15V16.3346H17.3544V16.0805C17.3544 15.3816 17.3291 14.6748 17.3882 13.976C17.3882 12.8642 18.0633 11.8556 19.1266 11.3712C19.5232 11.1965 19.9452 11.0853 20.3755 11.0376C21.2532 10.9741 22.1308 10.99 23 11.0932V13.4201H22.7722C22.2743 13.4201 21.7848 13.4201 21.2869 13.436C20.73 13.4042 20.2489 13.8013 20.2152 14.3254C20.2152 14.373 20.2152 14.4128 20.2152 14.4604C20.1983 15.0481 20.2152 15.6357 20.2152 16.2234C20.2152 16.2552 20.2152 16.2949 20.2321 16.3267H22.9409C22.8228 17.2082 22.7046 18.0579 22.5865 18.9315H20.2236V27H17.3629L17.3544 26.9921Z\" fill=\"#555555\"><\/path><\/svg><\/button><button class=\"sharemenu-buttons display_flex\" aria-label=\"Compartir en Whatsapp\"><svg width=\"38\" height=\"38\" viewbox=\"0 0 38 38\" fill=\"none\" xmlns=\"http:\/\/www.w3.org\/2000\/svg\"><rect x=\"0.5\" y=\"0.5\" width=\"37\" height=\"37\" rx=\"18.5\" fill=\"white\"><\/rect><rect x=\"0.5\" y=\"0.5\" width=\"37\" height=\"37\" rx=\"18.5\" stroke=\"#C2C2C2\"><\/rect><path d=\"M21.2863 19.9439C21.0997 19.8551 20.9664 19.9262 20.8419 20.0861C20.6731 20.3261 20.4687 20.5483 20.2909 20.7794C20.1665 20.9393 20.0243 20.9749 19.8376 20.8949C18.6645 20.4239 17.7757 19.6506 17.1269 18.5841C17.0292 18.4242 17.038 18.2997 17.1536 18.1575C17.3225 17.9531 17.4824 17.7576 17.6157 17.5354C17.678 17.4287 17.7135 17.2599 17.678 17.1532C17.4735 16.6111 17.2425 16.0867 17.0114 15.5535C16.9669 15.4557 16.8781 15.3313 16.7892 15.3224C16.4248 15.2602 16.0426 15.1891 15.7316 15.4912C15.1094 16.0778 14.8784 16.7977 15.0383 17.6243C15.1805 18.3619 15.5983 18.9663 16.0426 19.5618C16.887 20.6638 17.8646 21.6237 19.1622 22.1925C19.7932 22.4769 20.4331 22.7613 21.1441 22.7613C21.2685 22.7613 21.393 22.7613 21.5085 22.7346C22.4506 22.5391 23.1172 22.0058 23.0816 21.0193C23.0816 20.9216 23.0194 20.7794 22.9483 20.7438C22.3973 20.4594 21.8462 20.2017 21.2863 19.9439Z\" fill=\"#555555\"><\/path><path d=\"M26.9482 17.8724C26.3972 13.4642 22.1401 10.3447 17.7229 11.1179C12.6481 11.9977 9.71521 17.2859 11.6883 21.9963C12.1948 22.6629 12.0615 23.3472 11.8216 24.0849C11.5105 25.027 11.2794 26.0046 11.0039 27C11.1194 26.9733 11.1994 26.9644 11.2794 26.9378C12.5059 26.6178 13.7324 26.3068 14.9411 25.9868C15.1544 25.9335 15.3144 25.9602 15.5099 26.0579C17.1719 26.8667 18.9227 27.0978 20.718 26.7067C24.833 25.7913 27.4548 22.0496 26.9305 17.8902L26.9482 17.8724ZM20.0515 25.4624C18.4784 25.7113 17.003 25.3913 15.6166 24.6003C15.5099 24.5381 15.3411 24.5115 15.2077 24.547C14.4612 24.7248 13.7146 24.9292 12.9147 25.1336C13.1192 24.3693 13.3058 23.6672 13.5102 22.9473C13.5635 22.7606 13.5369 22.6273 13.4391 22.4673C11.0039 18.5479 13.1014 13.5442 17.6163 12.5043C21.2868 11.6511 25.0285 14.1841 25.5884 17.908C26.1395 21.5519 23.6954 24.8936 20.0515 25.4624Z\" fill=\"#555555\"><\/path><\/svg><\/button><\/div>\n<\/div>\n<p class=\"paragraph\" data-paragraph-number=\"1\">El presidente <b>Javier Milei<\/b> respondi\u00f3 con el mensaje \u201c<b>PELOTUDO AT\u00d3MICO. CIAO!<\/b>\u201d a un planteo del economista <b>Emmanuel \u00c1lvarez Agis<\/b> sobre la posibilidad de que exista una menor disponibilidad de cr\u00e9ditos para consumo. La expresi\u00f3n del mandatario apunt\u00f3 a una intervenci\u00f3n de \u00c1lvarez Agis durante un di\u00e1logo en Radio Con Vos, donde abord\u00f3 las consecuencias de establecer regulaciones sobre las tasas de inter\u00e9s.<\/p>\n<div class=\"marfeel-recommender marfeel-recommender-1\"><\/div>\n<p class=\"paragraph\" data-paragraph-number=\"2\">El intercambio comenz\u00f3 a partir de una observaci\u00f3n de <b>Ernesto Tenembaum<\/b> sobre uno de los argumentos habituales contra los controles de precios o la fijaci\u00f3n de l\u00edmites. El conductor se\u00f1al\u00f3 que una regulaci\u00f3n, como un precio m\u00e1ximo, puede derivar en mercados paralelos o en una menor oferta de productos y servicios.<\/p>\n<div class=\"inline ad-wrapper dfpAd ad-inline ad-text ad-component-container\" style=\"--ad-shell-height:250px;--ad-shell-width:300px\" data-ad-wrapper=\"arcad\" data-ad-type=\"inline\" data-ad-slot=\"infobae\/economia\/nota\/inline\" data-ad-container=\"dfp\" data-ad-slot-name=\"infobae\/economia\/nota\/inline\">\n<p class=\"ad-shell-label\">PUBLICIDAD<\/p>\n<div id=\"infobae\/economia\/nota\/inline\" class=\"infobae\/economia\/nota\/inline arcad ad-slot-node ad-slot-node--boxed\" data-ad-slot-id=\"infobae\/economia\/nota\/inline\"><\/div>\n<\/div>\n<p class=\"paragraph\" data-paragraph-number=\"3\">Tenembaum aplic\u00f3 esa premisa al sistema financiero. Seg\u00fan describi\u00f3, si se fija una tasa m\u00e1xima, los bancos o las aplicaciones de cr\u00e9dito podr\u00edan reducir la cantidad de pr\u00e9stamos disponibles, endurecer las condiciones para otorgarlos o limitar el acceso de los usuarios. En ese esquema, sostuvo, una tasa tope puede restringir el cr\u00e9dito.<\/p>\n<div class=\"marfeel-recommender marfeel-recommender-3\"><\/div>\n<div class=\"visual__image\"><picture><source srcset=\"https:\/\/www.infobae.com\/resizer\/v2\/GE4P54QBPJGOHC2FVZAVTUZ5JE.png?auth=fff675b1f82c7abd5738bb563e736c80313357f1d5529a43b298fcb23cb773a6&amp;smart=true&amp;width=992&amp;height=974&amp;quality=85\" media=\"(min-width: 1000px)\"><\/source><source srcset=\"https:\/\/www.infobae.com\/resizer\/v2\/GE4P54QBPJGOHC2FVZAVTUZ5JE.png?auth=fff675b1f82c7abd5738bb563e736c80313357f1d5529a43b298fcb23cb773a6&amp;smart=true&amp;width=768&amp;height=754&amp;quality=85\" media=\"(min-width: 768px)\"><\/source><source srcset=\"https:\/\/www.infobae.com\/resizer\/v2\/GE4P54QBPJGOHC2FVZAVTUZ5JE.png?auth=fff675b1f82c7abd5738bb563e736c80313357f1d5529a43b298fcb23cb773a6&amp;smart=true&amp;width=577&amp;height=567&amp;quality=85\" media=\"(min-width: 580px)\"><\/source><source srcset=\"https:\/\/www.infobae.com\/resizer\/v2\/GE4P54QBPJGOHC2FVZAVTUZ5JE.png?auth=fff675b1f82c7abd5738bb563e736c80313357f1d5529a43b298fcb23cb773a6&amp;smart=true&amp;width=420&amp;height=413&amp;quality=85\" media=\"(min-width: 350px)\"><\/source><source srcset=\"https:\/\/www.infobae.com\/resizer\/v2\/GE4P54QBPJGOHC2FVZAVTUZ5JE.png?auth=fff675b1f82c7abd5738bb563e736c80313357f1d5529a43b298fcb23cb773a6&amp;smart=true&amp;width=350&amp;height=344&amp;quality=85\" media=\"(min-width: 80px)\"><\/source><img alt=\"Captura de pantalla de una publicaci\u00f3n en la red social X con texto de Javier Milei y un fotograma de una entrevista de Radio Con Vos\" class=\"global-image\" decoding=\"async\" fetchpriority=\"low\" height=\"606\" loading=\"lazy\" src=\"https:\/\/www.infobae.com\/resizer\/v2\/GE4P54QBPJGOHC2FVZAVTUZ5JE.png?auth=fff675b1f82c7abd5738bb563e736c80313357f1d5529a43b298fcb23cb773a6&amp;smart=true&amp;width=350&amp;height=344&amp;quality=85\" width=\"617\"><\/picture><\/div>\n<h2 class=\"text-align-left vertical-align-top line-height-100 header headline-class-h2 headline\" id=\"el-debate-se-centro-en-los-prestamos-para-gastos-cotidianos\">El debate se centr\u00f3 en los pr\u00e9stamos para gastos cotidianos<\/h2>\n<p class=\"paragraph\" data-paragraph-number=\"4\">\u00c1lvarez Agis respondi\u00f3 con lo que defini\u00f3 como \u201cun argumento pol\u00edticamente incorrecto\u201d. El economista plante\u00f3 si una menor cantidad de cr\u00e9ditos disponibles podr\u00eda resultar preferible frente a un escenario en el que personas sin informaci\u00f3n suficiente o sin capacidad de decisi\u00f3n recurren a pr\u00e9stamos para afrontar gastos b\u00e1sicos.<\/p>\n<div class=\"inline_2 ad-wrapper dfpAd ad-inline ad-text ad-component-container\" style=\"--ad-shell-height:250px;--ad-shell-width:300px\" data-ad-wrapper=\"arcad\" data-ad-type=\"inline_2\" data-ad-slot=\"infobae\/economia\/nota\/inline_2\" data-ad-container=\"dfp\" data-ad-slot-name=\"infobae\/economia\/nota\/inline_2\">\n<p class=\"ad-shell-label\">PUBLICIDAD<\/p>\n<div id=\"infobae\/economia\/nota\/inline_2\" class=\"infobae\/economia\/nota\/inline_2 arcad ad-slot-node ad-slot-node--boxed\" data-ad-slot-id=\"infobae\/economia\/nota\/inline_2\"><\/div>\n<\/div>\n<p class=\"paragraph\" data-paragraph-number=\"5\">\u201c<b>\u00bfY no estar\u00edamos un poco mejor con algo menos de cr\u00e9dito?<\/b>\u201d, pregunt\u00f3 \u00c1lvarez Agis durante la conversaci\u00f3n. El ex funcionario ubic\u00f3 su reflexi\u00f3n en el contexto de quienes enfrentan una decisi\u00f3n entre obtener dinero prestado o resolver necesidades inmediatas por otras v\u00edas.<\/p>\n<div class=\"marfeel-recommender marfeel-recommender-5\"><\/div>\n<p class=\"paragraph\" data-paragraph-number=\"6\">Como ejemplo, mencion\u00f3 a una persona que debe decidir entre \u201csalir a <i>chorear<\/i>\u201d o pedir \u201c<b>doscientas cincuenta lucas para pagar el changuito en el supermercado<\/b>\u201d. La frase apunt\u00f3 a la posibilidad de que algunos consumidores soliciten pr\u00e9stamos para cubrir compras cotidianas de alimentos.<\/p>\n<div class=\"ad_1 ad-wrapper dfpAd ad-1-al-6 ad-text ad-component-container\" style=\"--ad-shell-height:250px;--ad-shell-width:300px\" data-ad-wrapper=\"arcad\" data-ad-type=\"ad_1\" data-ad-slot=\"infobae\/economia\/nota\/ad_1\" data-ad-container=\"dfp\" data-ad-slot-name=\"infobae\/economia\/nota\/ad_1\">\n<p class=\"ad-shell-label\">PUBLICIDAD<\/p>\n<div id=\"infobae\/economia\/nota\/ad_1\" class=\"infobae\/economia\/nota\/ad_1 arcad ad-slot-node ad-slot-node--boxed\" data-ad-slot-id=\"infobae\/economia\/nota\/ad_1\"><\/div>\n<\/div>\n<p class=\"paragraph\" data-paragraph-number=\"7\">El economista aclar\u00f3 que su planteo no implicaba que la alternativa fuese que la poblaci\u00f3n pase hambre. En cambio, cuestion\u00f3 la idea de que el acceso a esa herramienta financiera deba estar disponible sin restricciones, aun para quienes no cuentan con informaci\u00f3n o condiciones suficientes para decidir sobre ese endeudamiento.<\/p>\n<p class=\"paragraph\" data-paragraph-number=\"8\">\u00c1lvarez Agis sostuvo que pudo existir un n\u00famero de personas ante esa clase de dilema. Su intervenci\u00f3n qued\u00f3 interrumpida en el fragmento difundido, luego de que cuestionara los argumentos que asocian cualquier regulaci\u00f3n con efectos negativos inevitables sobre la oferta de cr\u00e9dito.<\/p>\n<div class=\"ad_2 ad-wrapper dfpAd ad-1-al-6 ad-text ad-component-container\" style=\"--ad-shell-height:250px;--ad-shell-width:300px\" data-ad-wrapper=\"arcad\" data-ad-type=\"ad_2\" data-ad-slot=\"infobae\/economia\/nota\/ad_2\" data-ad-container=\"dfp\" data-ad-slot-name=\"infobae\/economia\/nota\/ad_2\">\n<p class=\"ad-shell-label\">PUBLICIDAD<\/p>\n<div id=\"infobae\/economia\/nota\/ad_2\" class=\"infobae\/economia\/nota\/ad_2 arcad ad-slot-node ad-slot-node--boxed\" data-ad-slot-id=\"infobae\/economia\/nota\/ad_2\"><\/div>\n<\/div>\n<h2 class=\"text-align-left vertical-align-top line-height-100 header headline-class-h2 headline\" id=\"milei-difundio-una-descalificacion-dirigida-al-economista\">Milei difundi\u00f3 una descalificaci\u00f3n dirigida al economista<\/h2>\n<p class=\"paragraph\" data-paragraph-number=\"9\">Tras conocerse ese an\u00e1lisis, Milei public\u00f3 un mensaje breve dirigido a \u00c1lvarez Agis. El Presidente escribi\u00f3 en may\u00fasculas la frase \u201cPELOTUDO AT\u00d3MICO\u201d y a\u00f1adi\u00f3 la palabra italiana \u201cCIAO!\u201d, una despedida habitual que equivale a \u201cchau\u201d.<\/p>\n<p class=\"paragraph\" data-paragraph-number=\"10\">La publicaci\u00f3n no incluy\u00f3 una explicaci\u00f3n adicional sobre el fragmento radial, sobre las tasas de inter\u00e9s ni sobre la discusi\u00f3n referida a la oferta de pr\u00e9stamos. Tampoco detall\u00f3 qu\u00e9 parte de la intervenci\u00f3n del economista motiv\u00f3 la descalificaci\u00f3n.<\/p>\n<div class=\"ad_3 ad-wrapper dfpAd ad-1-al-6 ad-text ad-component-container\" style=\"--ad-shell-height:250px;--ad-shell-width:300px\" data-ad-wrapper=\"arcad\" data-ad-type=\"ad_3\" data-ad-slot=\"infobae\/economia\/nota\/ad_3\" data-ad-container=\"dfp\" data-ad-slot-name=\"infobae\/economia\/nota\/ad_3\">\n<p class=\"ad-shell-label\">PUBLICIDAD<\/p>\n<div id=\"infobae\/economia\/nota\/ad_3\" class=\"infobae\/economia\/nota\/ad_3 arcad ad-slot-node ad-slot-node--boxed\" data-ad-slot-id=\"infobae\/economia\/nota\/ad_3\"><\/div>\n<\/div>\n<div class=\"jwplayer-ctn\"><script src=\"https:\/\/census-web.scorecardresearch.com\/plugins\/streaming-jwplayer\/v2\/current.js\"><\/script><\/p>\n<div class=\"\">\n<div id=\"FNNHB2RVGNGEPONXNGOFBGRQKE-custom_embed14\"><\/div>\n<\/div><figcaption class=\"jwplayer-figcaption\">\u00c1lvarez Agis cuestion\u00f3 que los pr\u00e9stamos para consumo est\u00e9n disponibles para personas sin informaci\u00f3n o capacidad de decisi\u00f3n suficiente<\/figcaption><\/div>\n<p class=\"paragraph\" data-paragraph-number=\"11\">El mensaje del mandatario se produjo despu\u00e9s de que \u00c1lvarez Agis pusiera en discusi\u00f3n la conveniencia de ampliar sin l\u00edmites el acceso al financiamiento para consumo. En su exposici\u00f3n, el economista vincul\u00f3 el cr\u00e9dito con compras de supermercado y con decisiones tomadas bajo restricciones econ\u00f3micas.<\/p>\n<p class=\"paragraph\" data-paragraph-number=\"12\">La intervenci\u00f3n de Tenembaum hab\u00eda colocado el eje en las posibles respuestas de bancos y aplicaciones ante una regulaci\u00f3n. El conductor se\u00f1al\u00f3 que, frente a un tope de tasas, esas entidades podr\u00edan seleccionar m\u00e1s a sus clientes, exigir m\u00e1s requisitos o dar menos pr\u00e9stamos.<\/p>\n<div class=\"ad_4 ad-wrapper dfpAd ad-1-al-6 ad-text ad-component-container\" style=\"--ad-shell-height:250px;--ad-shell-width:300px\" data-ad-wrapper=\"arcad\" data-ad-type=\"ad_4\" data-ad-slot=\"infobae\/economia\/nota\/ad_4\" data-ad-container=\"dfp\" data-ad-slot-name=\"infobae\/economia\/nota\/ad_4\">\n<p class=\"ad-shell-label\">PUBLICIDAD<\/p>\n<div id=\"infobae\/economia\/nota\/ad_4\" class=\"infobae\/economia\/nota\/ad_4 arcad ad-slot-node ad-slot-node--boxed\" data-ad-slot-id=\"infobae\/economia\/nota\/ad_4\"><\/div>\n<\/div>\n<p class=\"paragraph\" data-paragraph-number=\"13\">\u00c1lvarez Agis no discuti\u00f3 en ese fragmento la posibilidad de que una regulaci\u00f3n reduzca la oferta. Su planteo se concentr\u00f3 en otra pregunta: si una menor disponibilidad de pr\u00e9stamos podr\u00eda evitar que personas en situaciones de necesidad inmediata asuman deudas para cubrir consumos b\u00e1sicos.<\/p>\n<h2 class=\"text-align-left vertical-align-top line-height-100 header headline-class-h2 headline\" id=\"alvarez-agis-fue-viceministro-de-economia-entre-2013-y-2015\">\u00c1lvarez Agis fue viceministro de Econom\u00eda entre 2013 y 2015<\/h2>\n<p class=\"paragraph\" data-paragraph-number=\"14\"><b>Emmanuel \u00c1lvarez Agis<\/b> es licenciado y m\u00e1ster en Econom\u00eda por la Universidad de Buenos Aires. Tambi\u00e9n curs\u00f3 un posgrado en opini\u00f3n p\u00fablica y comunicaci\u00f3n pol\u00edtica en la Facultad Latinoamericana de Ciencias Sociales.<\/p>\n<div class=\"ad_5 ad-wrapper dfpAd ad-1-al-6 ad-text ad-component-container\" style=\"--ad-shell-height:250px;--ad-shell-width:300px\" data-ad-wrapper=\"arcad\" data-ad-type=\"ad_5\" data-ad-slot=\"infobae\/economia\/nota\/ad_5\" data-ad-container=\"dfp\" data-ad-slot-name=\"infobae\/economia\/nota\/ad_5\">\n<p class=\"ad-shell-label\">PUBLICIDAD<\/p>\n<div id=\"infobae\/economia\/nota\/ad_5\" class=\"infobae\/economia\/nota\/ad_5 arcad ad-slot-node ad-slot-node--boxed\" data-ad-slot-id=\"infobae\/economia\/nota\/ad_5\"><\/div>\n<\/div>\n<p class=\"paragraph\" data-paragraph-number=\"15\">Fue subsecretario de Programaci\u00f3n Macroecon\u00f3mica entre 2011 y 2013. Luego ocup\u00f3 el cargo de viceministro de Econom\u00eda de la Naci\u00f3n entre 2013 y 2015, seg\u00fan su trayectoria profesional.<\/p>\n<p class=\"paragraph\" data-paragraph-number=\"16\">Adem\u00e1s, fue asesor de la Organizaci\u00f3n de las Naciones Unidas y del Banco Mundial en materia de pol\u00edtica econ\u00f3mica. Cuenta con publicaciones acad\u00e9micas sobre macroeconom\u00eda en revistas especializadas.<\/p>\n<div class=\"ad_6 ad-wrapper dfpAd ad-1-al-6 ad-text ad-component-container\" style=\"--ad-shell-height:250px;--ad-shell-width:300px\" data-ad-wrapper=\"arcad\" data-ad-type=\"ad_6\" data-ad-slot=\"infobae\/economia\/nota\/ad_6\" data-ad-container=\"dfp\" data-ad-slot-name=\"infobae\/economia\/nota\/ad_6\">\n<p class=\"ad-shell-label\">PUBLICIDAD<\/p>\n<div id=\"infobae\/economia\/nota\/ad_6\" class=\"infobae\/economia\/nota\/ad_6 arcad ad-slot-node ad-slot-node--boxed\" data-ad-slot-id=\"infobae\/economia\/nota\/ad_6\"><\/div>\n<\/div>\n<p class=\"paragraph\" data-paragraph-number=\"17\">Entre 2016 y 2019, fund\u00f3 y dirigi\u00f3 la carrera de Econom\u00eda de la Universidad Nacional Arturo Jauretche. M\u00e1s tarde fund\u00f3, junto con Cynthia de Paz, <b>PxQ Consultora<\/b>, donde dirige el \u00e1rea de macroeconom\u00eda.<\/p>\n<p class=\"paragraph\" data-paragraph-number=\"18\">En Radio Con Vos, su intervenci\u00f3n se enfoc\u00f3 en el v\u00ednculo entre <b>cr\u00e9dito<\/b>, endeudamiento y gastos de consumo. El intercambio con Tenembaum parti\u00f3 de una discusi\u00f3n sobre regulaciones y concluy\u00f3, en el tramo difundido, con la posici\u00f3n del economista sobre el acceso a pr\u00e9stamos en contextos de necesidad.<\/p>\n","protected":false},"excerpt":{"rendered":"<p>01 Sep, 2026 09:18 a. m. EST Guardar El presidente Javier Milei respondi\u00f3 con el mensaje \u201cPELOTUDO AT\u00d3MICO. CIAO!\u201d a un planteo del economista Emmanuel \u00c1lvarez Agis sobre la posibilidad de que exista una menor disponibilidad de cr\u00e9ditos para consumo. La expresi\u00f3n del mandatario apunt\u00f3 a una intervenci\u00f3n de \u00c1lvarez Agis durante un di\u00e1logo en [&hellip;]<\/p>\n","protected":false},"author":1,"featured_media":24542,"comment_status":"open","ping_status":"open","sticky":false,"template":"","format":"standard","meta":{"footnotes":""},"categories":[1],"tags":[],"class_list":["post-24541","post","type-post","status-publish","format-standard","has-post-thumbnail","hentry","category-uncategorized"],"_links":{"self":[{"href":"https:\/\/cliente1.publisher.highstack.com.ar\/index.php?rest_route=\/wp\/v2\/posts\/24541","targetHints":{"allow":["GET"]}}],"collection":[{"href":"https:\/\/cliente1.publisher.highstack.com.ar\/index.php?rest_route=\/wp\/v2\/posts"}],"about":[{"href":"https:\/\/cliente1.publisher.highstack.com.ar\/index.php?rest_route=\/wp\/v2\/types\/post"}],"author":[{"embeddable":true,"href":"https:\/\/cliente1.publisher.highstack.com.ar\/index.php?rest_route=\/wp\/v2\/users\/1"}],"replies":[{"embeddable":true,"href":"https:\/\/cliente1.publisher.highstack.com.ar\/index.php?rest_route=%2Fwp%2Fv2%2Fcomments&post=24541"}],"version-history":[{"count":0,"href":"https:\/\/cliente1.publisher.highstack.com.ar\/index.php?rest_route=\/wp\/v2\/posts\/24541\/revisions"}],"wp:featuredmedia":[{"embeddable":true,"href":"https:\/\/cliente1.publisher.highstack.com.ar\/index.php?rest_route=\/wp\/v2\/media\/24542"}],"wp:attachment":[{"href":"https:\/\/cliente1.publisher.highstack.com.ar\/index.php?rest_route=%2Fwp%2Fv2%2Fmedia&parent=24541"}],"wp:term":[{"taxonomy":"category","embeddable":true,"href":"https:\/\/cliente1.publisher.highstack.com.ar\/index.php?rest_route=%2Fwp%2Fv2%2Fcategories&post=24541"},{"taxonomy":"post_tag","embeddable":true,"href":"https:\/\/cliente1.publisher.highstack.com.ar\/index.php?rest_route=%2Fwp%2Fv2%2Ftags&post=24541"}],"curies":[{"name":"wp","href":"https:\/\/api.w.org\/{rel}","templated":true}]}}