{"id":24539,"date":"2026-09-01T10:46:42","date_gmt":"2026-09-01T13:46:42","guid":{"rendered":"https:\/\/cliente1.publisher.highstack.com.ar\/?p=24539"},"modified":"2026-09-01T10:46:42","modified_gmt":"2026-09-01T13:46:42","slug":"francia-sanciona-a-shein-y-temu-para-frenar-el-impacto-ambiental-de-la-moda-rapida","status":"publish","type":"post","link":"https:\/\/cliente1.publisher.highstack.com.ar\/?p=24539","title":{"rendered":"Francia sanciona a Shein y Temu para frenar el impacto ambiental de la moda r\u00e1pida"},"content":{"rendered":"<div>\t\t<!-- { REGION4 --> <\/p>\n<article class=\"article-body article-body--first-paragraph\" data-td-script-src=\"https:\/\/www.ambito.com\/td\/modulos\/encuestas\/js\/function-embeds-min-version-1788149222.js\">\n<p id=\"p-1788269567980-45227\"><strong> Francia comenz\u00f3 a aplicar nuevas tasas<\/strong> a las plataformas de moda ultrarr\u00e1pida como <strong>Shein <\/strong>y <strong>Temu<\/strong>, en una medida que busca desalentar la venta masiva de prendas de bajo costo y reducir los efectos ambientales asociados a la sobreproducci\u00f3n textil.<\/p>\n<\/article>\n<article class=\"article-body article-body--second-paragraph\">\n<p id=\"p-1788269567980-79582\">El nuevo esquema surge de una ley aprobada en junio y establece un cargo que var\u00eda seg\u00fan el tipo de producto. Para art\u00edculos peque\u00f1os, como medias o ropa interior, parte de <span>\u20ac<\/span>0,25, mientras que para prendas de mayor tama\u00f1o, como abrigos, puede llegar a \u20ac12. En todos los casos,<strong> el monto no podr\u00e1 superar el 50% del precio de venta del producto antes de impuestos<\/strong>.<\/p>\n<\/article>\n<article class=\"article-body article-body--third-paragraph\">\n<p id=\"p-1788269567980-1680\"> La medida apunta especialmente al modelo de negocio de las plataformas que ofrecen una <strong>enorme cantidad de productos a precios muy bajos<\/strong> y <strong>renuevan constantemente sus cat\u00e1logos<\/strong>. El Gobierno franc\u00e9s busca que ese sistema tenga en cuenta los costos ambientales vinculados con el volumen de prendas que llegan al mercado.<\/p>\n<\/article>\n<article class=\"article-body article-body--fourth-paragraph\">\n<p id=\"p-1788269567980-9580\">El ministro de Comercio franc\u00e9s, Serge Papin, cuestion\u00f3 el funcionamiento de estas compa\u00f1\u00edas.<strong> &#8220;Estas plataformas son falsos defensores del poder adquisitivo de los consumidores. Venden a precios bajos, pero sus productos a menudo no cumplen los est\u00e1ndares y carecen de durabilidad&#8221;<\/strong>, afirm\u00f3.<\/p>\n<\/article>\n<article class=\"article-body article-body--fifth-paragraph\">\n<p id=\"p-1788269567980-67795\">El monto que deber\u00e1n afrontar las empresas no ser\u00e1 igual para todos los productos. El c\u00e1lculo toma en cuenta distintos factores, entre ellos la <strong>cantidad <\/strong>de art\u00edculos que ofrece cada marca, sus <strong>precios<\/strong> y las <strong>posibilidades de reparaci\u00f3n<\/strong> de las prendas.<\/p>\n<\/article>\n<article class=\"article-body article-body--remaining-paragraph\">\n<p id=\"p-1788269567980-97651\">La diferencia entre las plataformas asi\u00e1ticas y los grandes grupos europeos tambi\u00e9n es relevante. Seg\u00fan datos citados por Reuters, el <strong>cat\u00e1logo de Shein superaba los 2 millones de productos al 31 de marzo de 2026<\/strong> y sumaba unos<strong> 4.700 nuevos modelos de ropa por d\u00eda<\/strong>. En cambio, compa\u00f1\u00edas como Zara y H&amp;M cuentan con una oferta online mucho m\u00e1s acotada, por lo que las autoridades francesas no esperan que tengan un impacto significativo por estas nuevas tasas.<\/p>\n<p id=\"p-1788269567980-21412\">El sistema, adem\u00e1s, tendr\u00e1 un <strong>aumento progresivo a partir de 2030<\/strong>. Francia se convierte as\u00ed en el primer pa\u00eds de la Uni\u00f3n Europea en aplicar un mecanismo que toma como referencia la cantidad de productos disponibles en la plataforma de cada empresa.<\/p>\n<div contenteditable=\"false\" class=\"embed_cont type_imagen\" id=\"8105890-Libre-1215220845_wrap\" style=\"opacity:1;height:auto;\">\n<div id=\"8105890-Libre-1215220845_content\" class=\"embed_content\"><img src=\"https:\/\/media.ambito.com\/p\/cf74facde20787fb2e56b9f547ca1f57\/adjuntos\/239\/imagenes\/042\/623\/0042623778\/730x0\/smart\/temu-shein.jpg\" decoding=\"async\" fetchpriority=\"low\" loading=\"lazy\" alt=\"Francia endurece las reglas para Shein y Temu por su impacto ambiental.\" title=\"Francia endurece las reglas para Shein y Temu por su impacto ambiental.\" width=\"730\" height=\"undefined\" id=\"8105890-Libre-1215220845_embed\"\/><\/div>\n<div class=\"embed_wrapper-cont\" id=\"p-1788270513318-14937\">\n<div id=\"8105890-Libre-1215220845_epigrafe\" class=\"embed_epigrafe\">\n<p id=\"p-1788270610321-16950\">Francia endurece las reglas para Shein y Temu por su impacto ambiental.<\/p>\n<\/div><\/div>\n<\/p><\/div>\n<h2 id=\"p-1788270453070-3749\">Un golpe para Shein y cr\u00edticas desde China<\/h2>\n<p id=\"p-1788269567980-4939\">Las nuevas tasas se suman a un <strong>escenario m\u00e1s complicado para Shein<\/strong>. La compa\u00f1\u00eda enfrenta cambios en las reglas que regulan los env\u00edos de bajo valor en la Uni\u00f3n Europea y Estados Unidos, luego de que se eliminara el tratamiento arancelario preferencial para determinados paquetes de comercio electr\u00f3nico.<\/p>\n<p id=\"p-1788269567980-89300\">A esto se suma su <strong>debut en la Bolsa de Hong Kong<\/strong>, concretado este martes. La empresa lleg\u00f3 al mercado burs\u00e1til despu\u00e9s de atravesar una fuerte ca\u00edda en su valoraci\u00f3n respecto de los niveles alcanzados anteriormente.<\/p>\n<p id=\"p-1788269567980-60986\">Desde Shein ya hab\u00edan advertido que los nuevos cargos podr\u00edan trasladarse a los consumidores mediante un aumento de precios. Ni la compa\u00f1\u00eda ni Temu respondieron a las solicitudes de comentarios sobre la aplicaci\u00f3n de las nuevas tasas.<\/p>\n<p id=\"p-1788269567980-40988\">La decisi\u00f3n francesa tambi\u00e9n gener\u00f3 cr\u00edticas desde China. Su Ministerio de Comercio calific\u00f3 la legislaci\u00f3n de <strong>discriminatoria <\/strong>y sostuvo que podr\u00eda constituir una <strong>barrera al comercio <\/strong>y entrar en conflicto con los principios de la Organizaci\u00f3n Mundial del Comercio.<\/p>\n<p id=\"p-1788269567980-19671\">El nuevo esquema franc\u00e9s se enmarca, adem\u00e1s, en una pol\u00edtica m\u00e1s amplia de la Uni\u00f3n Europea para <strong>mejorar la gesti\u00f3n de los residuos textiles<\/strong>. Las normas comunitarias contemplan mecanismos para que los productores contribuyan a financiar la recolecci\u00f3n, clasificaci\u00f3n y reciclaje de las prendas descartadas.<\/p>\n<\/article>\n<p>\t\t<!-- REGION4 } --><\/div>\n<p><script>\n!function(f,b,e,v,n,t,s)\n{if(f.fbq)return;n=f.fbq=function(){n.callMethod?\nn.callMethod.apply(n,arguments):n.queue.push(arguments)};\nif(!f._fbq)f._fbq=n;n.push=n;n.loaded=!0;n.version='2.0';\nn.queue=[];t=b.createElement(e);t.async=!0;\nt.src=v;s=b.getElementsByTagName(e)[0];\ns.parentNode.insertBefore(t,s)}(window,document,'script',\n'\nfbq('init', '2047048335588113');\nfbq('track', 'PageView');\n<\/script><\/p>\n","protected":false},"excerpt":{"rendered":"<p>Francia comenz\u00f3 a aplicar nuevas tasas a las plataformas de moda ultrarr\u00e1pida como Shein y Temu, en una medida que busca desalentar la venta masiva de prendas de bajo costo y reducir los efectos ambientales asociados a la sobreproducci\u00f3n textil. El nuevo esquema surge de una ley aprobada en junio y establece un cargo que [&hellip;]<\/p>\n","protected":false},"author":1,"featured_media":24540,"comment_status":"open","ping_status":"open","sticky":false,"template":"","format":"standard","meta":{"footnotes":""},"categories":[1],"tags":[],"class_list":["post-24539","post","type-post","status-publish","format-standard","has-post-thumbnail","hentry","category-uncategorized"],"_links":{"self":[{"href":"https:\/\/cliente1.publisher.highstack.com.ar\/index.php?rest_route=\/wp\/v2\/posts\/24539","targetHints":{"allow":["GET"]}}],"collection":[{"href":"https:\/\/cliente1.publisher.highstack.com.ar\/index.php?rest_route=\/wp\/v2\/posts"}],"about":[{"href":"https:\/\/cliente1.publisher.highstack.com.ar\/index.php?rest_route=\/wp\/v2\/types\/post"}],"author":[{"embeddable":true,"href":"https:\/\/cliente1.publisher.highstack.com.ar\/index.php?rest_route=\/wp\/v2\/users\/1"}],"replies":[{"embeddable":true,"href":"https:\/\/cliente1.publisher.highstack.com.ar\/index.php?rest_route=%2Fwp%2Fv2%2Fcomments&post=24539"}],"version-history":[{"count":0,"href":"https:\/\/cliente1.publisher.highstack.com.ar\/index.php?rest_route=\/wp\/v2\/posts\/24539\/revisions"}],"wp:featuredmedia":[{"embeddable":true,"href":"https:\/\/cliente1.publisher.highstack.com.ar\/index.php?rest_route=\/wp\/v2\/media\/24540"}],"wp:attachment":[{"href":"https:\/\/cliente1.publisher.highstack.com.ar\/index.php?rest_route=%2Fwp%2Fv2%2Fmedia&parent=24539"}],"wp:term":[{"taxonomy":"category","embeddable":true,"href":"https:\/\/cliente1.publisher.highstack.com.ar\/index.php?rest_route=%2Fwp%2Fv2%2Fcategories&post=24539"},{"taxonomy":"post_tag","embeddable":true,"href":"https:\/\/cliente1.publisher.highstack.com.ar\/index.php?rest_route=%2Fwp%2Fv2%2Ftags&post=24539"}],"curies":[{"name":"wp","href":"https:\/\/api.w.org\/{rel}","templated":true}]}}