{"id":24538,"date":"2026-09-01T10:06:04","date_gmt":"2026-09-01T13:06:04","guid":{"rendered":"https:\/\/cliente1.publisher.highstack.com.ar\/?p=24538"},"modified":"2026-09-01T10:06:04","modified_gmt":"2026-09-01T13:06:04","slug":"milei-hablo-sobre-las-malvinas-ayer-ha-pasado-algo-muy-fuerte-respecto-a-la-causa-mas-importante-y-sagrada-de-los-argentinos","status":"publish","type":"post","link":"https:\/\/cliente1.publisher.highstack.com.ar\/?p=24538","title":{"rendered":"Milei habl\u00f3 sobre las Malvinas: &#8220;Ayer ha pasado algo muy fuerte respecto a la causa m\u00e1s importante y sagrada de los argentinos&#8221;"},"content":{"rendered":"<div class=\"jwplayer-ctn\"><script src=\"https:\/\/census-web.scorecardresearch.com\/plugins\/streaming-jwplayer\/v2\/current.js\"><\/script><\/p>\n<div class=\"\">\n<div id=\"D2UVSG5EVVA6BLBKLG7DHQU67U-custom_embed0\"><\/div>\n<\/div><figcaption class=\"jwplayer-figcaption\">El Observador<\/figcaption><\/div>\n<div class=\"sharebar-container display_flex sharebar-new\" style=\"opacity:1\">\n<div class=\"share-bar-article-date-container \"><span class=\"sharebar-article-date\">01 Sep, 2026 08:17 a. m. EST<\/span><\/div>\n<div class=\"sharebar-buttons-container display_flex\">\n<div aria-label=\"Guardar\" class=\"sharebar-buttons button-save\" role=\"button\" tabindex=\"0\"><svg width=\"9\" height=\"12\" viewbox=\"0 0 8 10\" fill=\"none\" xmlns=\"http:\/\/www.w3.org\/2000\/svg\" class=\"saved-icon saved\"><path d=\"M6.64286 0.5V9.31687L4.1116 7.16407L4.11106 7.16361C3.79894 6.89891 3.34392 6.89891 3.03179 7.16361L3.03126 7.16407L0.5 9.31687V0.5H6.64286Z\"><\/path><\/svg><span class=\"buttons-save-text\">Guardar<\/span><\/div>\n<div class=\"sharebar-buttons-separator\"><\/div>\n<p><button class=\"sharemenu-buttons display_flex\" aria-label=\"Compartir en Telegram\"><svg width=\"38\" height=\"38\" viewbox=\"0 0 38 38\" fill=\"none\" xmlns=\"http:\/\/www.w3.org\/2000\/svg\"><rect x=\"0.5\" y=\"0.5\" width=\"37\" height=\"37\" rx=\"18.5\" fill=\"white\"><\/rect><rect x=\"0.5\" y=\"0.5\" width=\"37\" height=\"37\" rx=\"18.5\" stroke=\"#C2C2C2\"><\/rect><path d=\"M24.9696 12.5511L10.3405 18.0494C10.0623 18.151 9.92701 18.4484 10.0398 18.7168C10.0999 18.8619 10.2277 18.9779 10.3856 19.0214L14.1068 20.0805L15.4975 24.3312C15.6028 24.6576 15.9636 24.839 16.2944 24.7374C16.3921 24.7084 16.4823 24.6504 16.5575 24.5778L18.482 22.6846L22.2558 25.354C22.6091 25.6006 23.0977 25.5281 23.3533 25.1872C23.421 25.1001 23.4661 24.9986 23.4887 24.897L25.9845 13.3707C26.0672 12.979 25.8116 12.5946 25.4056 12.5148C25.2628 12.4858 25.1124 12.5003 24.9771 12.5511M23.1429 15.1116L16.347 20.9147C16.2793 20.9727 16.2342 21.0525 16.2267 21.1395L15.9636 23.381C15.9636 23.4172 15.926 23.4462 15.8884 23.439C15.8583 23.439 15.8358 23.4172 15.8283 23.3955L14.7533 20.0442C14.7007 19.8919 14.7683 19.7251 14.9111 19.638L22.9399 14.836C23.0226 14.7852 23.1353 14.8142 23.1804 14.894C23.2255 14.9666 23.2105 15.0536 23.1504 15.1116\" fill=\"#555555\"><\/path><\/svg><\/button><button class=\"sharemenu-buttons display_flex\" aria-label=\"Compartir en Linkedin\"><svg width=\"38\" height=\"38\" viewbox=\"0 0 38 38\" fill=\"none\" xmlns=\"http:\/\/www.w3.org\/2000\/svg\"><rect x=\"0.5\" y=\"0.5\" width=\"37\" height=\"37\" rx=\"18.5\" fill=\"white\"><\/rect><rect x=\"0.5\" y=\"0.5\" width=\"37\" height=\"37\" rx=\"18.5\" stroke=\"#C2C2C2\"><\/rect><path d=\"M16.5556 27V16.2231H19.963V17.6949C20.0185 17.6368 20.0648 17.5787 20.1111 17.5206C20.8611 16.349 22.2037 15.739 23.537 15.981C25.3889 16.1359 26.8426 17.7046 26.9259 19.6411C26.9722 20.0478 27 20.4641 27 20.8708C27 22.817 27 24.7633 27 26.7095V26.9806H23.5741V26.6805C23.5741 24.8892 23.5741 23.0882 23.5741 21.2969C23.5741 20.8805 23.5278 20.4545 23.4259 20.0478C23.1945 19.1279 22.2963 18.5663 21.4074 18.8084C21.2037 18.8665 21 18.9633 20.8333 19.0989C20.3333 19.4281 20.0185 19.9897 19.9907 20.6094C19.9722 21.1419 19.9722 21.6842 19.9722 22.2167V26.9903H16.5648L16.5556 27ZM11.2222 27V16.2037H11.7407C12.6204 16.2037 13.5 16.2037 14.3796 16.2037C14.5833 16.2037 14.6482 16.2328 14.6482 16.4748V26.9903H11.2222V27ZM11.0093 12.8825C11.0093 11.8465 11.8055 11.0041 12.787 11.0041C12.8426 11.0041 12.8982 11.0041 12.9537 11.0041C13.9445 10.9363 14.7963 11.7206 14.8611 12.7567C14.8611 12.7954 14.8611 12.8438 14.8611 12.8825C14.8426 13.9283 14.0278 14.761 13.0278 14.7416C12.9907 14.7416 12.9537 14.7416 12.9259 14.7416H12.9074C11.9259 14.8191 11.0741 14.0445 11 13.0181C11 12.9697 11 12.931 11 12.8825H11.0093Z\" fill=\"#555555\"><\/path><\/svg><\/button><button class=\"sharemenu-buttons display_flex\" aria-label=\"Compartir en Twitter\"><svg width=\"38\" height=\"38\" viewbox=\"0 0 38 38\" fill=\"none\" xmlns=\"http:\/\/www.w3.org\/2000\/svg\"><rect x=\"0.5\" y=\"0.5\" width=\"37\" height=\"37\" rx=\"18.5\" fill=\"white\"><\/rect><rect x=\"0.5\" y=\"0.5\" width=\"37\" height=\"37\" rx=\"18.5\" stroke=\"#C2C2C2\"><\/rect><path d=\"M11.0391 11L17.2165 19.8249L11 27H12.399L17.8415 20.7182L22.2389 27H27L20.475 17.6786L26.2613 11H24.8623L19.85 16.7855L15.8001 11H11.0391ZM13.0965 12.101H15.2838L24.9423 25.8987H22.7551L13.0965 12.101Z\" fill=\"#555555\"><\/path><\/svg><\/button><button class=\"sharemenu-buttons display_flex\" aria-label=\"Compartir en Facebook\"><svg width=\"38\" height=\"38\" viewbox=\"0 0 38 38\" fill=\"none\" xmlns=\"http:\/\/www.w3.org\/2000\/svg\"><rect x=\"0.5\" y=\"0.5\" width=\"37\" height=\"37\" rx=\"18.5\" fill=\"white\"><\/rect><rect x=\"0.5\" y=\"0.5\" width=\"37\" height=\"37\" rx=\"18.5\" stroke=\"#C2C2C2\"><\/rect><path d=\"M17.3544 26.9921V18.9235H15V16.3346H17.3544V16.0805C17.3544 15.3816 17.3291 14.6748 17.3882 13.976C17.3882 12.8642 18.0633 11.8556 19.1266 11.3712C19.5232 11.1965 19.9452 11.0853 20.3755 11.0376C21.2532 10.9741 22.1308 10.99 23 11.0932V13.4201H22.7722C22.2743 13.4201 21.7848 13.4201 21.2869 13.436C20.73 13.4042 20.2489 13.8013 20.2152 14.3254C20.2152 14.373 20.2152 14.4128 20.2152 14.4604C20.1983 15.0481 20.2152 15.6357 20.2152 16.2234C20.2152 16.2552 20.2152 16.2949 20.2321 16.3267H22.9409C22.8228 17.2082 22.7046 18.0579 22.5865 18.9315H20.2236V27H17.3629L17.3544 26.9921Z\" fill=\"#555555\"><\/path><\/svg><\/button><button class=\"sharemenu-buttons display_flex\" aria-label=\"Compartir en Whatsapp\"><svg width=\"38\" height=\"38\" viewbox=\"0 0 38 38\" fill=\"none\" xmlns=\"http:\/\/www.w3.org\/2000\/svg\"><rect x=\"0.5\" y=\"0.5\" width=\"37\" height=\"37\" rx=\"18.5\" fill=\"white\"><\/rect><rect x=\"0.5\" y=\"0.5\" width=\"37\" height=\"37\" rx=\"18.5\" stroke=\"#C2C2C2\"><\/rect><path d=\"M21.2863 19.9439C21.0997 19.8551 20.9664 19.9262 20.8419 20.0861C20.6731 20.3261 20.4687 20.5483 20.2909 20.7794C20.1665 20.9393 20.0243 20.9749 19.8376 20.8949C18.6645 20.4239 17.7757 19.6506 17.1269 18.5841C17.0292 18.4242 17.038 18.2997 17.1536 18.1575C17.3225 17.9531 17.4824 17.7576 17.6157 17.5354C17.678 17.4287 17.7135 17.2599 17.678 17.1532C17.4735 16.6111 17.2425 16.0867 17.0114 15.5535C16.9669 15.4557 16.8781 15.3313 16.7892 15.3224C16.4248 15.2602 16.0426 15.1891 15.7316 15.4912C15.1094 16.0778 14.8784 16.7977 15.0383 17.6243C15.1805 18.3619 15.5983 18.9663 16.0426 19.5618C16.887 20.6638 17.8646 21.6237 19.1622 22.1925C19.7932 22.4769 20.4331 22.7613 21.1441 22.7613C21.2685 22.7613 21.393 22.7613 21.5085 22.7346C22.4506 22.5391 23.1172 22.0058 23.0816 21.0193C23.0816 20.9216 23.0194 20.7794 22.9483 20.7438C22.3973 20.4594 21.8462 20.2017 21.2863 19.9439Z\" fill=\"#555555\"><\/path><path d=\"M26.9482 17.8724C26.3972 13.4642 22.1401 10.3447 17.7229 11.1179C12.6481 11.9977 9.71521 17.2859 11.6883 21.9963C12.1948 22.6629 12.0615 23.3472 11.8216 24.0849C11.5105 25.027 11.2794 26.0046 11.0039 27C11.1194 26.9733 11.1994 26.9644 11.2794 26.9378C12.5059 26.6178 13.7324 26.3068 14.9411 25.9868C15.1544 25.9335 15.3144 25.9602 15.5099 26.0579C17.1719 26.8667 18.9227 27.0978 20.718 26.7067C24.833 25.7913 27.4548 22.0496 26.9305 17.8902L26.9482 17.8724ZM20.0515 25.4624C18.4784 25.7113 17.003 25.3913 15.6166 24.6003C15.5099 24.5381 15.3411 24.5115 15.2077 24.547C14.4612 24.7248 13.7146 24.9292 12.9147 25.1336C13.1192 24.3693 13.3058 23.6672 13.5102 22.9473C13.5635 22.7606 13.5369 22.6273 13.4391 22.4673C11.0039 18.5479 13.1014 13.5442 17.6163 12.5043C21.2868 11.6511 25.0285 14.1841 25.5884 17.908C26.1395 21.5519 23.6954 24.8936 20.0515 25.4624Z\" fill=\"#555555\"><\/path><\/svg><\/button><\/div>\n<\/div>\n<p class=\"paragraph\" data-paragraph-number=\"1\">El presidente <b>Javier Milei <\/b>se refiri\u00f3 a los dichos de Donald Trump, quien ayer se mostr\u00f3 dispuesto a revisar la postura hist\u00f3rica de los Estados Unidos sobre la soberan\u00eda de las Islas Malvinas. <\/p>\n<div class=\"marfeel-recommender marfeel-recommender-1\"><\/div>\n<p class=\"paragraph\" data-paragraph-number=\"2\">En declaraciones al periodista Luis Gasulla en radio<i> El Observador<\/i>, Milei anticip\u00f3 que hablar\u00e1n de la cuesti\u00f3n en la reuni\u00f3n de Gabinete convocada para este martes. <\/p>\n<div class=\"inline ad-wrapper dfpAd ad-inline ad-text ad-component-container\" style=\"--ad-shell-height:250px;--ad-shell-width:300px\" data-ad-wrapper=\"arcad\" data-ad-type=\"inline\" data-ad-slot=\"infobae\/politica\/nota\/inline\" data-ad-container=\"dfp\" data-ad-slot-name=\"infobae\/politica\/nota\/inline\">\n<p class=\"ad-shell-label\">PUBLICIDAD<\/p>\n<div id=\"infobae\/politica\/nota\/inline\" class=\"infobae\/politica\/nota\/inline arcad ad-slot-node ad-slot-node--boxed\" data-ad-slot-id=\"infobae\/politica\/nota\/inline\"><\/div>\n<\/div>\n<p class=\"paragraph\" data-paragraph-number=\"3\">\u201cAyer pas\u00f3 <b>algo muy fuerte respecto a la causa m\u00e1s importante y sagrada que tenemos los argentinos\u201d<\/b>, dijo el jefe de Estado en un contacto telef\u00f3nico que se origin\u00f3 para dialogar sobre el retiro de Lionel Messi de la Selecci\u00f3n argentina. <\/p>\n<div class=\"marfeel-recommender marfeel-recommender-3\"><\/div>\n<h2 class=\"text-align-left vertical-align-top line-height-100 header headline-class-h2 headline\" id=\"trump-dijo-que-revisa-la-posicion-de-estados-unidos-sobre-las-malvinas-y-milei-lo-abordara-en-gabinete\">Trump dijo que revisa la posici\u00f3n de Estados Unidos sobre las Malvinas, y Milei lo abordar\u00e1 en gabinete<\/h2>\n<p class=\"paragraph\" data-paragraph-number=\"4\">El lunes 31 de agosto, Trump afirm\u00f3 ante periodistas en el <b>Sal\u00f3n Oval<\/b> que su gobierno est\u00e1 evaluando su postura sobre el archipi\u00e9lago del Atl\u00e1ntico Sur, administrado por el <b>Reino Unido<\/b> pero reclamado por <b>Argentina<\/b>. \u201cSiempre reviso cada posici\u00f3n. Es solo una de muchas\u201d, respondi\u00f3 el mandatario estadounidense cuando fue consultado al respecto. Washington sostuvo hist\u00f3ricamente una posici\u00f3n de neutralidad en el conflicto de soberan\u00eda desde la guerra de <b>1982<\/b>, sin tomar partido por ninguno de los dos pa\u00edses.<\/p>\n<div class=\"inline_2 ad-wrapper dfpAd ad-inline ad-text ad-component-container\" style=\"--ad-shell-height:250px;--ad-shell-width:300px\" data-ad-wrapper=\"arcad\" data-ad-type=\"inline_2\" data-ad-slot=\"infobae\/politica\/nota\/inline_2\" data-ad-container=\"dfp\" data-ad-slot-name=\"infobae\/politica\/nota\/inline_2\">\n<p class=\"ad-shell-label\">PUBLICIDAD<\/p>\n<div id=\"infobae\/politica\/nota\/inline_2\" class=\"infobae\/politica\/nota\/inline_2 arcad ad-slot-node ad-slot-node--boxed\" data-ad-slot-id=\"infobae\/politica\/nota\/inline_2\"><\/div>\n<\/div>\n<p class=\"paragraph\" data-paragraph-number=\"5\">Milei, sin profundizar en detalles, confirm\u00f3 que el tema estar\u00eda en la agenda del encuentro ministerial: \u201cAyer ha pasado algo muy fuerte respecto a la causa m\u00e1s importante y sagrada que tenemos los argentinos\u201d, afirm\u00f3. <\/p>\n<div class=\"marfeel-recommender marfeel-recommender-5\"><\/div>\n<p class=\"paragraph\" data-paragraph-number=\"6\"><b>Gasulla<\/b>, al cierre del di\u00e1logo, aludi\u00f3 a Malvinas entre las posibles novedades del a\u00f1o, junto a la <b>F\u00f3rmula 1<\/b> y una eventual visita del <b>Papa<\/b> al pa\u00eds.<\/p>\n<div class=\"ad_1 ad-wrapper dfpAd ad-1-al-6 ad-text ad-component-container\" style=\"--ad-shell-height:250px;--ad-shell-width:300px\" data-ad-wrapper=\"arcad\" data-ad-type=\"ad_1\" data-ad-slot=\"infobae\/politica\/nota\/ad_1\" data-ad-container=\"dfp\" data-ad-slot-name=\"infobae\/politica\/nota\/ad_1\">\n<p class=\"ad-shell-label\">PUBLICIDAD<\/p>\n<div id=\"infobae\/politica\/nota\/ad_1\" class=\"infobae\/politica\/nota\/ad_1 arcad ad-slot-node ad-slot-node--boxed\" data-ad-slot-id=\"infobae\/politica\/nota\/ad_1\"><\/div>\n<\/div>\n<p class=\"paragraph\" data-paragraph-number=\"7\">El mandatario tambi\u00e9n anticip\u00f3 que la reuni\u00f3n de gabinete tendr\u00eda como disparador un art\u00edculo del ministro <b>Federico Sturzenegger<\/b>, quien \u2014seg\u00fan describi\u00f3 Milei\u2014 <b>\u201cdemuestra con siete variables muy fuertes, una a una, cada una de las mentiras que se dedican a propagar determinados periodistas y determinados medios de comunicaci\u00f3n que no quieren que a la Argentina le vaya bien\u201d<\/b>. Luego, indic\u00f3, se pasar\u00eda al repaso habitual de los ministerios.<\/p>\n<div class=\"text-element\" data-paragraph-number=\"8\"><a rel=\"noopener noreferrer\" href=\"https:\/\/www.infobae.com\/politica\/2026\/09\/01\/javier-milei-sigue-de-cerca-el-impacto-de-la-morosidad-y-analiza-ordenarle-al-banco-central-una-medida-especial\/\" target=\"_blank\" title=\"https:\/\/www.infobae.com\/politica\/2026\/09\/01\/javier-milei-sigue-de-cerca-el-impacto-de-la-morosidad-y-analiza-ordenarle-al-banco-central-una-medida-especial\/\">Infobae anticip\u00f3 esta ma\u00f1ana que tambi\u00e9n podr\u00edan surgir medidas para atenuar la situaci\u00f3n de las familias en mora. <\/a><\/div>\n<h2 class=\"text-align-left vertical-align-top line-height-100 header headline-class-h2 headline\" id='milei-califico-la-partida-de-messi-como-\"el-dolor-de-saber-que-el-mejor-de-todos-los-tiempos-ya-no-va-a-vestir-nuestra-casaca\"'>Milei calific\u00f3 la partida de Messi como \u201cel dolor de saber que el mejor de todos los tiempos ya no va a vestir nuestra casaca\u201d<\/h2>\n<p class=\"paragraph\" data-paragraph-number=\"9\">La entrevista se inici\u00f3 con una extensa reflexi\u00f3n del presidente sobre el retiro de <b>Lionel Messi<\/b> de la <b>Selecci\u00f3n Argentina<\/b>, anunciado el 31 de agosto por el propio jugador en sus redes sociales, tras la derrota ante <b>Espa\u00f1a<\/b> en la final del <b>Mundial 2026<\/b>.<\/p>\n<div class=\"ad_2 ad-wrapper dfpAd ad-1-al-6 ad-text ad-component-container\" style=\"--ad-shell-height:250px;--ad-shell-width:300px\" data-ad-wrapper=\"arcad\" data-ad-type=\"ad_2\" data-ad-slot=\"infobae\/politica\/nota\/ad_2\" data-ad-container=\"dfp\" data-ad-slot-name=\"infobae\/politica\/nota\/ad_2\">\n<p class=\"ad-shell-label\">PUBLICIDAD<\/p>\n<div id=\"infobae\/politica\/nota\/ad_2\" class=\"infobae\/politica\/nota\/ad_2 arcad ad-slot-node ad-slot-node--boxed\" data-ad-slot-id=\"infobae\/politica\/nota\/ad_2\"><\/div>\n<\/div>\n<p class=\"paragraph\" data-paragraph-number=\"10\">\u201cEs el dolor de saber que el mejor de todos los tiempos ya no va a vestir nuestra casaca\u201d, declar\u00f3 Milei, quien adem\u00e1s subray\u00f3 su v\u00ednculo personal con la figura del rosarino: \u201cHay conferencias m\u00edas hablando de Messi por todas partes del mundo y, adem\u00e1s, bancando en ese momento tan duro que transit\u00f3 con la Selecci\u00f3n Argentina tambi\u00e9n.\u201d El mandatario describi\u00f3 la partida del capit\u00e1n albiceleste como \u201cun dolor enorme\u201d y a la vez como \u201cuna situaci\u00f3n absolutamente entendible\u201d para alguien que lleva m\u00e1s de veintid\u00f3s a\u00f1os en el alto rendimiento.<\/p>\n<h2 class=\"text-align-left vertical-align-top line-height-100 header headline-class-h2 headline\" id=\"el-presidente-invoco-un-estudio-ingles-para-ilustrar-la-excepcionalidad-estadistica-del-rosarino\">El presidente invoc\u00f3 un estudio ingl\u00e9s para ilustrar la excepcionalidad estad\u00edstica del rosarino<\/h2>\n<p class=\"paragraph\" data-paragraph-number=\"11\"><b>Milei<\/b> rememor\u00f3 que los domingos se re\u00fane habitualmente con el profesor de su hermana y que, antes del Mundial, vio un video de <b>800 goles de Messi<\/b> dividido en dos sesiones. \u201cLe puedo asegurar que usted lo mira y no hay lugar a la repetici\u00f3n, porque imag\u00ednese que si empieza a tener la repetici\u00f3n no termina m\u00e1s. Y es demoledor ver gol, gol, gol tras gol\u201d, dijo.<\/p>\n<div class=\"ad_3 ad-wrapper dfpAd ad-1-al-6 ad-text ad-component-container\" style=\"--ad-shell-height:250px;--ad-shell-width:300px\" data-ad-wrapper=\"arcad\" data-ad-type=\"ad_3\" data-ad-slot=\"infobae\/politica\/nota\/ad_3\" data-ad-container=\"dfp\" data-ad-slot-name=\"infobae\/politica\/nota\/ad_3\">\n<p class=\"ad-shell-label\">PUBLICIDAD<\/p>\n<div id=\"infobae\/politica\/nota\/ad_3\" class=\"infobae\/politica\/nota\/ad_3 arcad ad-slot-node ad-slot-node--boxed\" data-ad-slot-id=\"infobae\/politica\/nota\/ad_3\"><\/div>\n<\/div>\n<p class=\"paragraph\" data-paragraph-number=\"12\">El mandatario hizo referencia a un art\u00edculo acad\u00e9mico de origen brit\u00e1nico \u2014al que denomin\u00f3 <i>\u201cMessi es imposible\u201d<\/i>\u2014 que mide el rendimiento de los jugadores en todas las facetas del juego. <b>\u201cLo normal es que usted sea muy bueno en unos y en otros est\u00e9 debajo del promedio. La caracter\u00edstica de Messi es que es el mejor en todas las facetas del juego\u201d<\/b>, explic\u00f3. Se\u00f1al\u00f3 adem\u00e1s que jugadores de \u00e9lite como <b>Kylian Mbapp\u00e9<\/b> o <b>Cristiano Ronaldo<\/b> presentan dos o tres desv\u00edos respecto a la media, mientras que <b>\u201cMessi tiene m\u00e1s de seis desv\u00edos respecto a la media. No es normal c\u00f3mo juega al f\u00fatbol Messi\u201d<\/b>.<\/p>\n<h2 class=\"text-align-left vertical-align-top line-height-100 header headline-class-h2 headline\" id='milei-atribuyo-las-criticas-historicas-al-jugador-a-una-\"pasion-autodestructiva\"-argentina'>Milei atribuy\u00f3 las cr\u00edticas hist\u00f3ricas al jugador a una \u201cpasi\u00f3n autodestructiva\u201d argentina<\/h2>\n<p class=\"paragraph\" data-paragraph-number=\"13\">Al recordar que una parte de la prensa y los aficionados locales cuestionaron al capit\u00e1n durante a\u00f1os, el presidente no evit\u00f3 la referencia al festejo mundialista de <b>Qatar 2022<\/b>: \u201cRecuerde lo que le cantaban a los periodistas despu\u00e9s de ganar la Copa del Mundo. Recuerde que en un momento le dejaron de hablar a los periodistas.\u201d<\/p>\n<div class=\"ad_4 ad-wrapper dfpAd ad-1-al-6 ad-text ad-component-container\" style=\"--ad-shell-height:250px;--ad-shell-width:300px\" data-ad-wrapper=\"arcad\" data-ad-type=\"ad_4\" data-ad-slot=\"infobae\/politica\/nota\/ad_4\" data-ad-container=\"dfp\" data-ad-slot-name=\"infobae\/politica\/nota\/ad_4\">\n<p class=\"ad-shell-label\">PUBLICIDAD<\/p>\n<div id=\"infobae\/politica\/nota\/ad_4\" class=\"infobae\/politica\/nota\/ad_4 arcad ad-slot-node ad-slot-node--boxed\" data-ad-slot-id=\"infobae\/politica\/nota\/ad_4\"><\/div>\n<\/div>\n<p class=\"paragraph\" data-paragraph-number=\"14\">Milei vincul\u00f3 esa tendencia cr\u00edtica con lo que describi\u00f3 como una cultura nacional condicionada por d\u00e9cadas de fracasos colectivos. <b>\u201cArgentina se acostumbr\u00f3 a ser un pa\u00eds perdedor durante cien a\u00f1os\u201d<\/b>, sostuvo, y a\u00f1adi\u00f3 que uno de los desaf\u00edos pendientes es \u201creconstruir el sentimiento de que podemos ganar y que podemos ser los mejores\u201d. \u201cEn alg\u00fan momento nos vamos a poder convencer de que efectivamente somos los mejores y cuando ello entre en nuestras conciencias no nos va a parar nadie. Es m\u00e1s, lo estamos logrando a\u00fan con la m\u00e1quina de impedir a todo vapor\u201d, afirm\u00f3.<\/p>\n<h2 class=\"text-align-left vertical-align-top line-height-100 header headline-class-h2 headline\" id='\"vamos-a-recuperar-los-fierros\":-milei-cerro-con-una-referencia-a-la-formula-1'>\u201cVamos a recuperar los fierros\u201d: Milei cerr\u00f3 con una referencia a la F\u00f3rmula 1<\/h2>\n<p class=\"paragraph\" data-paragraph-number=\"15\">Sobre el final del di\u00e1logo, el presidente ampli\u00f3 su entusiasmo m\u00e1s all\u00e1 del f\u00fatbol: <b>\u201cNo solo es la pasi\u00f3n del f\u00fatbol, ahora vamos a recuperar los fierros. Mire si recuperamos la F\u00f3rmula 1\u201d<\/b>, se\u00f1al\u00f3, en alusi\u00f3n a los rumores sobre el regreso de un Gran Premio de <b>Argentina<\/b> al calendario de la m\u00e1xima categor\u00eda del automovilismo.<\/p>\n<div class=\"ad_5 ad-wrapper dfpAd ad-1-al-6 ad-text ad-component-container\" style=\"--ad-shell-height:250px;--ad-shell-width:300px\" data-ad-wrapper=\"arcad\" data-ad-type=\"ad_5\" data-ad-slot=\"infobae\/politica\/nota\/ad_5\" data-ad-container=\"dfp\" data-ad-slot-name=\"infobae\/politica\/nota\/ad_5\">\n<p class=\"ad-shell-label\">PUBLICIDAD<\/p>\n<div id=\"infobae\/politica\/nota\/ad_5\" class=\"infobae\/politica\/nota\/ad_5 arcad ad-slot-node ad-slot-node--boxed\" data-ad-slot-id=\"infobae\/politica\/nota\/ad_5\"><\/div>\n<\/div>\n<p class=\"paragraph\" data-paragraph-number=\"16\">Messi, de 39 a\u00f1os, cerr\u00f3 su etapa en la Albiceleste con <b>207 partidos<\/b>, <b>125 goles<\/b> y <b>68 asistencias<\/b>, tras haber conquistado el <b>Mundial de Qatar 2022<\/b>, dos <b>Copas Am\u00e9rica<\/b> (2021 y 2024) y haber disputado las finales de <b>2014<\/b> y <b>2026<\/b>. En su carta de despedida, publicada en Instagram, el rosarino escribi\u00f3: \u201cMe vaci\u00e9, ya no tengo m\u00e1s para dar y aparte vienen chicos muy grandes atr\u00e1s que merecen estar.\u201d<\/p>\n","protected":false},"excerpt":{"rendered":"<p>El Observador 01 Sep, 2026 08:17 a. m. EST Guardar El presidente Javier Milei se refiri\u00f3 a los dichos de Donald Trump, quien ayer se mostr\u00f3 dispuesto a revisar la postura hist\u00f3rica de los Estados Unidos sobre la soberan\u00eda de las Islas Malvinas. En declaraciones al periodista Luis Gasulla en radio El Observador, Milei anticip\u00f3 [&hellip;]<\/p>\n","protected":false},"author":1,"featured_media":20653,"comment_status":"open","ping_status":"open","sticky":false,"template":"","format":"standard","meta":{"footnotes":""},"categories":[1],"tags":[],"class_list":["post-24538","post","type-post","status-publish","format-standard","has-post-thumbnail","hentry","category-uncategorized"],"_links":{"self":[{"href":"https:\/\/cliente1.publisher.highstack.com.ar\/index.php?rest_route=\/wp\/v2\/posts\/24538","targetHints":{"allow":["GET"]}}],"collection":[{"href":"https:\/\/cliente1.publisher.highstack.com.ar\/index.php?rest_route=\/wp\/v2\/posts"}],"about":[{"href":"https:\/\/cliente1.publisher.highstack.com.ar\/index.php?rest_route=\/wp\/v2\/types\/post"}],"author":[{"embeddable":true,"href":"https:\/\/cliente1.publisher.highstack.com.ar\/index.php?rest_route=\/wp\/v2\/users\/1"}],"replies":[{"embeddable":true,"href":"https:\/\/cliente1.publisher.highstack.com.ar\/index.php?rest_route=%2Fwp%2Fv2%2Fcomments&post=24538"}],"version-history":[{"count":0,"href":"https:\/\/cliente1.publisher.highstack.com.ar\/index.php?rest_route=\/wp\/v2\/posts\/24538\/revisions"}],"wp:featuredmedia":[{"embeddable":true,"href":"https:\/\/cliente1.publisher.highstack.com.ar\/index.php?rest_route=\/wp\/v2\/media\/20653"}],"wp:attachment":[{"href":"https:\/\/cliente1.publisher.highstack.com.ar\/index.php?rest_route=%2Fwp%2Fv2%2Fmedia&parent=24538"}],"wp:term":[{"taxonomy":"category","embeddable":true,"href":"https:\/\/cliente1.publisher.highstack.com.ar\/index.php?rest_route=%2Fwp%2Fv2%2Fcategories&post=24538"},{"taxonomy":"post_tag","embeddable":true,"href":"https:\/\/cliente1.publisher.highstack.com.ar\/index.php?rest_route=%2Fwp%2Fv2%2Ftags&post=24538"}],"curies":[{"name":"wp","href":"https:\/\/api.w.org\/{rel}","templated":true}]}}