{"id":24536,"date":"2026-09-01T10:06:02","date_gmt":"2026-09-01T13:06:02","guid":{"rendered":"https:\/\/cliente1.publisher.highstack.com.ar\/?p=24536"},"modified":"2026-09-01T10:06:02","modified_gmt":"2026-09-01T13:06:02","slug":"laurta-fue-trasladado-a-cordoba-y-su-defensa-evalua-acudir-a-la-justicia-federal-los-motivos","status":"publish","type":"post","link":"https:\/\/cliente1.publisher.highstack.com.ar\/?p=24536","title":{"rendered":"Laurta fue trasladado a C\u00f3rdoba y su defensa eval\u00faa acudir a la Justicia Federal: los motivos"},"content":{"rendered":"<p><\/p>\n<div>\n<p><b>Pablo Laurta fue trasladado a C\u00f3rdoba<\/b> desde la Unidad Penal N\u00ba1 de Paran\u00e1, donde permanec\u00eda detenido en el marco de la investigaci\u00f3n por el homicidio del remisero Mart\u00edn Palacio. Su abogado defensor en Entre R\u00edos, Augusto Lafferriere, confirm\u00f3 a <i>Elonce<\/i> que se opuso a la medida al considerar que todav\u00eda existen actos procesales pendientes en la provincia. <\/p>\n<p><!-- is a <br \/>--><\/p>\n<p>\u00a0<\/p>\n<p><!-- is a <br \/>--><\/p>\n<p>Laurta tambi\u00e9n est\u00e1 acusado en C\u00f3rdoba por los <b>femicidios de su expareja Luna Giardina y su exsuegra Mariel Zamudio<\/b>. Seg\u00fan explic\u00f3 el letrado, la jueza de Garant\u00edas de Concordia, Mar\u00eda Gabriela Ser\u00f3, dispuso dos traslados: uno hacia el Ministerio P\u00fablico Fiscal entrerriano para que el detenido formulara una denuncia y otro hacia territorio cordob\u00e9s: la c\u00e1rcel de Cruz del Eje. <\/p>\n<p><!-- is a <br \/>--><\/p>\n<p>\u00a0<\/p>\n<p><!-- is a <br \/>--><\/p>\n<p>\u201cDesde el inicio de que asum\u00ed la defensa ha manifestado que tiene cuestiones para decir, para contar y exponer su versi\u00f3n\u201d, afirm\u00f3 Lafferriere. El abogado indic\u00f3 que los planteos de Laurta estuvieron relacionados con una supuesta situaci\u00f3n de <b>trata infantil vinculada a su hijo<\/b>, aunque evit\u00f3 aportar mayores precisiones debido a la reserva que podr\u00eda requerir la investigaci\u00f3n. <\/p>\n<p><!-- is a <br \/>--><\/p>\n<p><!-- is a object --><br \/>\n<!-- embed start --><\/p>\n<div class=\"embed embed-video\">\n<p>\n            <iframe loading=\"lazy\" title=\"Laurta ser\u00e1 trasladado a C\u00f3rdoba para enfrentar el juicio por jurado - 01\/09\/26\" width=\"500\" height=\"281\" src=\"https:\/\/www.youtube.com\/embed\/1TXrYKKobe0?feature=oembed\" frameborder=\"0\" allow=\"accelerometer; autoplay; clipboard-write; encrypted-media; gyroscope; picture-in-picture; web-share\" referrerpolicy=\"strict-origin-when-cross-origin\" allowfullscreen><\/iframe>\n        <\/p>\n<p>\n                <span>Laurta fue trasladado a C\u00f3rdoba y su defensa eval\u00faa acudir a la Justicia Federal: los motivos<\/span>\n            <\/p>\n<\/p><\/div>\n<p><!-- embed end --><br \/>\n<!-- end object --><\/p>\n<p>\u00a0<\/p>\n<p><!-- is a <br \/>--><\/p>\n<p><!-- is a object --><\/p>\n<h2>La defensa se opuso al traslado a C\u00f3rdoba<\/h2>\n<p><!-- end object --><\/p>\n<p>\u00a0<\/p>\n<p><!-- is a <br \/>--><\/p>\n<p>Lafferriere explic\u00f3 que la defensa no objet\u00f3 que Laurta fuera llevado ante la Fiscal\u00eda para formular la denuncia. \u201cVemos con buenos ojos que la Justicia tambi\u00e9n escuche lo que Laurta tenga para decir\u201d, sostuvo durante la entrevista con <i>Elonce<\/i>. <\/p>\n<p><!-- is a <br \/>--><\/p>\n<p>\u00a0<\/p>\n<p><!-- is a <br \/>--><\/p>\n<p>Distinta fue la postura frente al traslado a C\u00f3rdoba. El abogado se\u00f1al\u00f3 que el 28 de agosto present\u00f3 un escrito ante el Juzgado de Garant\u00edas para manifestar su oposici\u00f3n. Seg\u00fan argument\u00f3, la investigaci\u00f3n por el crimen de Palacio todav\u00eda se encontraba en etapa preparatoria y bajo la intervenci\u00f3n de la fiscal Daniela Montangie, de Concordia.  <\/p>\n<p><!-- is a <br \/>--><\/p>\n<p>\u00a0<\/p>\n<p><!-- is a <br \/>--><\/p>\n<p>\u201cEntendemos que a\u00fan no est\u00e1n finalizados\u201d los actos procesales en Entre R\u00edos, manifest\u00f3. Lafferriere sostuvo que la denuncia realizada por su defendido podr\u00eda derivar en nuevas citaciones y diligencias dentro de la jurisdicci\u00f3n entrerriana. <\/p>\n<p><!-- is a <br \/>--><\/p>\n<p><!-- is a object --><br \/>\n<!-- embed start --><\/p>\n<figure class=\"embed\">\n<p>    <img decoding=\"async\" src=\"https:\/\/elonce-media.elonce.com\/fotos\/2025\/12\/23\/e_1766529451_23346.webp\" loading=\"lazy\" width=\"600\" height=\"400\" alt=\"Luna Giardina y Mariel Zamudio, victimas de femicidio.-\"\/><figcaption>\n            <span>Luna Giardina y Mariel Zamudio, victimas de femicidio.-<\/span><br \/>\n        <\/figcaption><\/figure>\n<p><!-- embed end --><br \/>\n<!-- end object --><\/p>\n<p>Es necesario aclarar que el Fiscal de Instrucci\u00f3n en Violencia de G\u00e9nero y Familiar de C\u00f3rdoba, Gerardo Reyes, dispuso la <b>elevaci\u00f3n a juicio<\/b> de la causa seguida contra <b>Pablo Laurta<\/b> por el <b>doble femicidio <\/b>de la madre y de la abuela de su hijo de 5 a\u00f1os, <b>Luna Giardina<\/b> y <b>Mariel Zamudio<\/b>, respectivamente. Desde el Ministerio P\u00fablico Fiscal de C\u00f3rdoba informaron que Laurta llegar\u00e1 a juicio imputado por los delitos de <b>homicidio calificado por el v\u00ednculo, alevos\u00eda y violencia de g\u00e9nero; violaci\u00f3n de domicilio, amenazas y desobediencia a la autoridad<\/b>. <\/p>\n<p><!-- is a <br \/>--><\/p>\n<p><!-- is a object --><\/p>\n<h2> <\/h2>\n<p><!-- end object --><\/p>\n<p>\u00a0<\/p>\n<p><!-- is a <br \/>--><\/p>\n<p><!-- is a object --><\/p>\n<h2>La situaci\u00f3n judicial de Laurta<\/h2>\n<p><!-- end object --><\/p>\n<p>\u00a0<\/p>\n<p><!-- is a <br \/>--><\/p>\n<p>Consultado sobre las acusaciones, el defensor remarc\u00f3 que las causas todav\u00eda se encontraban en investigaci\u00f3n. \u201cHay una grave acusaci\u00f3n contra \u00e9l; judicialmente tambi\u00e9n, pero a\u00fan en etapa incipiente\u201d, explic\u00f3. <\/p>\n<p><!-- is a <br \/>--><\/p>\n<p>\u00a0<\/p>\n<p><!-- is a <br \/>--><\/p>\n<p>Lafferriere aclar\u00f3 que su intervenci\u00f3n profesional se limita al expediente tramitado en Entre R\u00edos por el crimen de Palacio y que desconoce las particularidades de las pruebas reunidas en C\u00f3rdoba por los otros dos homicidios investigados. <\/p>\n<p><!-- is a <br \/>--><\/p>\n<p><!-- is a object --><br \/>\n<!-- embed start --><\/p>\n<figure class=\"embed\">\n<p>    <img decoding=\"async\" src=\"https:\/\/elonce-media.elonce.com\/fotos\/2025\/10\/11\/e_1760189755_22524.webp\" loading=\"lazy\" width=\"600\" height=\"400\" alt=\"Mart\u00edn Palacio, v\u00edctima de homicidio.-\"\/><figcaption>\n            <span>Mart\u00edn Palacio, v\u00edctima de homicidio.-<\/span><br \/>\n        <\/figcaption><\/figure>\n<p><!-- embed end --><br \/>\n<!-- end object --><\/p>\n<p>Tambi\u00e9n asegur\u00f3 que Laurta se encontraba en condiciones de afrontar el proceso judicial. \u201cEs una persona con quien se puede mantener un di\u00e1logo normal. Tiene su capacidad de juicio, su razonabilidad intacta. Entendemos que desde ese punto de vista no hay ning\u00fan impedimento para que \u00e9l pueda defenderse y someterse a proceso\u201d, se\u00f1al\u00f3. <\/p>\n<p><!-- is a <br \/>--><\/p>\n<p>\u00a0<\/p>\n<p><!-- is a <br \/>--><\/p>\n<p>Cabe recordar que el acusado formaba parte de <b>\u00ab<\/b><i><b>Varones Unidos<\/b><\/i><b>\u00bb<\/b>, una<b> <\/b>agrupaci\u00f3n de tinte antifeminista. La asociaci\u00f3n considera a la feminidad como un \u201ccomplemento natural de la esencia masculina\u201d y <b>exige dar lugar a las \u201cproblem\u00e1ticas masculinas\u201d.<\/b> <\/p>\n<p><!-- is a <br \/>--><\/p>\n<p><!-- is a object --><\/p>\n<h2> <\/h2>\n<p><!-- end object --><\/p>\n<p>\u00a0<\/p>\n<p><!-- is a <br \/>--><\/p>\n<p><!-- is a object --><\/p>\n<h2>Evaluaron recurrir a la Justicia Federal<\/h2>\n<p><!-- end object --><\/p>\n<p>\u00a0<\/p>\n<p><!-- is a <br \/>--><\/p>\n<p>Otro punto planteado por la defensa fue una eventual discusi\u00f3n sobre la competencia judicial. Lafferriere explic\u00f3 que los homicidios son delitos comunes y, en principio, corresponde que intervengan las justicias provinciales de Entre R\u00edos y C\u00f3rdoba. <\/p>\n<p><!-- is a <br \/>--><\/p>\n<p>\u00a0<\/p>\n<p><!-- is a <br \/>--><\/p>\n<p>Sin embargo, sostuvo que existen elementos que podr\u00edan habilitar un planteo para llevar el expediente al fuero federal. Entre ellos mencion\u00f3 <b>la condici\u00f3n de extranjero del imputado (es ciudadano uruguay) y la existencia de investigaciones desarrolladas en dos provincias.<\/b> <\/p>\n<p><!-- is a <br \/>--><\/p>\n<p>\u00a0<\/p>\n<p><!-- is a <br \/>--><\/p>\n<p><b>\u201cEntendemos que aqu\u00ed s\u00ed habr\u00eda la posibilidad de que por inhibitoria o por declinatoria se presente un pedido de incompetencia en la Justicia provincial y el caso sea llevado a la Justicia Federal\u201d<\/b>, indic\u00f3. No obstante, aclar\u00f3 que la defensa todav\u00eda no resolvi\u00f3 avanzar con esa estrategia: \u201cHemos evaluado esa opci\u00f3n. A\u00fan no hemos decidido el temperamento a seguir\u201d. <\/p>\n<p><!-- is a <br \/>--><\/p>\n<p><!-- is a object --><br \/>\n<!-- embed start --><\/p>\n<figure class=\"embed\">\n<p>    <img decoding=\"async\" src=\"https:\/\/elonce-media.elonce.com\/fotos\/2025\/10\/22\/e_1761125148_40030.webp\" loading=\"lazy\" width=\"600\" height=\"400\" alt=\"Pablo Laurta, acusado por doble femicidio y un crimen.-\"\/><figcaption>\n            <span>Pablo Laurta, acusado por doble femicidio y un crimen.-<\/span><br \/>\n        <\/figcaption><\/figure>\n<p><!-- embed end --><br \/>\n<!-- end object --><\/p>\n<p>\u00a0<\/p>\n<p><!-- is a <br \/>--><\/p>\n<p><!-- is a object --><\/p>\n<h2>Las causas que se investigan<\/h2>\n<p><!-- end object --><\/p>\n<p>\u00a0<\/p>\n<p><!-- is a <br \/>--><\/p>\n<p>Laurta hab\u00eda sido detenido el pasado 12 de octubre en un hotel de Gualeguaych\u00fa cuando se encontraba acompa\u00f1ado por su hijo. A partir de la investigaci\u00f3n tambi\u00e9n avanz\u00f3 la causa por el homicidio del remisero Palacio, a quien contrat\u00f3 cuando lleg\u00f3 a la Argentina de forma clandestina con el objetivo de viajar a C\u00f3rdoba y llevarse al ni\u00f1o. Antes, hab\u00eda cruzado en piragua desde Uruguay a Entre R\u00edos para evitar dejar rastros en la Aduana. <\/p>\n<p><!-- is a <br \/>--><\/p>\n<p>\u00a0<\/p>\n<p><!-- is a <br \/>--><\/p>\n<p>El d\u00eda de los femicidios, Laurta accedi\u00f3 armado al domicilio de su ex y mam\u00e1 de su hijo. Una vez en el interior de la propiedad, <b>atac\u00f3 a Luna y a su suegra Mariel a tiros hasta matarlas<\/b>. As\u00ed, escap\u00f3 y se llev\u00f3 consigo al ni\u00f1o de 5 a\u00f1os, desencadenando un operativo de b\u00fasqueda que culmin\u00f3 con su captura en la provincia de <b>Entre R\u00edos;<\/b> los investigadores est\u00e1n convencidos de que lo iba a cruzar a Uruguay de manera ilegal.  <\/p>\n<p><!-- is a <br \/>--><\/p>\n<p>\u00a0<\/p>\n<p><!-- is a <br \/>--><\/p>\n<p>El arresto de Laurta, uno de los creadores de la comunidad digital que defend\u00eda los derechos de los hombres y cuestionaba las pol\u00edticas de g\u00e9nero; <b>desnud\u00f3 adem\u00e1s el plan criminal urdido por el uruguayo<\/b>, que incluy\u00f3 el crimen de Palacio, su desmembramiento y la dispersi\u00f3n de los restos <b>en distintos puntos<\/b> del trayecto que recorri\u00f3 en los departamentos de Concordia y Rosario del Tala. <\/p>\n<p><!-- is a <br \/>--><\/p>\n<p>\u00a0<\/p>\n<p><!-- is a <br \/>--><\/p>\n<p>Mientras los expedientes avanzan en ambas jurisdicciones, la defensa insisti\u00f3 en que todav\u00eda quedaban medidas procesales pendientes en Entre R\u00edos y dej\u00f3 abierta la posibilidad de discutir la competencia ante la Justicia Federal.<\/p>\n<\/p><\/div>\n","protected":false},"excerpt":{"rendered":"<p>Pablo Laurta fue trasladado a C\u00f3rdoba desde la Unidad Penal N\u00ba1 de Paran\u00e1, donde permanec\u00eda detenido en el marco de la investigaci\u00f3n por el homicidio del remisero Mart\u00edn Palacio. Su abogado defensor en Entre R\u00edos, Augusto Lafferriere, confirm\u00f3 a Elonce que se opuso a la medida al considerar que todav\u00eda existen actos procesales pendientes en [&hellip;]<\/p>\n","protected":false},"author":1,"featured_media":24537,"comment_status":"open","ping_status":"open","sticky":false,"template":"","format":"standard","meta":{"footnotes":""},"categories":[1],"tags":[],"class_list":["post-24536","post","type-post","status-publish","format-standard","has-post-thumbnail","hentry","category-uncategorized"],"_links":{"self":[{"href":"https:\/\/cliente1.publisher.highstack.com.ar\/index.php?rest_route=\/wp\/v2\/posts\/24536","targetHints":{"allow":["GET"]}}],"collection":[{"href":"https:\/\/cliente1.publisher.highstack.com.ar\/index.php?rest_route=\/wp\/v2\/posts"}],"about":[{"href":"https:\/\/cliente1.publisher.highstack.com.ar\/index.php?rest_route=\/wp\/v2\/types\/post"}],"author":[{"embeddable":true,"href":"https:\/\/cliente1.publisher.highstack.com.ar\/index.php?rest_route=\/wp\/v2\/users\/1"}],"replies":[{"embeddable":true,"href":"https:\/\/cliente1.publisher.highstack.com.ar\/index.php?rest_route=%2Fwp%2Fv2%2Fcomments&post=24536"}],"version-history":[{"count":0,"href":"https:\/\/cliente1.publisher.highstack.com.ar\/index.php?rest_route=\/wp\/v2\/posts\/24536\/revisions"}],"wp:featuredmedia":[{"embeddable":true,"href":"https:\/\/cliente1.publisher.highstack.com.ar\/index.php?rest_route=\/wp\/v2\/media\/24537"}],"wp:attachment":[{"href":"https:\/\/cliente1.publisher.highstack.com.ar\/index.php?rest_route=%2Fwp%2Fv2%2Fmedia&parent=24536"}],"wp:term":[{"taxonomy":"category","embeddable":true,"href":"https:\/\/cliente1.publisher.highstack.com.ar\/index.php?rest_route=%2Fwp%2Fv2%2Fcategories&post=24536"},{"taxonomy":"post_tag","embeddable":true,"href":"https:\/\/cliente1.publisher.highstack.com.ar\/index.php?rest_route=%2Fwp%2Fv2%2Ftags&post=24536"}],"curies":[{"name":"wp","href":"https:\/\/api.w.org\/{rel}","templated":true}]}}