{"id":24534,"date":"2026-09-01T10:02:42","date_gmt":"2026-09-01T13:02:42","guid":{"rendered":"https:\/\/cliente1.publisher.highstack.com.ar\/?p=24534"},"modified":"2026-09-01T10:02:42","modified_gmt":"2026-09-01T13:02:42","slug":"rechazan-liberar-a-una-acusada-en-la-causa-por-cultivo-y-distribucion-de-marihuana-en-parana-y-oro-verde","status":"publish","type":"post","link":"https:\/\/cliente1.publisher.highstack.com.ar\/?p=24534","title":{"rendered":"Rechazan liberar a una acusada en la causa por cultivo y distribuci\u00f3n de marihuana en Paran\u00e1 y Oro Verde"},"content":{"rendered":"<p><\/p>\n<div class=\"body-noticia clearfix text-formatted field field--name-body field--type-text-with-summary field--label-hidden field__item\">\n<p>El Tribunal Oral Federal de Paran\u00e1 rechaz\u00f3 el pedido de excarcelaci\u00f3n y prisi\u00f3n domiciliaria de Claudia Patricia Caraballo, imputada en la causa por narcotr\u00e1fico que tuvo allanamientos simult\u00e1neos en marzo de 2025, donde se secuestraron plantas de cannabis, marihuana fraccionada y otras drogas en Paran\u00e1 y Oro Verde. La defensa hab\u00eda planteado que la elevaci\u00f3n a juicio modificaba el escenario procesal y que la imputada ten\u00eda arraigo y v\u00ednculos familiares en la capital provincial, mientras que la Fiscal\u00eda sostuvo que persist\u00edan los riesgos procesales. El Tribunal concluy\u00f3 que \u201cla privaci\u00f3n de la libertad de la imputada, dadas las circunstancias del caso, se presenta como la \u00fanica modalidad id\u00f3nea para asegurar con efectividad la comparecencia y sujeci\u00f3n de la Caraballo al proceso\u201d.<\/p>\n<p><img decoding=\"async\" data-entity-uuid=\"13ae7295-4884-42dd-a7af-334e9459ed29\" data-entity-type=\"file\" src=\"https:\/\/www.analisisdigital.com.ar\/sites\/default\/files\/imagenes\/inline-images\/cultivo-cannabis2.jpg\" width=\"900\" height=\"506\" loading=\"lazy\">\n<\/p>\n<p>La causa se inici\u00f3 en 2024 y deriv\u00f3 en allanamientos el 18 de marzo de 2025, donde se secuestraron 1.818 plantas de marihuana, m\u00e1s de 10 kilos de cannabis procesado, semillas germinadas, MDMA, LSD, coca\u00edna y dinero en efectivo, en domicilios de Paran\u00e1 y Oro Verde. La investigaci\u00f3n determin\u00f3 que los imputados integraban una estructura dedicada al cultivo y comercio de cannabis a gran escala. Uno de los principales imputados es Iv\u00e1n Malajovich, activista por la legalizaci\u00f3n del cannabis.<\/p>\n<p><strong>El planteo de la defensa<\/strong><\/p>\n<p>La defensora particular, Corina Beisel, sostuvo que la elevaci\u00f3n a juicio modificaba el escenario que justific\u00f3 la prisi\u00f3n preventiva y pidi\u00f3 la excarcelaci\u00f3n o, subsidiariamente, la prisi\u00f3n domiciliaria. En su presentaci\u00f3n afirm\u00f3 que el pedido \u201cse sustenta en una modificaci\u00f3n objetiva y sustancial del escenario que fuera tenido en consideraci\u00f3n al momento de revisarse la petici\u00f3n, y es que la etapa instructoria ha concluido y la causa se elev\u00f3 a juicio\u201d.<\/p>\n<p>\u201cLa prisi\u00f3n preventiva es una medida provisional, instrumental y esencialmente revisable. (Caraballo) lleva 17 meses privada de su libertad sin condena firme\u201d, afirm\u00f3 y agreg\u00f3: \u201cNo es una persona sin domicilio, sin v\u00ednculos o residencia incierto ya que tiene una historia personal asentada en Paran\u00e1\u201d.<\/p>\n<p><strong>La postura del Ministerio P\u00fablico Fiscal<\/strong><\/p>\n<p>El fiscal general Jos\u00e9 Ignacio Candioti rechaz\u00f3 el pedido y sostuvo que la gravedad del hecho y la escala penal manten\u00edan vigentes los riesgos procesales. En su dictamen afirm\u00f3: \u201cLa elevaci\u00f3n del expediente a esta sede plenaria no implica que el riesgo procesal haya menguado, por el contrario lo reafirma\u201d.<\/p>\n<p>Sobre la imputaci\u00f3n, se\u00f1al\u00f3: \u201cSe trata del delito de comercio de estupefacientes, agravado por la intervenci\u00f3n organizada de tres o m\u00e1s personas, cuya pena va de 6 a\u00f1os de prisi\u00f3n a un m\u00e1ximo de 20 a\u00f1os\u201d.<\/p>\n<p>Respecto al domicilio propuesto por la defensa, el fiscal advirti\u00f3: \u201cSe verific\u00f3 la actividad il\u00edcita que se le atribuye, como actos de intercambio de estupefaciente, la presencia de un invernadero con 88 plantas, entre otros elementos que operan como indicadores de riesgo al pretender regresar a dicho domicilio\u201d.<\/p>\n<p><strong>Los fundamentos del Tribunal Oral Federal<\/strong><\/p>\n<p>El Tribunal, integrado por Noem\u00ed Berros, Jorge Gallino y Mariela Rojas, analiz\u00f3 los antecedentes del caso y resolvi\u00f3 mantener la prisi\u00f3n preventiva. En el fallo se afirma: \u201cSi bien el riesgo ha disminuido en esta etapa plenaria, no significa que se haya eliminado la eventualidad de provocar alg\u00fan perjuicio en la efectivizaci\u00f3n de ciertas pruebas\u201d.<\/p>\n<p>Sobre el peligro de fuga, el Tribunal se\u00f1al\u00f3: \u201cLa circunstancia y naturaleza del hecho que se le achaca es grave; y, adem\u00e1s, tambi\u00e9n lo es la intervenci\u00f3n que ella habr\u00eda tenido (\u2026) todo lo cual, en caso de arribarse en la instancia oportuna a una condena, no permitir\u00eda la condenaci\u00f3n condicional\u201d.<\/p>\n<p>Respecto a la prisi\u00f3n domiciliaria, el Tribunal record\u00f3 los requisitos legales y concluy\u00f3: \u201cNo se halla en situaci\u00f3n de vulnerabilidad y\/o desamparo que necesariamente implique la asistencia por parte de Caraballo para la atenci\u00f3n diaria en su domicilio\u201d.<\/p>\n<p>Por esto, resolvi\u00f3 no hacer lugar a los pedidos de la defensa, por lo que la imputada llegar\u00e1 privada de su libertad al juicio oral.<\/p>\n<\/div>\n","protected":false},"excerpt":{"rendered":"<p>El Tribunal Oral Federal de Paran\u00e1 rechaz\u00f3 el pedido de excarcelaci\u00f3n y prisi\u00f3n domiciliaria de Claudia Patricia Caraballo, imputada en la causa por narcotr\u00e1fico que tuvo allanamientos simult\u00e1neos en marzo de 2025, donde se secuestraron plantas de cannabis, marihuana fraccionada y otras drogas en Paran\u00e1 y Oro Verde. La defensa hab\u00eda planteado que la elevaci\u00f3n [&hellip;]<\/p>\n","protected":false},"author":1,"featured_media":24535,"comment_status":"open","ping_status":"open","sticky":false,"template":"","format":"standard","meta":{"footnotes":""},"categories":[1],"tags":[],"class_list":["post-24534","post","type-post","status-publish","format-standard","has-post-thumbnail","hentry","category-uncategorized"],"_links":{"self":[{"href":"https:\/\/cliente1.publisher.highstack.com.ar\/index.php?rest_route=\/wp\/v2\/posts\/24534","targetHints":{"allow":["GET"]}}],"collection":[{"href":"https:\/\/cliente1.publisher.highstack.com.ar\/index.php?rest_route=\/wp\/v2\/posts"}],"about":[{"href":"https:\/\/cliente1.publisher.highstack.com.ar\/index.php?rest_route=\/wp\/v2\/types\/post"}],"author":[{"embeddable":true,"href":"https:\/\/cliente1.publisher.highstack.com.ar\/index.php?rest_route=\/wp\/v2\/users\/1"}],"replies":[{"embeddable":true,"href":"https:\/\/cliente1.publisher.highstack.com.ar\/index.php?rest_route=%2Fwp%2Fv2%2Fcomments&post=24534"}],"version-history":[{"count":0,"href":"https:\/\/cliente1.publisher.highstack.com.ar\/index.php?rest_route=\/wp\/v2\/posts\/24534\/revisions"}],"wp:featuredmedia":[{"embeddable":true,"href":"https:\/\/cliente1.publisher.highstack.com.ar\/index.php?rest_route=\/wp\/v2\/media\/24535"}],"wp:attachment":[{"href":"https:\/\/cliente1.publisher.highstack.com.ar\/index.php?rest_route=%2Fwp%2Fv2%2Fmedia&parent=24534"}],"wp:term":[{"taxonomy":"category","embeddable":true,"href":"https:\/\/cliente1.publisher.highstack.com.ar\/index.php?rest_route=%2Fwp%2Fv2%2Fcategories&post=24534"},{"taxonomy":"post_tag","embeddable":true,"href":"https:\/\/cliente1.publisher.highstack.com.ar\/index.php?rest_route=%2Fwp%2Fv2%2Ftags&post=24534"}],"curies":[{"name":"wp","href":"https:\/\/api.w.org\/{rel}","templated":true}]}}