{"id":24532,"date":"2026-09-01T09:56:01","date_gmt":"2026-09-01T12:56:01","guid":{"rendered":"https:\/\/cliente1.publisher.highstack.com.ar\/?p=24532"},"modified":"2026-09-01T09:56:01","modified_gmt":"2026-09-01T12:56:01","slug":"reforma-del-bcra-cuales-son-los-puntos-clave-del-proyecto-que-obtuvo-media-sancion-en-diputados","status":"publish","type":"post","link":"https:\/\/cliente1.publisher.highstack.com.ar\/?p=24532","title":{"rendered":"Reforma del BCRA: cu\u00e1les son los puntos clave del proyecto que obtuvo media sanci\u00f3n en Diputados"},"content":{"rendered":"<div id=\"\">\n<p id=\"p-1787745403252-17960\" class=\"\">La reforma de la Carta Org\u00e1nica del BCRA se encamina a convertirse en una de las principales iniciativas econ\u00f3micas del Gobierno de Javier Milei para el segundo semestre. Con 144 votos a favor, 102 en contra y 9 abstenciones, <strong>la C\u00e1mara baja aprob\u00f3 en general <\/strong>el proyecto que, de acuerdo al relato oficialista, busca ponerle <strong>\u201cfin al flagelo de la inflaci\u00f3n\u201d.<\/strong><\/p>\n<\/p><\/div>\n<div id=\"\">\n<p id=\"p-1787788092743-41416\" class=\"\"> La iniciativa, que deber\u00e1 ahora ser tratada por el Senado, propone cambiar de manera sustancial el funcionamiento de la autoridad monetaria y establecer l\u00edmites m\u00e1s estrictos a su relaci\u00f3n financiera con el sector p\u00fablico.<\/p>\n<\/div>\n<div id=\"\">\n<p id=\"p-1787830345780-874\" class=\"\"><strong>La votaci\u00f3n se realiz\u00f3 por t\u00edtulos y no por art\u00edculos<\/strong>, una modalidad que gener\u00f3 el rechazo de la oposici\u00f3n, que esperaba que algunos puntos del proyecto reunieran menos respaldos y pudieran incluso ser rechazados. Finalmente, eso no ocurri\u00f3. Adem\u00e1s, el T\u00edtulo I concentra pr\u00e1cticamente todos los art\u00edculos de la iniciativa.<\/p>\n<\/div>\n<div id=\"\">\n<p id=\"p-1787830345780-46474\" class=\"\">Durante la sesi\u00f3n, los diputados de Uni\u00f3n por la Patria Agust\u00edn Rossi, Cecilia Moreau, Itai Hagman, Juan Grabois y Aldo Leiva protagonizaron un fuerte reclamo frente al titular de la C\u00e1mara baja, Mart\u00edn Menem, junto a Maximiliano Ferraro (CC). En otro momento de la discusi\u00f3n, Myriam Bregman (FIT-Unidad) le mostr\u00f3 a Menem un cartel con la leyenda: <strong>\u201cCompraron los votos\u201d.<\/strong><\/p>\n<\/p><\/div>\n<div id=\"\">\n<p id=\"p-1787830345780-95337\" class=\"\"> El principal reclamo de la oposici\u00f3n estuvo dirigido al <strong>art\u00edculo 13<\/strong>, que permite utilizar activos como reservas en oro, activos financieros y dinero l\u00edquido como <strong>garant\u00eda \u201cen operaciones propias\u201d, entre ellas la toma de deuda. <\/strong>\u201cLe da la posibilidad al Banco Central de hipotecar, de usarlo como garant\u00eda colateral para seguir tomando deuda\u201d, explic\u00f3 Guillermo Michel (Uni\u00f3n por la Patria).<\/p>\n<p id=\"p-1787830345780-59510\" class=\"\">El art\u00edculo 12 tambi\u00e9n gener\u00f3 cuestionamientos entre los bloques opositores. El texto establece que \u201cel BCRA podr\u00e1 disponer que la integraci\u00f3n de los requisitos de reserva se realice parcialmente con t\u00edtulos p\u00fablicos valuados a precios de mercado\u201d. A pesar de las objeciones, los dos t\u00edtulos del proyecto obtuvieron los votos necesarios para su aprobaci\u00f3n.<\/p>\n<p id=\"p-1787830345780-9608\">El T\u00edtulo I fue aprobado con <strong>138 votos afirmativos, 110 negativos y siete abstenciones<\/strong>. El T\u00edtulo II consigui\u00f3 <strong>142 votos a favor, 107 en contra y seis abstenciones<\/strong>.<\/p>\n<h2 id=\"p-1787745403252-4502\">Reforma del BCRA: cu\u00e1les son los principales cambios que impulsa Milei<\/h2>\n<h3 id=\"p-1787745403252-96532\">Un \u00fanico objetivo: preservar el valor de la moneda<\/h3>\n<p id=\"p-1787745403252-73930\" class=\"\">Uno de los cambios centrales es la modificaci\u00f3n del mandato del Banco Central. El proyecto establece como misi\u00f3n primaria y fundamental <strong>preservar el valor de la moneda<\/strong>. De esta manera, se busca dejar atr\u00e1s el esquema incorporado con la reforma de 2012, que adem\u00e1s de la estabilidad monetaria contemplaba objetivos vinculados con la estabilidad financiera, el empleo y el desarrollo econ\u00f3mico con equidad social.<\/p>\n<p id=\"p-1787745403252-46026\" class=\"\">El cambio implica concentrar el accionar del BCRA en la estabilidad monetaria y, particularmente, en la lucha contra la inflaci\u00f3n.<\/p>\n<div contenteditable=\"false\" class=\"embed_cont type_imagen\" id=\"8258647-Libre-1550098819_wrap\">\n<div id=\"8258647-Libre-1550098819_content\" class=\"embed_content\"><img src=\"https:\/\/media.ambito.com\/p\/9500bcce662bb60af1ea75d64bda02e9\/adjuntos\/239\/imagenes\/043\/555\/0043555462\/730x0\/smart\/el-bcra-acelero-las-compras-divisas-mientras-las-reservas-netas-mejoraron-y-las-tasas-volvieron-tensionarse.avif\" decoding=\"async\" fetchpriority=\"low\" loading=\"lazy\" alt=\"Javier Milei busca darle al Banco Central una misi\u00f3n central: preservar el valor de la moneda. La iniciativa tambi\u00e9n plantea mayores l\u00edmites al financiamiento monetario del d\u00e9ficit, cambios en el reparto de utilidades y un mecanismo m\u00e1s exigente para remover a las autoridades.\" title=\"Javier Milei busca darle al Banco Central una misi\u00f3n central: preservar el valor de la moneda. La iniciativa tambi\u00e9n plantea mayores l\u00edmites al financiamiento monetario del d\u00e9ficit, cambios en el reparto de utilidades y un mecanismo m\u00e1s exigente para remover a las autoridades.\" width=\"730\" height=\"undefined\" id=\"8258647-Libre-1550098819_embed\"\/><\/div>\n<div class=\"embed_wrapper-cont\" id=\"p-1787745508678-85632\">\n<div id=\"8258647-Libre-1550098819_epigrafe\" class=\"embed_epigrafe\">\n<p id=\"p-1787745526245-59982\">Javier Milei busca darle al Banco Central una misi\u00f3n central: preservar el valor de la moneda. La iniciativa tambi\u00e9n plantea mayores l\u00edmites al financiamiento monetario del d\u00e9ficit, cambios en el reparto de utilidades y un mecanismo m\u00e1s exigente para remover a las autoridades.<\/p>\n<\/div><\/div>\n<\/p><\/div>\n<h3 id=\"p-1787745403252-4371\">Fin del financiamiento al Tesoro<\/h3>\n<p id=\"p-1787745403252-28393\" class=\"\">Otro de los puntos m\u00e1s relevantes es la prohibici\u00f3n del financiamiento del sector p\u00fablico por parte del Banco Central. El proyecto elimina la posibilidad de otorgar adelantos transitorios al Gobierno nacional y establece restricciones para otras formas de asistencia financiera directa o indirecta. La prohibici\u00f3n tambi\u00e9n alcanza al financiamiento de provincias y municipios.<\/p>\n<p id=\"p-1787745403252-26173\" class=\"\">El objetivo del Gobierno es cerrar una de las v\u00edas utilizadas hist\u00f3ricamente para financiar el d\u00e9ficit fiscal mediante emisi\u00f3n monetaria. Seg\u00fan la argumentaci\u00f3n oficial, evitar que el BCRA pueda cubrir desequilibrios fiscales es una condici\u00f3n necesaria para consolidar la estabilidad de precios.<\/p>\n<h3 id=\"p-1787745403252-97385\">Qu\u00e9 pasar\u00e1 con las utilidades del BCRA<\/h3>\n<p id=\"p-1787745403252-19073\" class=\"\">La reforma tambi\u00e9n modifica el tratamiento de las utilidades de la autoridad monetaria. El proyecto busca impedir que el Tesoro pueda recibir como financiamiento utilidades meramente contables generadas, por ejemplo, por variaciones en el valor de los activos o por operaciones financieras.<\/p>\n<p id=\"p-1787745403252-16514\" class=\"\">La intenci\u00f3n es evitar que resultados que no representan necesariamente una ganancia realizada se conviertan en recursos disponibles para financiar el gasto p\u00fablico.<\/p>\n<h3 id=\"p-1787745403252-66805\">Mayor protecci\u00f3n para el directorio<\/h3>\n<p id=\"p-1787745403252-36473\" class=\"\">La iniciativa incorpora adem\u00e1s un cambio importante en la forma de remover a las autoridades del Banco Central. Para desplazar al presidente o a los integrantes del directorio ser\u00e1 necesaria una mayor\u00eda de dos tercios tanto en la C\u00e1mara de Diputados como en el Senado. La modificaci\u00f3n apunta a elevar las barreras institucionales frente a cambios de conducci\u00f3n derivados de los ciclos pol\u00edticos.<\/p>\n<p id=\"p-1787745403252-49485\" class=\"\">Los mandatos, sin embargo, no se extienden. El proyecto mantiene la duraci\u00f3n actual de seis a\u00f1os y apuesta a reforzar la estabilidad de las autoridades mediante un mecanismo de remoci\u00f3n m\u00e1s exigente.<\/p>\n<h3 id=\"p-1787745403252-94223\">Adi\u00f3s a las Letras Intransferibles<\/h3>\n<p id=\"p-1787745403252-20606\" class=\"\">Otro de los puntos incluidos en la reforma es la prohibici\u00f3n de utilizar nuevas Letras Intransferibles. Estos instrumentos fueron utilizados durante a\u00f1os por el Tesoro para obtener reservas internacionales del Banco Central a cambio de t\u00edtulos que quedaban dentro del activo de la autoridad monetaria y que no pod\u00edan negociarse en el mercado.<\/p>\n<p id=\"p-1787745403252-82806\" class=\"\">El proyecto busca impedir que este mecanismo vuelva a utilizarse como una v\u00eda indirecta para que el Tesoro acceda a las reservas del BCRA.<\/p>\n<h3 id=\"p-1787745403252-11080\">Cambios en las operaciones y las reservas<\/h3>\n<p id=\"p-1787745403252-97784\" class=\"\">La reforma tambi\u00e9n actualiza las herramientas operativas del Banco Central. El proyecto le permite intervenir en los mercados mediante operaciones con t\u00edtulos p\u00fablicos, divisas y otros activos financieros, siempre bajo condiciones de mercado, con el objetivo de regular la pol\u00edtica monetaria, cambiaria, financiera y crediticia.<\/p>\n<p id=\"p-1787745403252-62711\" class=\"\">A su vez, incorpora una protecci\u00f3n espec\u00edfica para las reservas internacionales y establece reglas m\u00e1s precisas sobre los activos externos que pueden formar parte de ellas, incluyendo oro y activos financieros l\u00edquidos.<\/p>\n<h2 id=\"p-1787745403252-77362\">Qu\u00e9 busca Milei con la reforma<\/h2>\n<p id=\"p-1787745403252-7409\" class=\"\">En t\u00e9rminos pol\u00edticos y econ\u00f3micos, la apuesta del Gobierno es que las <strong>nuevas reglas sobrevivan a la actual administraci\u00f3n.<\/strong> La intenci\u00f3n es establecer l\u00edmites institucionales para impedir que futuras gestiones vuelvan a utilizar al Banco Central como fuente de financiamiento del Tesoro.<\/p>\n<p id=\"p-1787745403252-8433\" class=\"\">La propuesta forma parte de una estrategia <strong>m\u00e1s amplia del Gobierno para consolidar el equilibrio fiscal<\/strong> y eliminar lo que considera mecanismos que contribuyeron hist\u00f3ricamente a la emisi\u00f3n monetaria y la inflaci\u00f3n.<\/p>\n<p id=\"p-1787745403252-62599\">El interrogante central ser\u00e1 si las restricciones previstas por la reforma logran convertirse en reglas permanentes de la pol\u00edtica econ\u00f3mica argentina o si, como ocurri\u00f3 con otras modificaciones de la Carta Org\u00e1nica, quedan sujetas a futuros cambios de gobierno.<\/p>\n<h2 id=\"p-1787830092710-26181\">Javier Milei celebr\u00f3 la media aprobaci\u00f3n del proyecto de reforma del BCRA<\/h2>\n<p id=\"p-1787830252378-20117\" class=\"\">El presidente Javier Milei celebr\u00f3 este mi\u00e9rcoles la aprobaci\u00f3n en general de la reforma de la Carta Org\u00e1nica del Banco Central (BCRA) y la media sanci\u00f3n de Inocencia Fiscal II en la C\u00e1mara de Diputados. A trav\u00e9s de sus redes sociales, el mandatario destac\u00f3 ambos proyectos como parte de la estrategia econ\u00f3mica del Gobierno y los vincul\u00f3 con su objetivo de reducir la inflaci\u00f3n y avanzar <strong>&#8220;en el camino hacia la libertad&#8221;.<\/strong><\/p>\n<div contenteditable=\"false\" class=\"embed_cont type_freetext\" rel=\"freetext\" id=\"embed945_wrap\" data-provider=\"Twitter\">\n<div id=\"embed945_content\" class=\"embed_content\">\n<div id=\"embed945_embed\">\n<blockquote data-td-script-src=\"https:\/\/platform.x.com\/widgets.js\" class=\"twitter-tweet\">\n<p id=\"p-1787830280224-65292\" dir=\"ltr\" lang=\"es\">Muchas gracias Diputados Nacionales por acompa\u00f1ar el proyecto de reforma de la Carta Org\u00e1nica del BCRA.<\/p>\n<p>Un paso fundamental para erradicar a la inflaci\u00f3n de la vida de los argentinos de bien&#8230;!!!<\/p>\n<p>Ahora a pelearla en el Senado.<\/p>\n<p>VLLC!<\/p>\n<p> \u2014 Javier Milei (@JMilei) <a href=\"https:\/\/x.com\/JMilei\/status\/2092722598794625024?ref_src=twsrc%5Etfw\">August 26, 2026<\/a><\/p><\/blockquote>\n<\/div><\/div>\n<\/p><\/div>\n<p id=\"p-1787830252378-2563\" class=\"\">Tras la aprobaci\u00f3n de la reforma de la Carta Org\u00e1nica del BCRA, Milei agradeci\u00f3 a los diputados que acompa\u00f1aron la iniciativa: \u201cMuchas gracias Diputados Nacionales por acompa\u00f1ar el proyecto de reforma de la Carta Org\u00e1nica del BCRA\u201d.<\/p>\n<p id=\"p-1787830252378-40867\" class=\"\">El Presidente defini\u00f3 la votaci\u00f3n como \u201cun paso fundamental para erradicar a la inflaci\u00f3n de la vida de los argentinos de bien\u201d y puso el foco en el pr\u00f3ximo tramo del debate parlamentario: <strong>\u201cAhora a pelearla en el Senado. VLLC\u201d.<\/strong><\/p>\n<p id=\"p-1787830252378-95622\" class=\"\">Horas m\u00e1s tarde, Diputados tambi\u00e9n aprob\u00f3 la iniciativa de Inocencia Fiscal II. El proyecto obtuvo 139 votos a favor y 110 en contra, con lo que consigui\u00f3 la media sanci\u00f3n. Milei volvi\u00f3 a expresarse en redes sociales para celebrar el resultado: &#8220;INOCENCIA FISCAL II Adentro&#8230;!!! Muchas gracias Diputados Nacionales por este nuevo paso en el camino hacia la LIBERTAD. VLLC!&#8221;.<\/p>\n<\/p><\/div>\n<p><script>\n!function(f,b,e,v,n,t,s)\n{if(f.fbq)return;n=f.fbq=function(){n.callMethod?\nn.callMethod.apply(n,arguments):n.queue.push(arguments)};\nif(!f._fbq)f._fbq=n;n.push=n;n.loaded=!0;n.version='2.0';\nn.queue=[];t=b.createElement(e);t.async=!0;\nt.src=v;s=b.getElementsByTagName(e)[0];\ns.parentNode.insertBefore(t,s)}(window,document,'script',\n'\nfbq('init', '2047048335588113');\nfbq('track', 'PageView');\n<\/script><\/p>\n","protected":false},"excerpt":{"rendered":"<p>La reforma de la Carta Org\u00e1nica del BCRA se encamina a convertirse en una de las principales iniciativas econ\u00f3micas del Gobierno de Javier Milei para el segundo semestre. Con 144 votos a favor, 102 en contra y 9 abstenciones, la C\u00e1mara baja aprob\u00f3 en general el proyecto que, de acuerdo al relato oficialista, busca ponerle [&hellip;]<\/p>\n","protected":false},"author":1,"featured_media":24533,"comment_status":"open","ping_status":"open","sticky":false,"template":"","format":"standard","meta":{"footnotes":""},"categories":[1],"tags":[2],"class_list":["post-24532","post","type-post","status-publish","format-standard","has-post-thumbnail","hentry","category-uncategorized","tag-guillermo-michel"],"_links":{"self":[{"href":"https:\/\/cliente1.publisher.highstack.com.ar\/index.php?rest_route=\/wp\/v2\/posts\/24532","targetHints":{"allow":["GET"]}}],"collection":[{"href":"https:\/\/cliente1.publisher.highstack.com.ar\/index.php?rest_route=\/wp\/v2\/posts"}],"about":[{"href":"https:\/\/cliente1.publisher.highstack.com.ar\/index.php?rest_route=\/wp\/v2\/types\/post"}],"author":[{"embeddable":true,"href":"https:\/\/cliente1.publisher.highstack.com.ar\/index.php?rest_route=\/wp\/v2\/users\/1"}],"replies":[{"embeddable":true,"href":"https:\/\/cliente1.publisher.highstack.com.ar\/index.php?rest_route=%2Fwp%2Fv2%2Fcomments&post=24532"}],"version-history":[{"count":0,"href":"https:\/\/cliente1.publisher.highstack.com.ar\/index.php?rest_route=\/wp\/v2\/posts\/24532\/revisions"}],"wp:featuredmedia":[{"embeddable":true,"href":"https:\/\/cliente1.publisher.highstack.com.ar\/index.php?rest_route=\/wp\/v2\/media\/24533"}],"wp:attachment":[{"href":"https:\/\/cliente1.publisher.highstack.com.ar\/index.php?rest_route=%2Fwp%2Fv2%2Fmedia&parent=24532"}],"wp:term":[{"taxonomy":"category","embeddable":true,"href":"https:\/\/cliente1.publisher.highstack.com.ar\/index.php?rest_route=%2Fwp%2Fv2%2Fcategories&post=24532"},{"taxonomy":"post_tag","embeddable":true,"href":"https:\/\/cliente1.publisher.highstack.com.ar\/index.php?rest_route=%2Fwp%2Fv2%2Ftags&post=24532"}],"curies":[{"name":"wp","href":"https:\/\/api.w.org\/{rel}","templated":true}]}}