{"id":24524,"date":"2026-09-01T08:17:20","date_gmt":"2026-09-01T11:17:20","guid":{"rendered":"https:\/\/cliente1.publisher.highstack.com.ar\/?p=24524"},"modified":"2026-09-01T08:17:20","modified_gmt":"2026-09-01T11:17:20","slug":"accidente-fatal-en-ruta-12-en-inmediaciones-de-aranguren-un-muerto-y-tres-heridos","status":"publish","type":"post","link":"https:\/\/cliente1.publisher.highstack.com.ar\/?p=24524","title":{"rendered":"Accidente fatal en Ruta 12 en inmediaciones de Aranguren: un muerto y tres heridos"},"content":{"rendered":"<p><\/p>\n<div>\n<p>Un grave <b>accidente<\/b> se registr\u00f3 alrededor de las 6 de este martes sobre la <b>Ruta 12<\/b>, a la altura del kil\u00f3metro 378, en inmediaciones de <b>Aranguren<\/b>, departamento Nogoy\u00e1. Como consecuencia del impacto frontal entre dos veh\u00edculos, una persona falleci\u00f3 y otras tres resultaron heridas, de acuerdo con la informaci\u00f3n preliminar conocida hasta el momento. <\/p>\n<p><!-- is a <br \/>--><\/p>\n<p>\u00a0<\/p>\n<p><!-- is a <br \/>--><\/p>\n<p>En el siniestro estuvieron involucrados una Renault Kangoo y un Iveco Daily de color blanco. Las circunstancias en las que se produjo la colisi\u00f3n todav\u00eda no fueron determinadas y ser\u00e1n materia de investigaci\u00f3n. <\/p>\n<p><!-- is a <br \/>--><\/p>\n<p>\u00a0<\/p>\n<p><!-- is a <br \/>--><\/p>\n<p><!-- is a object --><br \/>\n<!-- embed start --><!-- embed end --><br \/>\n<!-- end object --><\/p>\n<p>\u00a0<\/p>\n<p><!-- is a <br \/>--><\/p>\n<p>La identidad de la persona fallecida no hab\u00eda sido informada en las primeras horas de la ma\u00f1ana. Los heridos fueron asistidos y trasladados para recibir atenci\u00f3n m\u00e9dica, aunque por el momento tampoco se precis\u00f3 oficialmente su estado de salud. <\/p>\n<p><!-- is a <br \/>--><\/p>\n<p>\u00a0<\/p>\n<p><!-- is a <br \/>--><\/p>\n<p><!-- is a object --><\/p>\n<h2><b>Ruta cortada y fuerte presencia de niebla<\/b><\/h2>\n<p><!-- end object --><\/p>\n<p>\u00a0<\/p>\n<p><!-- is a <br \/>--><\/p>\n<p>Tras el <b>accidente<\/b>, personal de emergencia trabajaba sobre la <b>Ruta 12<\/b> y se dispuso la interrupci\u00f3n del tr\u00e1nsito en el sector afectado. Los desv\u00edos se realizaban a trav\u00e9s de los ingresos a <b>Aranguren<\/b> y la localidad de Hern\u00e1ndez. <\/p>\n<p><!-- is a <br \/>--><\/p>\n<p>\u00a0<\/p>\n<p><!-- is a <br \/>--><\/p>\n<p>Uno de los factores que complicaba la circulaci\u00f3n durante la ma\u00f1ana era la presencia de un importante banco de niebla, que reduc\u00eda considerablemente la visibilidad en la zona. Por ese motivo, se solicit\u00f3 a los conductores circular con extrema precauci\u00f3n. <\/p>\n<p><!-- is a <br \/>--><\/p>\n<p>\u00a0<\/p>\n<p><!-- is a <br \/>--><\/p>\n<p><!-- is a object --><br \/>\n<!-- embed start --><\/p>\n<figure class=\"embed\">\n<p>    <img decoding=\"async\" src=\"https:\/\/elonce-media.elonce.com\/fotos\/2026\/09\/01\/e_1788260146_17336.webp\" loading=\"lazy\" width=\"600\" height=\"400\" alt=\"\"\/><\/p>\n<\/figure>\n<p><!-- embed end --><br \/>\n<!-- end object --><\/p>\n<p>\u00a0<\/p>\n<p><!-- is a <br \/>--><\/p>\n<p>En el lugar interven\u00eda el cuerpo de Bomberos Voluntarios de Hern\u00e1ndez, junto con personal policial y los servicios de emergencia. Las tareas estaban concentradas en la asistencia de las v\u00edctimas, el retiro de los veh\u00edculos y el ordenamiento de la circulaci\u00f3n. <\/p>\n<p><!-- is a <br \/>--><\/p>\n<p>\u00a0<\/p>\n<p><!-- is a <br \/>--><\/p>\n<p><!-- is a object --><\/p>\n<h2><b>Investigan c\u00f3mo se produjo el choque<\/b><\/h2>\n<p><!-- end object --><\/p>\n<p>\u00a0<\/p>\n<p><!-- is a <br \/>--><\/p>\n<p>La informaci\u00f3n inicial se\u00f1ala que se trat\u00f3 de una colisi\u00f3n frontal, aunque todav\u00eda no se estableci\u00f3 qu\u00e9 circunstancias provocaron que ambos veh\u00edculos terminaran impactando. <\/p>\n<p><!-- is a <br \/>--><\/p>\n<p>\u00a0<\/p>\n<p><!-- is a <br \/>--><\/p>\n<p><!-- is a object --><br \/>\n<!-- embed start --><!-- embed end --><br \/>\n<!-- end object --><\/p>\n<p>\u00a0<\/p>\n<p><!-- is a <br \/>--><\/p>\n<p>Las autoridades deber\u00e1n realizar las pericias correspondientes para determinar la mec\u00e1nica del <b>accidente<\/b> y establecer si las condiciones meteorol\u00f3gicas tuvieron incidencia en el hecho. <\/p>\n<p><!-- is a <br \/>--><\/p>\n<p>\u00a0<\/p>\n<p><!-- is a <br \/>--><\/p>\n<p>El tr\u00e1nsito sobre la <b>Ruta 12<\/b>, en cercan\u00edas de <b>Aranguren<\/b>, permanec\u00eda condicionado durante las primeras horas de este martes mientras continuaban las actuaciones en el lugar. Se aguardaba adem\u00e1s informaci\u00f3n oficial sobre la identidad de la v\u00edctima fatal y la evoluci\u00f3n de las personas heridas.<\/p>\n<\/p><\/div>\n","protected":false},"excerpt":{"rendered":"<p>Un grave accidente se registr\u00f3 alrededor de las 6 de este martes sobre la Ruta 12, a la altura del kil\u00f3metro 378, en inmediaciones de Aranguren, departamento Nogoy\u00e1. Como consecuencia del impacto frontal entre dos veh\u00edculos, una persona falleci\u00f3 y otras tres resultaron heridas, de acuerdo con la informaci\u00f3n preliminar conocida hasta el momento. \u00a0 [&hellip;]<\/p>\n","protected":false},"author":1,"featured_media":24525,"comment_status":"open","ping_status":"open","sticky":false,"template":"","format":"standard","meta":{"footnotes":""},"categories":[1],"tags":[],"class_list":["post-24524","post","type-post","status-publish","format-standard","has-post-thumbnail","hentry","category-uncategorized"],"_links":{"self":[{"href":"https:\/\/cliente1.publisher.highstack.com.ar\/index.php?rest_route=\/wp\/v2\/posts\/24524","targetHints":{"allow":["GET"]}}],"collection":[{"href":"https:\/\/cliente1.publisher.highstack.com.ar\/index.php?rest_route=\/wp\/v2\/posts"}],"about":[{"href":"https:\/\/cliente1.publisher.highstack.com.ar\/index.php?rest_route=\/wp\/v2\/types\/post"}],"author":[{"embeddable":true,"href":"https:\/\/cliente1.publisher.highstack.com.ar\/index.php?rest_route=\/wp\/v2\/users\/1"}],"replies":[{"embeddable":true,"href":"https:\/\/cliente1.publisher.highstack.com.ar\/index.php?rest_route=%2Fwp%2Fv2%2Fcomments&post=24524"}],"version-history":[{"count":0,"href":"https:\/\/cliente1.publisher.highstack.com.ar\/index.php?rest_route=\/wp\/v2\/posts\/24524\/revisions"}],"wp:featuredmedia":[{"embeddable":true,"href":"https:\/\/cliente1.publisher.highstack.com.ar\/index.php?rest_route=\/wp\/v2\/media\/24525"}],"wp:attachment":[{"href":"https:\/\/cliente1.publisher.highstack.com.ar\/index.php?rest_route=%2Fwp%2Fv2%2Fmedia&parent=24524"}],"wp:term":[{"taxonomy":"category","embeddable":true,"href":"https:\/\/cliente1.publisher.highstack.com.ar\/index.php?rest_route=%2Fwp%2Fv2%2Fcategories&post=24524"},{"taxonomy":"post_tag","embeddable":true,"href":"https:\/\/cliente1.publisher.highstack.com.ar\/index.php?rest_route=%2Fwp%2Fv2%2Ftags&post=24524"}],"curies":[{"name":"wp","href":"https:\/\/api.w.org\/{rel}","templated":true}]}}