{"id":24521,"date":"2026-09-01T07:44:22","date_gmt":"2026-09-01T10:44:22","guid":{"rendered":"https:\/\/cliente1.publisher.highstack.com.ar\/?p=24521"},"modified":"2026-09-01T07:44:22","modified_gmt":"2026-09-01T10:44:22","slug":"el-pj-reivindicara-a-cfk-a-cuatro-anos-del-intento-de-asesinato-nadie-debe-ser-perseguido-y-violentado-por-sus-ideas-politicas","status":"publish","type":"post","link":"https:\/\/cliente1.publisher.highstack.com.ar\/?p=24521","title":{"rendered":"El PJ reivindicar\u00e1 a CFK a cuatro a\u00f1os del intento de asesinato: \u201cNadie debe ser perseguido y violentado por sus ideas pol\u00edticas\u201d"},"content":{"rendered":"<div class=\"visual__image image-initial-width\"><picture><source srcset=\"https:\/\/www.infobae.com\/resizer\/v2\/VGSS5XY5UVCTPPJCDMLFNQCDBE.JPG?auth=0740c69a23551926d692d850eac880f75d1140cc686abd3586dd339a79369b96&amp;smart=true&amp;width=992&amp;height=661&amp;quality=85\" media=\"(min-width: 1000px)\"><\/source><source srcset=\"https:\/\/www.infobae.com\/resizer\/v2\/VGSS5XY5UVCTPPJCDMLFNQCDBE.JPG?auth=0740c69a23551926d692d850eac880f75d1140cc686abd3586dd339a79369b96&amp;smart=true&amp;width=768&amp;height=512&amp;quality=85\" media=\"(min-width: 768px)\"><\/source><source srcset=\"https:\/\/www.infobae.com\/resizer\/v2\/VGSS5XY5UVCTPPJCDMLFNQCDBE.JPG?auth=0740c69a23551926d692d850eac880f75d1140cc686abd3586dd339a79369b96&amp;smart=true&amp;width=577&amp;height=385&amp;quality=85\" media=\"(min-width: 580px)\"><\/source><source srcset=\"https:\/\/www.infobae.com\/resizer\/v2\/VGSS5XY5UVCTPPJCDMLFNQCDBE.JPG?auth=0740c69a23551926d692d850eac880f75d1140cc686abd3586dd339a79369b96&amp;smart=true&amp;width=420&amp;height=280&amp;quality=85\" media=\"(min-width: 350px)\"><\/source><source srcset=\"https:\/\/www.infobae.com\/resizer\/v2\/VGSS5XY5UVCTPPJCDMLFNQCDBE.JPG?auth=0740c69a23551926d692d850eac880f75d1140cc686abd3586dd339a79369b96&amp;smart=true&amp;width=350&amp;height=233&amp;quality=85\" media=\"(min-width: 80px)\"><\/source><img alt=\"Cristina Kirchner saldr\u00e1 a saludar al balc\u00f3n a los militantes que acompa\u00f1en la manifestaci\u00f3n a cuatro a\u00f1os del intento de asesinato (REUTERS\/Martin Cossarini)\n\" class=\"global-image\" decoding=\"async\" fetchpriority=\"high\" height=\"2076\" loading=\"eager\" src=\"https:\/\/www.infobae.com\/resizer\/v2\/VGSS5XY5UVCTPPJCDMLFNQCDBE.JPG?auth=0740c69a23551926d692d850eac880f75d1140cc686abd3586dd339a79369b96&amp;smart=true&amp;width=350&amp;height=233&amp;quality=85\" width=\"3114\"><\/picture><\/div>\n<div class=\"sharebar-container display_flex sharebar-new\" style=\"opacity:1\">\n<div class=\"share-bar-article-date-container \"><span class=\"sharebar-article-date\">01 Sep, 2026 06:10 a. m. EST<\/span><\/div>\n<div class=\"sharebar-buttons-container display_flex\">\n<div aria-label=\"Guardar\" class=\"sharebar-buttons button-save\" role=\"button\" tabindex=\"0\"><svg width=\"9\" height=\"12\" viewbox=\"0 0 8 10\" fill=\"none\" xmlns=\"http:\/\/www.w3.org\/2000\/svg\" class=\"saved-icon saved\"><path d=\"M6.64286 0.5V9.31687L4.1116 7.16407L4.11106 7.16361C3.79894 6.89891 3.34392 6.89891 3.03179 7.16361L3.03126 7.16407L0.5 9.31687V0.5H6.64286Z\"><\/path><\/svg><span class=\"buttons-save-text\">Guardar<\/span><\/div>\n<div class=\"sharebar-buttons-separator\"><\/div>\n<p><button class=\"sharemenu-buttons display_flex\" aria-label=\"Compartir en Telegram\"><svg width=\"38\" height=\"38\" viewbox=\"0 0 38 38\" fill=\"none\" xmlns=\"http:\/\/www.w3.org\/2000\/svg\"><rect x=\"0.5\" y=\"0.5\" width=\"37\" height=\"37\" rx=\"18.5\" fill=\"white\"><\/rect><rect x=\"0.5\" y=\"0.5\" width=\"37\" height=\"37\" rx=\"18.5\" stroke=\"#C2C2C2\"><\/rect><path d=\"M24.9696 12.5511L10.3405 18.0494C10.0623 18.151 9.92701 18.4484 10.0398 18.7168C10.0999 18.8619 10.2277 18.9779 10.3856 19.0214L14.1068 20.0805L15.4975 24.3312C15.6028 24.6576 15.9636 24.839 16.2944 24.7374C16.3921 24.7084 16.4823 24.6504 16.5575 24.5778L18.482 22.6846L22.2558 25.354C22.6091 25.6006 23.0977 25.5281 23.3533 25.1872C23.421 25.1001 23.4661 24.9986 23.4887 24.897L25.9845 13.3707C26.0672 12.979 25.8116 12.5946 25.4056 12.5148C25.2628 12.4858 25.1124 12.5003 24.9771 12.5511M23.1429 15.1116L16.347 20.9147C16.2793 20.9727 16.2342 21.0525 16.2267 21.1395L15.9636 23.381C15.9636 23.4172 15.926 23.4462 15.8884 23.439C15.8583 23.439 15.8358 23.4172 15.8283 23.3955L14.7533 20.0442C14.7007 19.8919 14.7683 19.7251 14.9111 19.638L22.9399 14.836C23.0226 14.7852 23.1353 14.8142 23.1804 14.894C23.2255 14.9666 23.2105 15.0536 23.1504 15.1116\" fill=\"#555555\"><\/path><\/svg><\/button><button class=\"sharemenu-buttons display_flex\" aria-label=\"Compartir en Linkedin\"><svg width=\"38\" height=\"38\" viewbox=\"0 0 38 38\" fill=\"none\" xmlns=\"http:\/\/www.w3.org\/2000\/svg\"><rect x=\"0.5\" y=\"0.5\" width=\"37\" height=\"37\" rx=\"18.5\" fill=\"white\"><\/rect><rect x=\"0.5\" y=\"0.5\" width=\"37\" height=\"37\" rx=\"18.5\" stroke=\"#C2C2C2\"><\/rect><path d=\"M16.5556 27V16.2231H19.963V17.6949C20.0185 17.6368 20.0648 17.5787 20.1111 17.5206C20.8611 16.349 22.2037 15.739 23.537 15.981C25.3889 16.1359 26.8426 17.7046 26.9259 19.6411C26.9722 20.0478 27 20.4641 27 20.8708C27 22.817 27 24.7633 27 26.7095V26.9806H23.5741V26.6805C23.5741 24.8892 23.5741 23.0882 23.5741 21.2969C23.5741 20.8805 23.5278 20.4545 23.4259 20.0478C23.1945 19.1279 22.2963 18.5663 21.4074 18.8084C21.2037 18.8665 21 18.9633 20.8333 19.0989C20.3333 19.4281 20.0185 19.9897 19.9907 20.6094C19.9722 21.1419 19.9722 21.6842 19.9722 22.2167V26.9903H16.5648L16.5556 27ZM11.2222 27V16.2037H11.7407C12.6204 16.2037 13.5 16.2037 14.3796 16.2037C14.5833 16.2037 14.6482 16.2328 14.6482 16.4748V26.9903H11.2222V27ZM11.0093 12.8825C11.0093 11.8465 11.8055 11.0041 12.787 11.0041C12.8426 11.0041 12.8982 11.0041 12.9537 11.0041C13.9445 10.9363 14.7963 11.7206 14.8611 12.7567C14.8611 12.7954 14.8611 12.8438 14.8611 12.8825C14.8426 13.9283 14.0278 14.761 13.0278 14.7416C12.9907 14.7416 12.9537 14.7416 12.9259 14.7416H12.9074C11.9259 14.8191 11.0741 14.0445 11 13.0181C11 12.9697 11 12.931 11 12.8825H11.0093Z\" fill=\"#555555\"><\/path><\/svg><\/button><button class=\"sharemenu-buttons display_flex\" aria-label=\"Compartir en Twitter\"><svg width=\"38\" height=\"38\" viewbox=\"0 0 38 38\" fill=\"none\" xmlns=\"http:\/\/www.w3.org\/2000\/svg\"><rect x=\"0.5\" y=\"0.5\" width=\"37\" height=\"37\" rx=\"18.5\" fill=\"white\"><\/rect><rect x=\"0.5\" y=\"0.5\" width=\"37\" height=\"37\" rx=\"18.5\" stroke=\"#C2C2C2\"><\/rect><path d=\"M11.0391 11L17.2165 19.8249L11 27H12.399L17.8415 20.7182L22.2389 27H27L20.475 17.6786L26.2613 11H24.8623L19.85 16.7855L15.8001 11H11.0391ZM13.0965 12.101H15.2838L24.9423 25.8987H22.7551L13.0965 12.101Z\" fill=\"#555555\"><\/path><\/svg><\/button><button class=\"sharemenu-buttons display_flex\" aria-label=\"Compartir en Facebook\"><svg width=\"38\" height=\"38\" viewbox=\"0 0 38 38\" fill=\"none\" xmlns=\"http:\/\/www.w3.org\/2000\/svg\"><rect x=\"0.5\" y=\"0.5\" width=\"37\" height=\"37\" rx=\"18.5\" fill=\"white\"><\/rect><rect x=\"0.5\" y=\"0.5\" width=\"37\" height=\"37\" rx=\"18.5\" stroke=\"#C2C2C2\"><\/rect><path d=\"M17.3544 26.9921V18.9235H15V16.3346H17.3544V16.0805C17.3544 15.3816 17.3291 14.6748 17.3882 13.976C17.3882 12.8642 18.0633 11.8556 19.1266 11.3712C19.5232 11.1965 19.9452 11.0853 20.3755 11.0376C21.2532 10.9741 22.1308 10.99 23 11.0932V13.4201H22.7722C22.2743 13.4201 21.7848 13.4201 21.2869 13.436C20.73 13.4042 20.2489 13.8013 20.2152 14.3254C20.2152 14.373 20.2152 14.4128 20.2152 14.4604C20.1983 15.0481 20.2152 15.6357 20.2152 16.2234C20.2152 16.2552 20.2152 16.2949 20.2321 16.3267H22.9409C22.8228 17.2082 22.7046 18.0579 22.5865 18.9315H20.2236V27H17.3629L17.3544 26.9921Z\" fill=\"#555555\"><\/path><\/svg><\/button><button class=\"sharemenu-buttons display_flex\" aria-label=\"Compartir en Whatsapp\"><svg width=\"38\" height=\"38\" viewbox=\"0 0 38 38\" fill=\"none\" xmlns=\"http:\/\/www.w3.org\/2000\/svg\"><rect x=\"0.5\" y=\"0.5\" width=\"37\" height=\"37\" rx=\"18.5\" fill=\"white\"><\/rect><rect x=\"0.5\" y=\"0.5\" width=\"37\" height=\"37\" rx=\"18.5\" stroke=\"#C2C2C2\"><\/rect><path d=\"M21.2863 19.9439C21.0997 19.8551 20.9664 19.9262 20.8419 20.0861C20.6731 20.3261 20.4687 20.5483 20.2909 20.7794C20.1665 20.9393 20.0243 20.9749 19.8376 20.8949C18.6645 20.4239 17.7757 19.6506 17.1269 18.5841C17.0292 18.4242 17.038 18.2997 17.1536 18.1575C17.3225 17.9531 17.4824 17.7576 17.6157 17.5354C17.678 17.4287 17.7135 17.2599 17.678 17.1532C17.4735 16.6111 17.2425 16.0867 17.0114 15.5535C16.9669 15.4557 16.8781 15.3313 16.7892 15.3224C16.4248 15.2602 16.0426 15.1891 15.7316 15.4912C15.1094 16.0778 14.8784 16.7977 15.0383 17.6243C15.1805 18.3619 15.5983 18.9663 16.0426 19.5618C16.887 20.6638 17.8646 21.6237 19.1622 22.1925C19.7932 22.4769 20.4331 22.7613 21.1441 22.7613C21.2685 22.7613 21.393 22.7613 21.5085 22.7346C22.4506 22.5391 23.1172 22.0058 23.0816 21.0193C23.0816 20.9216 23.0194 20.7794 22.9483 20.7438C22.3973 20.4594 21.8462 20.2017 21.2863 19.9439Z\" fill=\"#555555\"><\/path><path d=\"M26.9482 17.8724C26.3972 13.4642 22.1401 10.3447 17.7229 11.1179C12.6481 11.9977 9.71521 17.2859 11.6883 21.9963C12.1948 22.6629 12.0615 23.3472 11.8216 24.0849C11.5105 25.027 11.2794 26.0046 11.0039 27C11.1194 26.9733 11.1994 26.9644 11.2794 26.9378C12.5059 26.6178 13.7324 26.3068 14.9411 25.9868C15.1544 25.9335 15.3144 25.9602 15.5099 26.0579C17.1719 26.8667 18.9227 27.0978 20.718 26.7067C24.833 25.7913 27.4548 22.0496 26.9305 17.8902L26.9482 17.8724ZM20.0515 25.4624C18.4784 25.7113 17.003 25.3913 15.6166 24.6003C15.5099 24.5381 15.3411 24.5115 15.2077 24.547C14.4612 24.7248 13.7146 24.9292 12.9147 25.1336C13.1192 24.3693 13.3058 23.6672 13.5102 22.9473C13.5635 22.7606 13.5369 22.6273 13.4391 22.4673C11.0039 18.5479 13.1014 13.5442 17.6163 12.5043C21.2868 11.6511 25.0285 14.1841 25.5884 17.908C26.1395 21.5519 23.6954 24.8936 20.0515 25.4624Z\" fill=\"#555555\"><\/path><\/svg><\/button><\/div>\n<\/div>\n<p class=\"paragraph\" data-paragraph-number=\"1\"><b>El PJ reivindicar\u00e1 a CFK a cuatro a\u00f1os del intento de asesinato: \u201cNadie debe ser perseguido y violentado por sus ideas pol\u00edticas\u201d<\/b><\/p>\n<div class=\"marfeel-recommender marfeel-recommender-1\"><\/div>\n<p class=\"paragraph\" data-paragraph-number=\"2\"><b>Habr\u00e1 un encuentro a las 18, en la puerta de San Jos\u00e9 1111, donde M\u00e1ximo Kirchner ser\u00e1 el \u00fanico orador. En un documento, los partidos nacionales del peronismo respaldaron a la ex presidenta<\/b><\/p>\n<div class=\"inline ad-wrapper dfpAd ad-inline ad-text ad-component-container\" style=\"--ad-shell-height:250px;--ad-shell-width:300px\" data-ad-wrapper=\"arcad\" data-ad-type=\"inline\" data-ad-slot=\"infobae\/politica\/nota\/inline\" data-ad-container=\"dfp\" data-ad-slot-name=\"infobae\/politica\/nota\/inline\">\n<p class=\"ad-shell-label\">PUBLICIDAD<\/p>\n<div id=\"infobae\/politica\/nota\/inline\" class=\"infobae\/politica\/nota\/inline arcad ad-slot-node ad-slot-node--boxed\" data-ad-slot-id=\"infobae\/politica\/nota\/inline\"><\/div>\n<\/div>\n<p class=\"paragraph\" data-paragraph-number=\"3\">Este martes 1 de agosto se cumplen <b>cuatro a\u00f1os del intento de asesinato de Cristina Kirchner <\/b>en la puerta de su departamento, ubicado en el barrio Recoleta, donde Fernando Sabag Montiel intent\u00f3 meterle un tiro en la cabeza ante la vista de todos los militantes que la esperaban.<\/p>\n<div class=\"marfeel-recommender marfeel-recommender-3\"><\/div>\n<p class=\"paragraph\" data-paragraph-number=\"4\">Para una buena parte del peronismo la de hoy no es una fecha m\u00e1s. El hecho policial fue tan grave que gener\u00f3 un hecho pol\u00edtico que rompi\u00f3 las fronteras nacionales. Sin embargo, las diferentes etapas de la interna justicialista fueron creando enemigos alrededor de la figura de Cristina Kirchner y le quitaron peso espec\u00edfico a su figura.<\/p>\n<div class=\"inline_2 ad-wrapper dfpAd ad-inline ad-text ad-component-container\" style=\"--ad-shell-height:250px;--ad-shell-width:300px\" data-ad-wrapper=\"arcad\" data-ad-type=\"inline_2\" data-ad-slot=\"infobae\/politica\/nota\/inline_2\" data-ad-container=\"dfp\" data-ad-slot-name=\"infobae\/politica\/nota\/inline_2\">\n<p class=\"ad-shell-label\">PUBLICIDAD<\/p>\n<div id=\"infobae\/politica\/nota\/inline_2\" class=\"infobae\/politica\/nota\/inline_2 arcad ad-slot-node ad-slot-node--boxed\" data-ad-slot-id=\"infobae\/politica\/nota\/inline_2\"><\/div>\n<\/div>\n<p class=\"paragraph\" data-paragraph-number=\"5\">Para esta tarde, a las <b>18<\/b>, el kirchnerismo organiz\u00f3 un <b>acto en la puerta de San Jos\u00e9 1111<\/b>, donde la ex presidenta cumple con la condena que le fue impuesta en la causa Vialidad. Habr\u00e1 una movilizaci\u00f3n de militantes y estar\u00e1n los principales dirigentes del arco m\u00e1s K del peronismo. Como hace siempre que la van a ver, CFK saldr\u00e1 a saludar por el balc\u00f3n.<\/p>\n<div class=\"marfeel-recommender marfeel-recommender-5\"><\/div>\n<p class=\"paragraph\" data-paragraph-number=\"6\"><b>El \u00fanico orador de la jornada ser\u00e1 M\u00e1ximo Kirchner.<\/b> En las primeras filas de los presentes estar\u00e1n los principales dirigentes de La C\u00e1mpora y los legisladores de impronta cristinista. <b>La convocatoria es abierta, pero no puntual. De hecho, no le lleg\u00f3 ninguna invitaci\u00f3n ni llamado a Axel Kicillof.<\/b> Hasta ayer a la tarde, no estaba al tanto de lo que se estaba organizando. El Gobernador no estar\u00e1 presente.<\/p>\n<div class=\"ad_1 ad-wrapper dfpAd ad-1-al-6 ad-text ad-component-container\" style=\"--ad-shell-height:250px;--ad-shell-width:300px\" data-ad-wrapper=\"arcad\" data-ad-type=\"ad_1\" data-ad-slot=\"infobae\/politica\/nota\/ad_1\" data-ad-container=\"dfp\" data-ad-slot-name=\"infobae\/politica\/nota\/ad_1\">\n<p class=\"ad-shell-label\">PUBLICIDAD<\/p>\n<div id=\"infobae\/politica\/nota\/ad_1\" class=\"infobae\/politica\/nota\/ad_1 arcad ad-slot-node ad-slot-node--boxed\" data-ad-slot-id=\"infobae\/politica\/nota\/ad_1\"><\/div>\n<\/div>\n<div class=\"visual__image\"><picture><source srcset=\"https:\/\/www.infobae.com\/resizer\/v2\/YPDGKRLK6FFMLJK6575K5HTCL4.jpg?auth=97579a12d28a26e1b1591b7e89646a9e9ac262c577c1683d225212d1632c8551&amp;smart=true&amp;width=992&amp;height=662&amp;quality=85\" media=\"(min-width: 1000px)\"><\/source><source srcset=\"https:\/\/www.infobae.com\/resizer\/v2\/YPDGKRLK6FFMLJK6575K5HTCL4.jpg?auth=97579a12d28a26e1b1591b7e89646a9e9ac262c577c1683d225212d1632c8551&amp;smart=true&amp;width=768&amp;height=513&amp;quality=85\" media=\"(min-width: 768px)\"><\/source><source srcset=\"https:\/\/www.infobae.com\/resizer\/v2\/YPDGKRLK6FFMLJK6575K5HTCL4.jpg?auth=97579a12d28a26e1b1591b7e89646a9e9ac262c577c1683d225212d1632c8551&amp;smart=true&amp;width=577&amp;height=385&amp;quality=85\" media=\"(min-width: 580px)\"><\/source><source srcset=\"https:\/\/www.infobae.com\/resizer\/v2\/YPDGKRLK6FFMLJK6575K5HTCL4.jpg?auth=97579a12d28a26e1b1591b7e89646a9e9ac262c577c1683d225212d1632c8551&amp;smart=true&amp;width=420&amp;height=280&amp;quality=85\" media=\"(min-width: 350px)\"><\/source><source srcset=\"https:\/\/www.infobae.com\/resizer\/v2\/YPDGKRLK6FFMLJK6575K5HTCL4.jpg?auth=97579a12d28a26e1b1591b7e89646a9e9ac262c577c1683d225212d1632c8551&amp;smart=true&amp;width=350&amp;height=234&amp;quality=85\" media=\"(min-width: 80px)\"><\/source><img alt=\"Banderazo en Parque Lezama - Acto por Aniversario Condena Cristina Kirchner\" class=\"global-image\" decoding=\"async\" fetchpriority=\"low\" height=\"2789\" loading=\"lazy\" src=\"https:\/\/www.infobae.com\/resizer\/v2\/YPDGKRLK6FFMLJK6575K5HTCL4.jpg?auth=97579a12d28a26e1b1591b7e89646a9e9ac262c577c1683d225212d1632c8551&amp;smart=true&amp;width=350&amp;height=234&amp;quality=85\" width=\"4178\"><\/picture><\/div>\n<p class=\"paragraph\" data-paragraph-number=\"7\"><b>\u201cNo se hicieron invitaciones. El que quiera puede venir\u201d<\/b>, dijeron cerca de la familia Kirchner. La relaci\u00f3n con el gobernador bonaerense est\u00e1 rota y solo habilitada para que haya un canal de comunicaci\u00f3n vinculado a los acuerdos pol\u00edticos y electorales. Solo eso.<\/p>\n<p class=\"paragraph\" data-paragraph-number=\"8\"><b>El kirchnerismo volver\u00e1 a poner en el centro de la escena pol\u00edtica a la ex Jefa de Estado<\/b>, dejando en claro que su liderazgo sigue latente y que su influencia en el proceso electoral del a\u00f1o que viene ser\u00e1 determinante. Porque, adem\u00e1s de cuestionar la investigaci\u00f3n y poner el foco en que falta esclarecer los autores intelectuales del intento de magnicidio, le dar\u00e1 trascendencia pol\u00edtica al rol de la ex mandataria.<\/p>\n<div class=\"ad_2 ad-wrapper dfpAd ad-1-al-6 ad-text ad-component-container\" style=\"--ad-shell-height:250px;--ad-shell-width:300px\" data-ad-wrapper=\"arcad\" data-ad-type=\"ad_2\" data-ad-slot=\"infobae\/politica\/nota\/ad_2\" data-ad-container=\"dfp\" data-ad-slot-name=\"infobae\/politica\/nota\/ad_2\">\n<p class=\"ad-shell-label\">PUBLICIDAD<\/p>\n<div id=\"infobae\/politica\/nota\/ad_2\" class=\"infobae\/politica\/nota\/ad_2 arcad ad-slot-node ad-slot-node--boxed\" data-ad-slot-id=\"infobae\/politica\/nota\/ad_2\"><\/div>\n<\/div>\n<p class=\"paragraph\" data-paragraph-number=\"9\">El foco del reclamo y de la importancia que tiene para el peronismo este hecho qued\u00f3 plasmado en un <b>documento<\/b> que navegar\u00e1 por las redes sociales durante todo el d\u00eda y lleva la firma de los principales partidos nacionales que componen la coalici\u00f3n peronista. Entre ellos aparecen el Partido Justicialista (PJ), el Frente Renovador (FR), Nuevo Encuentro, Patria Grande, Kolina, la Patria de los Comunes y Partido Solidario, entre otros.<\/p>\n<p class=\"paragraph\" data-paragraph-number=\"10\">Dos aliados que se acercaron a poner la firma y el partido fueron <b>Guillermo Moreno<\/b>, titular de Principios y Valores; y <b>Miguel Pichetto<\/b>, que est\u00e1 al frente de Encuentro Republicano Federal. Por fuera de los m\u00e1rgenes peronistas, al reclamo se sumaron <b>Ricardo Alfons\u00edn<\/b>, como titular del Frente Amplio por la Democracia; y <b>Federico Storani<\/b>, que comanda Radicalismo Aut\u00e9ntico.<\/p>\n<div class=\"ad_3 ad-wrapper dfpAd ad-1-al-6 ad-text ad-component-container\" style=\"--ad-shell-height:250px;--ad-shell-width:300px\" data-ad-wrapper=\"arcad\" data-ad-type=\"ad_3\" data-ad-slot=\"infobae\/politica\/nota\/ad_3\" data-ad-container=\"dfp\" data-ad-slot-name=\"infobae\/politica\/nota\/ad_3\">\n<p class=\"ad-shell-label\">PUBLICIDAD<\/p>\n<div id=\"infobae\/politica\/nota\/ad_3\" class=\"infobae\/politica\/nota\/ad_3 arcad ad-slot-node ad-slot-node--boxed\" data-ad-slot-id=\"infobae\/politica\/nota\/ad_3\"><\/div>\n<\/div>\n<div class=\"visual__image\"><picture><source srcset=\"https:\/\/www.infobae.com\/resizer\/v2\/DDKQVMJ72NFJXMQBCPZAYSNUOU.jpg?auth=c0e0765ea90ccf02b37daee474a87d67d21dfc2b6ca241b2b4b57a06c462f142&amp;smart=true&amp;width=992&amp;height=661&amp;quality=85\" media=\"(min-width: 1000px)\"><\/source><source srcset=\"https:\/\/www.infobae.com\/resizer\/v2\/DDKQVMJ72NFJXMQBCPZAYSNUOU.jpg?auth=c0e0765ea90ccf02b37daee474a87d67d21dfc2b6ca241b2b4b57a06c462f142&amp;smart=true&amp;width=768&amp;height=512&amp;quality=85\" media=\"(min-width: 768px)\"><\/source><source srcset=\"https:\/\/www.infobae.com\/resizer\/v2\/DDKQVMJ72NFJXMQBCPZAYSNUOU.jpg?auth=c0e0765ea90ccf02b37daee474a87d67d21dfc2b6ca241b2b4b57a06c462f142&amp;smart=true&amp;width=577&amp;height=385&amp;quality=85\" media=\"(min-width: 580px)\"><\/source><source srcset=\"https:\/\/www.infobae.com\/resizer\/v2\/DDKQVMJ72NFJXMQBCPZAYSNUOU.jpg?auth=c0e0765ea90ccf02b37daee474a87d67d21dfc2b6ca241b2b4b57a06c462f142&amp;smart=true&amp;width=420&amp;height=280&amp;quality=85\" media=\"(min-width: 350px)\"><\/source><source srcset=\"https:\/\/www.infobae.com\/resizer\/v2\/DDKQVMJ72NFJXMQBCPZAYSNUOU.jpg?auth=c0e0765ea90ccf02b37daee474a87d67d21dfc2b6ca241b2b4b57a06c462f142&amp;smart=true&amp;width=350&amp;height=233&amp;quality=85\" media=\"(min-width: 80px)\"><\/source><img alt=\"Elecciones legislativas de Argentina de 2025 - Cristina Fernandez de Kirchner - San Jose 1111\" class=\"global-image\" decoding=\"async\" fetchpriority=\"low\" height=\"2887\" loading=\"lazy\" src=\"https:\/\/www.infobae.com\/resizer\/v2\/DDKQVMJ72NFJXMQBCPZAYSNUOU.jpg?auth=c0e0765ea90ccf02b37daee474a87d67d21dfc2b6ca241b2b4b57a06c462f142&amp;smart=true&amp;width=350&amp;height=233&amp;quality=85\" width=\"4330\"><\/picture><\/div>\n<p class=\"paragraph\" data-paragraph-number=\"11\">En el comunicado, los dirigentes opositores se\u00f1alaron que creen necesario \u201cvolver a reflexionar sobre las condiciones pol\u00edticas, culturales y comunicacionales que hicieron posible que un arma cargada fuera gatillada a cent\u00edmetros de su rostro\u201d y advirtieron que <b>\u201caquel hecho no puede ser reducido a un episodio aislado ni desvinculado del clima pol\u00edtico que lo precedi\u00f3\u201d.<\/b><\/p>\n<p class=\"paragraph\" data-paragraph-number=\"12\">\u201cDurante a\u00f1os, la Argentina asisti\u00f3 a la instalaci\u00f3n sistem\u00e1tica de discursos de odio, campa\u00f1as de estigmatizaci\u00f3n, noticias falsas \u2014fake news\u2014, operaciones de desinformaci\u00f3n y <b>distintas formas de violencia pol\u00edtica dirigidas contra quienes participan de la vida p\u00fablica y, de manera particularmente intensa, contra Cristina Fern\u00e1ndez de Kirchner\u201d<\/b>, indicaron.<\/p>\n<div class=\"ad_4 ad-wrapper dfpAd ad-1-al-6 ad-text ad-component-container\" style=\"--ad-shell-height:250px;--ad-shell-width:300px\" data-ad-wrapper=\"arcad\" data-ad-type=\"ad_4\" data-ad-slot=\"infobae\/politica\/nota\/ad_4\" data-ad-container=\"dfp\" data-ad-slot-name=\"infobae\/politica\/nota\/ad_4\">\n<p class=\"ad-shell-label\">PUBLICIDAD<\/p>\n<div id=\"infobae\/politica\/nota\/ad_4\" class=\"infobae\/politica\/nota\/ad_4 arcad ad-slot-node ad-slot-node--boxed\" data-ad-slot-id=\"infobae\/politica\/nota\/ad_4\"><\/div>\n<\/div>\n<p class=\"paragraph\" data-paragraph-number=\"13\">En otro apartado de texto, y apuntando contra algunos medios de comunicaci\u00f3n y el gobierno nacional, sostuvieron que \u201ccuando la pol\u00edtica es presentada sistem\u00e1ticamente como corrupci\u00f3n; <b>cuando el dirigente pol\u00edtico es convertido en enemigo<\/b>; cuando la militancia es ridiculizada o criminalizada; cuando la mentira se reproduce hasta adquirir apariencia de verdad; cuando el insulto reemplaza al argumento y la deshumanizaci\u00f3n del adversario se vuelve cotidiana,<b> la democracia comienza a deteriorarse\u201d.<\/b><\/p>\n<p class=\"paragraph\" data-paragraph-number=\"14\">\u201cLa articulaci\u00f3n entre persecuci\u00f3n judicial, operaciones medi\u00e1ticas, noticias falsas y hostigamiento en redes puede construir un sentido com\u00fan en el cual aquello que deber\u00eda resultar inadmisible comienza a naturalizarse. <b>Y existe una frontera que ninguna democracia puede permitirse cruzar: cuando la eliminaci\u00f3n simb\u00f3lica del adversario abre paso a la posibilidad de su eliminaci\u00f3n f\u00edsica\u201d<\/b>, precisaron, en referencia al da\u00f1o que consideran que hicieron los mensajes de odio desde la pol\u00edtica y desde las redes sociales.<\/p>\n<div class=\"ad_5 ad-wrapper dfpAd ad-1-al-6 ad-text ad-component-container\" style=\"--ad-shell-height:250px;--ad-shell-width:300px\" data-ad-wrapper=\"arcad\" data-ad-type=\"ad_5\" data-ad-slot=\"infobae\/politica\/nota\/ad_5\" data-ad-container=\"dfp\" data-ad-slot-name=\"infobae\/politica\/nota\/ad_5\">\n<p class=\"ad-shell-label\">PUBLICIDAD<\/p>\n<div id=\"infobae\/politica\/nota\/ad_5\" class=\"infobae\/politica\/nota\/ad_5 arcad ad-slot-node ad-slot-node--boxed\" data-ad-slot-id=\"infobae\/politica\/nota\/ad_5\"><\/div>\n<\/div>\n<div class=\"visual__image\"><picture><source srcset=\"https:\/\/www.infobae.com\/resizer\/v2\/BYUMY6DRBNADVAGAJNKTYDMY7I.jpeg?auth=299cd96333d4d59dc8e92e643b6b5bea8c8e12c6c2326c2bfca3ba5f3a12b9e5&amp;smart=true&amp;width=992&amp;height=660&amp;quality=85\" media=\"(min-width: 1000px)\"><\/source><source srcset=\"https:\/\/www.infobae.com\/resizer\/v2\/BYUMY6DRBNADVAGAJNKTYDMY7I.jpeg?auth=299cd96333d4d59dc8e92e643b6b5bea8c8e12c6c2326c2bfca3ba5f3a12b9e5&amp;smart=true&amp;width=768&amp;height=511&amp;quality=85\" media=\"(min-width: 768px)\"><\/source><source srcset=\"https:\/\/www.infobae.com\/resizer\/v2\/BYUMY6DRBNADVAGAJNKTYDMY7I.jpeg?auth=299cd96333d4d59dc8e92e643b6b5bea8c8e12c6c2326c2bfca3ba5f3a12b9e5&amp;smart=true&amp;width=577&amp;height=384&amp;quality=85\" media=\"(min-width: 580px)\"><\/source><source srcset=\"https:\/\/www.infobae.com\/resizer\/v2\/BYUMY6DRBNADVAGAJNKTYDMY7I.jpeg?auth=299cd96333d4d59dc8e92e643b6b5bea8c8e12c6c2326c2bfca3ba5f3a12b9e5&amp;smart=true&amp;width=420&amp;height=280&amp;quality=85\" media=\"(min-width: 350px)\"><\/source><source srcset=\"https:\/\/www.infobae.com\/resizer\/v2\/BYUMY6DRBNADVAGAJNKTYDMY7I.jpeg?auth=299cd96333d4d59dc8e92e643b6b5bea8c8e12c6c2326c2bfca3ba5f3a12b9e5&amp;smart=true&amp;width=350&amp;height=233&amp;quality=85\" media=\"(min-width: 80px)\"><\/source><img alt=\"Reunion en el PJ - 12 de junio- Cristina Fern\u00e1ndez de Kirchner - CFK -\" class=\"global-image\" decoding=\"async\" fetchpriority=\"low\" height=\"852\" loading=\"lazy\" src=\"https:\/\/www.infobae.com\/resizer\/v2\/BYUMY6DRBNADVAGAJNKTYDMY7I.jpeg?auth=299cd96333d4d59dc8e92e643b6b5bea8c8e12c6c2326c2bfca3ba5f3a12b9e5&amp;smart=true&amp;width=350&amp;height=233&amp;quality=85\" width=\"1280\"><\/picture><\/div>\n<p class=\"paragraph\" data-paragraph-number=\"15\">Los dirigentes se\u00f1alaron que en este cuarto aniversario los hechos vividos interpelan al \u201cconjunto del sistema democr\u00e1tico argentino\u201d y afirmaron que \u201clos partidos pol\u00edticos, cualquiera sea su identidad ideol\u00f3gica, deber\u00edan ser capaces de establecer un acuerdo elemental: en democracia, <b>al adversario <\/b>se lo enfrenta con ideas, argumentos, organizaci\u00f3n pol\u00edtica y votos, <b>nunca se lo persigue hasta convertir el ejercicio de la pol\u00edtica en un riesgo para su libertad, su integridad o su vida\u201d<\/b>.<\/p>\n<p class=\"paragraph\" data-paragraph-number=\"16\">\u201cEsta reflexi\u00f3n adquiere una significaci\u00f3n todav\u00eda mayor cuando la Argentina transita los 50 a\u00f1os del golpe de Estado del 24 de marzo de 1976. Sabemos que se trata de contextos hist\u00f3ricos profundamente diferentes y que no corresponde establecer equivalencias simplificadoras. Pero nuestra historia deber\u00eda habernos dejado un aprendizaje definitivo: ning\u00fan proyecto de pa\u00eds puede construirse sobre la eliminaci\u00f3n del que piensa distinto\u201d, indicaron en el tramo final del texto respaldado por los partidos pol\u00edticos que componen Fuerza Patria.<\/p>\n<div class=\"ad_6 ad-wrapper dfpAd ad-1-al-6 ad-text ad-component-container\" style=\"--ad-shell-height:250px;--ad-shell-width:300px\" data-ad-wrapper=\"arcad\" data-ad-type=\"ad_6\" data-ad-slot=\"infobae\/politica\/nota\/ad_6\" data-ad-container=\"dfp\" data-ad-slot-name=\"infobae\/politica\/nota\/ad_6\">\n<p class=\"ad-shell-label\">PUBLICIDAD<\/p>\n<div id=\"infobae\/politica\/nota\/ad_6\" class=\"infobae\/politica\/nota\/ad_6 arcad ad-slot-node ad-slot-node--boxed\" data-ad-slot-id=\"infobae\/politica\/nota\/ad_6\"><\/div>\n<\/div>\n<p class=\"paragraph\" data-paragraph-number=\"17\">Por \u00faltimo, se\u00f1alaron que <b>\u201cexiste un l\u00edmite democr\u00e1tico que debemos defender colectivamente: nadie debe ser perseguido, amenazado ni violentado por sus ideas pol\u00edticas\u201d.<\/b> Y explicaron que \u201cdefender ese l\u00edmite no significa reclamar una pol\u00edtica sin conflicto\u201d porque \u201cla pol\u00edtica es discusi\u00f3n, es confrontaci\u00f3n de intereses, proyectos, valores e ideas; es pasi\u00f3n, identidad y disputa por el rumbo de una sociedad\u201d.<\/p>\n<p class=\"paragraph\" data-paragraph-number=\"18\">\u201cPretender eliminar esas diferencias ser\u00eda negar la propia democracia. Lo que debemos recuperar es algo distinto: la legitimidad del adversario. Poder discutir profundamente sin negar el derecho del otro a existir pol\u00edticamente. Poder confrontar sin deshumanizar\u201d, describieron. La trascendencia que el peronismo le d\u00e9 hoy al hecho pondr\u00e1 sobre la mesa el lugar que ocupa CFK, los cercanos y los que est\u00e1n cada vez m\u00e1s lejos. Porque ya nada es igual a como supo ser.<\/p>\n","protected":false},"excerpt":{"rendered":"<p>01 Sep, 2026 06:10 a. m. EST Guardar El PJ reivindicar\u00e1 a CFK a cuatro a\u00f1os del intento de asesinato: \u201cNadie debe ser perseguido y violentado por sus ideas pol\u00edticas\u201d Habr\u00e1 un encuentro a las 18, en la puerta de San Jos\u00e9 1111, donde M\u00e1ximo Kirchner ser\u00e1 el \u00fanico orador. En un documento, los partidos [&hellip;]<\/p>\n","protected":false},"author":1,"featured_media":12384,"comment_status":"open","ping_status":"open","sticky":false,"template":"","format":"standard","meta":{"footnotes":""},"categories":[1],"tags":[],"class_list":["post-24521","post","type-post","status-publish","format-standard","has-post-thumbnail","hentry","category-uncategorized"],"_links":{"self":[{"href":"https:\/\/cliente1.publisher.highstack.com.ar\/index.php?rest_route=\/wp\/v2\/posts\/24521","targetHints":{"allow":["GET"]}}],"collection":[{"href":"https:\/\/cliente1.publisher.highstack.com.ar\/index.php?rest_route=\/wp\/v2\/posts"}],"about":[{"href":"https:\/\/cliente1.publisher.highstack.com.ar\/index.php?rest_route=\/wp\/v2\/types\/post"}],"author":[{"embeddable":true,"href":"https:\/\/cliente1.publisher.highstack.com.ar\/index.php?rest_route=\/wp\/v2\/users\/1"}],"replies":[{"embeddable":true,"href":"https:\/\/cliente1.publisher.highstack.com.ar\/index.php?rest_route=%2Fwp%2Fv2%2Fcomments&post=24521"}],"version-history":[{"count":0,"href":"https:\/\/cliente1.publisher.highstack.com.ar\/index.php?rest_route=\/wp\/v2\/posts\/24521\/revisions"}],"wp:featuredmedia":[{"embeddable":true,"href":"https:\/\/cliente1.publisher.highstack.com.ar\/index.php?rest_route=\/wp\/v2\/media\/12384"}],"wp:attachment":[{"href":"https:\/\/cliente1.publisher.highstack.com.ar\/index.php?rest_route=%2Fwp%2Fv2%2Fmedia&parent=24521"}],"wp:term":[{"taxonomy":"category","embeddable":true,"href":"https:\/\/cliente1.publisher.highstack.com.ar\/index.php?rest_route=%2Fwp%2Fv2%2Fcategories&post=24521"},{"taxonomy":"post_tag","embeddable":true,"href":"https:\/\/cliente1.publisher.highstack.com.ar\/index.php?rest_route=%2Fwp%2Fv2%2Ftags&post=24521"}],"curies":[{"name":"wp","href":"https:\/\/api.w.org\/{rel}","templated":true}]}}