{"id":24519,"date":"2026-09-01T07:41:03","date_gmt":"2026-09-01T10:41:03","guid":{"rendered":"https:\/\/cliente1.publisher.highstack.com.ar\/?p=24519"},"modified":"2026-09-01T07:41:03","modified_gmt":"2026-09-01T10:41:03","slug":"un-contenedor-se-incendio-y-destruyo-un-auto-en-parana-fue-cuestion-de-segundos","status":"publish","type":"post","link":"https:\/\/cliente1.publisher.highstack.com.ar\/?p=24519","title":{"rendered":"Un contenedor se incendi\u00f3 y destruy\u00f3 un auto en Paran\u00e1: \u201cFue cuesti\u00f3n de segundos\u201d"},"content":{"rendered":"<p><\/p>\n<div>\n<p>Un <b>auto<\/b> qued\u00f3 pr\u00e1cticamente destruido durante la madrugada de este martes luego de que las llamas de un <b>contenedor<\/b> se propagaran hacia el veh\u00edculo, que se encontraba estacionado sobre calle Andr\u00e9s Pazos, en Paran\u00e1. El incendio ocurri\u00f3 pasadas las 4, entre avenida Ram\u00edrez y Piedrabuena, y demand\u00f3 la intervenci\u00f3n de Bomberos y personal policial. <\/p>\n<p><!-- is a <br \/>--><\/p>\n<p>\u00a0<\/p>\n<p><!-- is a <br \/>--><\/p>\n<p>El veh\u00edculo afectado era un Fiat Idea perteneciente a Maxi Cuadra y Tamara, quienes dialogaron con Elonce durante la ma\u00f1ana mientras intentaban recuperar algunos elementos entre los restos. Ambos se encontraban durmiendo cuando fueron alertados por la Polic\u00eda sobre lo que estaba sucediendo frente a su vivienda. <\/p>\n<p><!-- is a <br \/>--><\/p>\n<p><!-- is a object --><br \/>\n<!-- embed start --><!-- embed end --><br \/>\n<!-- end object --><\/p>\n<p>\u00a0<\/p>\n<p><!-- is a <br \/>--><\/p>\n<p>\u00a0<\/p>\n<p><!-- is a <br \/>--><\/p>\n<p>\u201cNos tocaron el timbre y, cuando abrimos, supusimos que pod\u00eda ser alg\u00fan intento de robo porque ya nos hab\u00eda pasado. Pero era la Polic\u00eda que nos dec\u00eda que se estaba prendiendo fuego el contenedor\u201d, relat\u00f3 Maxi. <\/p>\n<p><!-- is a <br \/>--><\/p>\n<p>\u00a0<\/p>\n<p><!-- is a <br \/>--><\/p>\n<p><!-- is a object --><\/p>\n<h2><b>\u201cEn 15 o 20 segundos ya hab\u00eda tomado la parte de atr\u00e1s\u201d<\/b><\/h2>\n<p><!-- end object --><\/p>\n<p>\u00a0<\/p>\n<p><!-- is a <br \/>--><\/p>\n<p>El propietario explic\u00f3 que inicialmente intent\u00f3 buscar las llaves para mover el <b>auto<\/b>, pero el avance del fuego fue demasiado r\u00e1pido. \u201cCuando fui a buscar la llave fue cuesti\u00f3n de segundos, 15 o 20 segundos. Ya hab\u00eda tomado la parte de atr\u00e1s. Me temblaban las manos y no sab\u00eda qu\u00e9 hacer\u201d, record\u00f3. <\/p>\n<p><!-- is a <br \/>--><\/p>\n<p>\u00a0<\/p>\n<p><!-- is a <br \/>--><\/p>\n<p>En ese momento pens\u00f3 incluso en utilizar el matafuego del propio veh\u00edculo, aunque los agentes que estaban en el lugar le recomendaron mantenerse alejado. \u201cFui a preguntar qu\u00e9 hac\u00eda y me dijeron: \u2018Ni te acerques\u2019. As\u00ed que eso hicimos\u201d, se\u00f1al\u00f3. <\/p>\n<p><!-- is a <br \/>--><\/p>\n<p>\u00a0<\/p>\n<p><!-- is a <br \/>--><\/p>\n<p><!-- is a object --><br \/>\n<!-- embed start --><\/p>\n<figure class=\"embed\">\n<p>    <img decoding=\"async\" src=\"https:\/\/elonce-media.elonce.com\/fotos\/2026\/09\/01\/e_1788248362_51317.webp\" loading=\"lazy\" width=\"600\" height=\"400\" alt=\"\"\/><\/p>\n<\/figure>\n<p><!-- embed end --><br \/>\n<!-- end object --><\/p>\n<p>\u00a0<\/p>\n<p><!-- is a <br \/>--><\/p>\n<p>Los Bomberos llegaron pocos minutos despu\u00e9s y lograron controlar las llamas, aunque para entonces los da\u00f1os sobre el rodado eran pr\u00e1cticamente totales. \u201cVinieron realmente muy r\u00e1pido. Primero lleg\u00f3 una camioneta y despu\u00e9s el cami\u00f3n, pero se incendi\u00f3 por completo\u201d, cont\u00f3 el due\u00f1o. <\/p>\n<p><!-- is a <br \/>--><\/p>\n<p>\u00a0<\/p>\n<p><!-- is a <br \/>--><\/p>\n<p>Una de las principales preocupaciones de la pareja era la presencia del tanque de gas del veh\u00edculo. \u201cEl miedo era que explotara, pero los bomberos nos explicaron que tiene una v\u00e1lvula que se cierra. Tambi\u00e9n ten\u00eda poco combustible, unos 10 litros de nafta\u201d, explic\u00f3. <\/p>\n<p><!-- is a <br \/>--><\/p>\n<p>\u00a0<\/p>\n<p><!-- is a <br \/>--><\/p>\n<p><!-- is a object --><\/p>\n<h2><b>El veh\u00edculo era utilizado para trabajar<\/b><\/h2>\n<p><!-- end object --><\/p>\n<p>\u00a0<\/p>\n<p><!-- is a <br \/>--><\/p>\n<p>Tamara cont\u00f3 que el <b>auto<\/b> formaba parte de la actividad diaria de la familia, ya que tienen un emprendimiento gastron\u00f3mico. \u201cHago pastas caseras y artesanales y lo utiliz\u00e1bamos para hacer los repartos, los env\u00edos\u201d, indic\u00f3. <\/p>\n<p><!-- is a <br \/>--><\/p>\n<p>\u00a0<\/p>\n<p><!-- is a <br \/>--><\/p>\n<p>Pese a la p\u00e9rdida material, ambos destacaron que ninguna persona result\u00f3 herida. \u201cHace poquito se nos enferm\u00f3 el nene y estuvimos dos d\u00edas en terapia. Ah\u00ed entend\u00e9s qu\u00e9 es realmente importante. Los materiales se solucionan de una forma u otra\u201d, expres\u00f3 Maxi. <\/p>\n<p><!-- is a <br \/>--><\/p>\n<p>\u00a0<\/p>\n<p><!-- is a <br \/>--><\/p>\n<p><!-- is a object --><br \/>\n<!-- embed start --><\/p>\n<div class=\"embed embed-video\">\n<p>\n            <iframe loading=\"lazy\" title=\"As\u00ed fue destruido por las llamas tras el incendio de un contenedor - 01\/09\/26\" width=\"500\" height=\"281\" src=\"https:\/\/www.youtube.com\/embed\/zDpHBUu7iDc?feature=oembed\" frameborder=\"0\" allow=\"accelerometer; autoplay; clipboard-write; encrypted-media; gyroscope; picture-in-picture; web-share\" referrerpolicy=\"strict-origin-when-cross-origin\" allowfullscreen><\/iframe>\n        <\/p>\n<p>\n                <span>As\u00ed fue destruido por las llamas tras el incendio de un contenedor<\/span>\n            <\/p>\n<\/p><\/div>\n<p><!-- embed end --><br \/>\n<!-- end object --><\/p>\n<p>\u00a0<\/p>\n<p><!-- is a <br \/>--><\/p>\n<p>\u201cEl auto est\u00e1 asegurado. Lo importante es que no le pas\u00f3 nada a nadie, ni a nosotros ni a los vecinos\u201d, agreg\u00f3. Con algo de humor, tambi\u00e9n resumi\u00f3 las consecuencias inmediatas para el emprendimiento familiar: \u201cNo se nos quem\u00f3 la comida, pero se quem\u00f3 el auto\u201d. <\/p>\n<p><!-- is a <br \/>--><\/p>\n<p>\u00a0<\/p>\n<p><!-- is a <br \/>--><\/p>\n<p><!-- is a object --><\/p>\n<h2><b>Bomberos: el fuego se propag\u00f3 r\u00e1pidamente<\/b><\/h2>\n<p><!-- end object --><\/p>\n<p>\u00a0<\/p>\n<p><!-- is a <br \/>--><\/p>\n<p>Lucas Garc\u00eda, integrante de Bomberos Voluntarios de Paran\u00e1, confirm\u00f3 a Elonce que recibieron varios llamados alrededor de las 4.02. \u201cNos manifestaban que se hab\u00eda incendiado un <b>contenedor<\/b> y lamentablemente el fuego se propag\u00f3 hacia un veh\u00edculo estacionado\u201d, explic\u00f3. <\/p>\n<p><!-- is a <br \/>--><\/p>\n<p>\u00a0<\/p>\n<p><!-- is a <br \/>--><\/p>\n<p><!-- is a object --><br \/>\n<!-- embed start --><\/p>\n<div class=\"embed embed-video\">\n<p>\n            <iframe loading=\"lazy\" title=\"Un auto y un contenedor se incendiaron durante la madrugada - 01\/09\/26\" width=\"500\" height=\"281\" src=\"https:\/\/www.youtube.com\/embed\/A_ArqKOnLwE?feature=oembed\" frameborder=\"0\" allow=\"accelerometer; autoplay; clipboard-write; encrypted-media; gyroscope; picture-in-picture; web-share\" referrerpolicy=\"strict-origin-when-cross-origin\" allowfullscreen><\/iframe>\n        <\/p>\n<p>\n                <span>Un auto y un contenedor se incendiaron durante la madrugada<\/span>\n            <\/p>\n<\/p><\/div>\n<p><!-- embed end --><br \/>\n<!-- end object --><\/p>\n<p>\u00a0<\/p>\n<p><!-- is a <br \/>--><\/p>\n<p>El bombero indic\u00f3 que la dotaci\u00f3n acudi\u00f3 r\u00e1pidamente, pero que la intensidad de las llamas hizo imposible evitar los da\u00f1os materiales. \u201cPor la volatilidad del material combustible que hab\u00eda en el lugar, lo que se pudo hacer fue sofocar el foco \u00edgneo\u201d, precis\u00f3. <\/p>\n<p><!-- is a <br \/>--><\/p>\n<p><!-- is a object --><br \/>\n<!-- embed start --><!-- embed end --><br \/>\n<!-- end object --><\/p>\n<p>Tambi\u00e9n se\u00f1al\u00f3 que este tipo de incendios en recipientes pl\u00e1sticos se registra con cierta frecuencia durante la madrugada, aunque habitualmente no alcanza otros elementos. \u201cEn otras ocasiones fueron solamente contenedores, pero en este caso se propag\u00f3 hacia el veh\u00edculo\u201d, sostuvo. <\/p>\n<p><!-- is a <br \/>--><\/p>\n<p>\u00a0<\/p>\n<p><!-- is a <br \/>--><\/p>\n<p>Por el momento, no se determin\u00f3 c\u00f3mo se inici\u00f3 el incendio. Los propietarios indicaron que existen c\u00e1maras de seguridad en la zona y que se solicitar\u00e1 colaboraci\u00f3n a vecinos para aportar registros que permitan reconstruir lo ocurrido.<\/p>\n<\/p><\/div>\n","protected":false},"excerpt":{"rendered":"<p>Un auto qued\u00f3 pr\u00e1cticamente destruido durante la madrugada de este martes luego de que las llamas de un contenedor se propagaran hacia el veh\u00edculo, que se encontraba estacionado sobre calle Andr\u00e9s Pazos, en Paran\u00e1. El incendio ocurri\u00f3 pasadas las 4, entre avenida Ram\u00edrez y Piedrabuena, y demand\u00f3 la intervenci\u00f3n de Bomberos y personal policial. \u00a0 [&hellip;]<\/p>\n","protected":false},"author":1,"featured_media":24520,"comment_status":"open","ping_status":"open","sticky":false,"template":"","format":"standard","meta":{"footnotes":""},"categories":[1],"tags":[],"class_list":["post-24519","post","type-post","status-publish","format-standard","has-post-thumbnail","hentry","category-uncategorized"],"_links":{"self":[{"href":"https:\/\/cliente1.publisher.highstack.com.ar\/index.php?rest_route=\/wp\/v2\/posts\/24519","targetHints":{"allow":["GET"]}}],"collection":[{"href":"https:\/\/cliente1.publisher.highstack.com.ar\/index.php?rest_route=\/wp\/v2\/posts"}],"about":[{"href":"https:\/\/cliente1.publisher.highstack.com.ar\/index.php?rest_route=\/wp\/v2\/types\/post"}],"author":[{"embeddable":true,"href":"https:\/\/cliente1.publisher.highstack.com.ar\/index.php?rest_route=\/wp\/v2\/users\/1"}],"replies":[{"embeddable":true,"href":"https:\/\/cliente1.publisher.highstack.com.ar\/index.php?rest_route=%2Fwp%2Fv2%2Fcomments&post=24519"}],"version-history":[{"count":0,"href":"https:\/\/cliente1.publisher.highstack.com.ar\/index.php?rest_route=\/wp\/v2\/posts\/24519\/revisions"}],"wp:featuredmedia":[{"embeddable":true,"href":"https:\/\/cliente1.publisher.highstack.com.ar\/index.php?rest_route=\/wp\/v2\/media\/24520"}],"wp:attachment":[{"href":"https:\/\/cliente1.publisher.highstack.com.ar\/index.php?rest_route=%2Fwp%2Fv2%2Fmedia&parent=24519"}],"wp:term":[{"taxonomy":"category","embeddable":true,"href":"https:\/\/cliente1.publisher.highstack.com.ar\/index.php?rest_route=%2Fwp%2Fv2%2Fcategories&post=24519"},{"taxonomy":"post_tag","embeddable":true,"href":"https:\/\/cliente1.publisher.highstack.com.ar\/index.php?rest_route=%2Fwp%2Fv2%2Ftags&post=24519"}],"curies":[{"name":"wp","href":"https:\/\/api.w.org\/{rel}","templated":true}]}}