{"id":24491,"date":"2026-08-31T20:50:02","date_gmt":"2026-08-31T23:50:02","guid":{"rendered":"https:\/\/cliente1.publisher.highstack.com.ar\/?p=24491"},"modified":"2026-08-31T20:50:02","modified_gmt":"2026-08-31T23:50:02","slug":"ley-penal-en-blanco-tras-el-rechazo-del-campo-el-gobierno-asegura-que-el-proyecto-de-ecocidio-no-sera-tratado","status":"publish","type":"post","link":"https:\/\/cliente1.publisher.highstack.com.ar\/?p=24491","title":{"rendered":"\u201cLey penal en blanco\u201d: tras el rechazo del campo, el Gobierno asegura que el proyecto de ecocidio no ser\u00e1 tratado"},"content":{"rendered":"<div class=\"col-12\">\n<div data-tw=\"true\" style=\"display:contents\">\n<div role=\"none\"><\/div>\n<\/div>\n<p class=\"com-paragraph --capital --s\">En medio de la fuerte preocupaci\u00f3n que gener\u00f3 en el sector agropecuario el <strong>proyecto de ley<\/strong> que propone incorporar la figura del <strong>ecocidio <\/strong>al <strong>C\u00f3digo Penal<\/strong>, Patricia Bullrich, jefa del bloque de senadores de <strong>La Libertad Avanza (LLA),<\/strong> intent\u00f3 llevar calma al campo y asegur\u00f3 que la iniciativa<strong> no ser\u00e1 tratada en el recinto.<\/strong> La definici\u00f3n lleg\u00f3 luego de que <a href=\"https:\/\/www.lanacion.com.ar\/economia\/campo\/ecocidio-avanza-en-el-senado-un-polemico-proyecto-que-preve-penas-de-hasta-25-anos-lo-apoyo-patricia-nid22062026\/\" target=\"_self\" title=\"https:\/\/www.lanacion.com.ar\/economia\/campo\/ecocidio-avanza-en-el-senado-un-polemico-proyecto-que-preve-penas-de-hasta-25-anos-lo-apoyo-patricia-nid22062026\/\" class=\"com-link break-word\" data-mrf-recirculation=\"n_link_parrafo\">la propuesta obtuviera dictamen favorable en junio pasado<\/a> y despertara <strong>fuertes cuestionamientos de entidades rurales,<\/strong> que advirtieron sobre el riesgo que implicar\u00eda para la <strong>seguridad jur\u00eddica, el derecho de propiedad y el desarrollo productivo.<\/strong><\/p>\n<div class=\"ln-banner-container --no-app --caja1_mob\">\n<div id=\"caja1_mob\" class=\"ln-banner\" data-slot-group=\"nota\" data-device=\"mobile\" data-subscription=\"false\" data-ad-unit-path=\"\/133919216\/campo_mobile\/Nota\/caja1_mob\" data-targeting='{\"sitio\":\"lanacion\",\"seccion\":\"nota\"}' data-without-hide=\"true\" data-size=\"[[320,100],[300,250],[1,1],[300,450],[320,450]]\" data-sizemap=\"[]\" data-prebid-enabled=\"true\"><\/div>\n<\/div>\n<p class=\"com-paragraph --s\"><strong>\u201cLa idea es no tratarlo\u201d, <\/strong>le dijo Bullrich a <strong>LA NACION <\/strong>al ser consultada sobre el proyecto impulsado por la senadora por Chubut Edith Terenzi, que recibi\u00f3 respaldo de legisladores de fuerzas provinciales y de algunos sectores vinculados al peronismo.<\/p>\n<div class=\"ln-banner-container --no-app --middle_1_dsk\">\n<div id=\"middle_1_dsk\" class=\"ln-banner\" data-slot-group=\"nota\" data-device=\"desktop\" data-subscription=\"true\" data-ad-unit-path=\"\/133919216\/campo_desktop\/Nota\/middle_1_dsk\" data-targeting='{\"sitio\":\"lanacion\",\"seccion\":\"nota\"}' data-without-hide=\"true\" data-size=\"[[1,1],[640,360],[640,480],[728,90]]\" data-sizemap=\"[]\" data-prebid-enabled=\"true\"><\/div>\n<\/div>\n<p class=\"com-paragraph --s\">La iniciativa hab\u00eda obtenido dictamen favorable el pasado 9 de junio en las <strong>comisiones de Justicia y Asuntos Penales y de Ambiente y Desarrollo Sustentable del Senado.<\/strong> Sin embargo, tras la repercusi\u00f3n que gener\u00f3 el texto, los senadores de La Libertad Avanza (LLA) que inicialmente hab\u00edan acompa\u00f1ado el despacho solicitaron retirar sus firmas.<\/p>\n<div class=\"content-media\">\n<section role=\"button\" class=\"mod-media   \">\n<figure role=\"button\" tabindex=\"0\" class=\"mod-figure \">\n<div class=\"placeholder \">\n<div class=\"com-image\"><picture><source media=\"(min-width: 768px)\" srcset=\"https:\/\/www.lanacion.com.ar\/resizer\/v2\/el-proyecto-fue-impulsado-por-la-senadora-por-L2NF7ZFESJGHHKH5X6DFQABAG4.png?auth=0cabd4558518246422a2f258176a7809b1b3c4985b4032d21259afbcb4ab99c7&amp;width=780&amp;height=510&amp;quality=70&amp;smart=true\"><\/source><img class=\"image com-image flex --cover\" decoding=\"async\" fetchpriority=\"low\" loading=\"lazy\" src=\"https:\/\/www.lanacion.com.ar\/resizer\/v2\/el-proyecto-fue-impulsado-por-la-senadora-por-L2NF7ZFESJGHHKH5X6DFQABAG4.png?auth=0cabd4558518246422a2f258176a7809b1b3c4985b4032d21259afbcb4ab99c7&amp;width=420&amp;height=275&amp;quality=70&amp;smart=true\" width=\"794\" alt=\"El proyecto fue impulsado por la senadora por Chubut Edith Terenzi, que recibi\u00f3 respaldo de legisladores de fuerzas provinciales y de algunos sectores vinculados al peronismo\" height=\"519\"><\/picture><\/div>\n<\/div><figcaption class=\"mod-figcaption\"><span class=\"com-text --caption --twoxs\">El proyecto fue impulsado por la senadora por Chubut Edith Terenzi, que recibi\u00f3 respaldo de legisladores de fuerzas provinciales y de algunos sectores vinculados al peronismo<\/span><\/figcaption><\/figure>\n<\/section>\n<\/div>\n<div class=\"ln-banner-container --no-app --caja2_mob\">\n<div id=\"caja2_mob\" class=\"ln-banner\" data-slot-group=\"nota\" data-device=\"mobile\" data-subscription=\"true\" data-ad-unit-path=\"\/133919216\/campo_mobile\/Nota\/caja2_mob\" data-targeting='{\"sitio\":\"lanacion\",\"seccion\":\"nota\"}' data-without-hide=\"true\" data-size=\"[[320,100],[300,250],[300,450],[1,1],[360,270],[320,180]]\" data-sizemap=\"[]\" data-prebid-enabled=\"true\"><\/div>\n<\/div>\n<p class=\"com-paragraph --s\">En ese momento, Bullrich ya hab\u00eda anticipado que el proyecto sufrir\u00eda cambios sustanciales. <strong>\u201cEl proyecto va a tener muchas modificaciones; pr\u00e1cticamente va a ser otro proyecto\u201d, <\/strong>sostuvo.<\/p>\n<div class=\"ln-banner-container --no-app --middle_2_dsk\">\n<div id=\"middle_2_dsk\" class=\"ln-banner\" data-slot-group=\"nota\" data-device=\"desktop\" data-subscription=\"true\" data-ad-unit-path=\"\/133919216\/campo_desktop\/Nota\/middle_2_dsk\" data-targeting='{\"sitio\":\"lanacion\",\"seccion\":\"nota\"}' data-without-hide=\"true\" data-size=\"[[1,1],[728,90]]\" data-sizemap=\"[]\" data-prebid-enabled=\"true\"><\/div>\n<\/div>\n<p class=\"com-paragraph --s\">En ese contexto, <strong>Confederaciones Rurales Argentinas (CRA)<\/strong> difundi\u00f3 un <strong>duro comunicado<\/strong> en el que cuestion\u00f3 tanto el contenido del proyecto como su t\u00e9cnica legislativa.<\/p>\n<div class=\"ln-banner-container --no-app --caja3_mob\">\n<div id=\"caja3_mob\" class=\"ln-banner\" data-slot-group=\"nota\" data-device=\"mobile\" data-subscription=\"false\" data-ad-unit-path=\"\/133919216\/campo_mobile\/Nota\/caja3_mob\" data-targeting='{\"sitio\":\"lanacion\",\"seccion\":\"nota\"}' data-without-hide=\"true\" data-size=\"[[320,100],[300,250],[1,1],[300,450],[360,270]]\" data-sizemap=\"[]\" data-prebid-enabled=\"true\"><\/div>\n<\/div>\n<div class=\"ln-banner-container --no-app --middle_2_tab\">\n<div id=\"middle_2_tab\" class=\"ln-banner\" data-slot-group=\"nota\" data-device=\"tablet\" data-subscription=\"false\" data-ad-unit-path=\"\/133919216\/campo_tablet\/Nota\/middle_2_tab\" data-targeting='{\"sitio\":\"lanacion\",\"seccion\":\"nota\"}' data-without-hide=\"true\" data-size=\"[[728,90],[640,480],[468,60],[1,1]]\" data-sizemap=\"[]\" data-prebid-enabled=\"true\"><\/div>\n<\/div>\n<p class=\"com-paragraph --s\">\u201cLa <strong>protecci\u00f3n del ambiente<\/strong> constituye un <strong>objetivo irrenunciable y un compromiso de toda la sociedad.<\/strong> Sin embargo, ese prop\u00f3sito <strong>no puede servir de fundamento para impulsar normas penales imprecisas, t\u00e9cnicamente deficientes y potencialmente incompatibles con la Constituci\u00f3n Nacional\u201d,<\/strong> se\u00f1al\u00f3 la entidad.<\/p>\n<p class=\"com-paragraph --s\">CRA sostuvo que el pa\u00eds ya dispone de herramientas legales suficientes para proteger el ambiente. <strong>\u201cResulta incorrecto afirmar que existe un vac\u00edo legal en materia ambiental. <\/strong>La Argentina cuenta con un amplio entramado normativo, integrado por la Ley General del Ambiente, la Ley de Residuos Peligrosos y numerosas leyes provinciales\u201d, afirm\u00f3.<\/p>\n<p class=\"com-paragraph --s\">Para la entidad que preside Carlos Castagnani, el problema no radica en la ausencia de normas sino en su aplicaci\u00f3n: \u201cEl verdadero desaf\u00edo no es crear nuevos delitos con definiciones ambiguas, sino hacer cumplir eficazmente la legislaci\u00f3n vigente\u201d.<\/p>\n<div class=\"ln-banner-container --no-app --caja4_mob\">\n<div id=\"caja4_mob\" class=\"ln-banner\" data-slot-group=\"nota\" data-device=\"mobile\" data-subscription=\"false\" data-ad-unit-path=\"\/133919216\/campo_mobile\/Nota\/caja4_mob\" data-targeting='{\"sitio\":\"lanacion\",\"seccion\":\"nota\"}' data-without-hide=\"true\" data-size=\"[[320,100],[300,250],[1,1]]\" data-sizemap=\"[]\" data-prebid-enabled=\"true\"><\/div>\n<\/div>\n<div class=\"content-media\">\n<section role=\"button\" class=\"mod-media   \">\n<figure role=\"button\" tabindex=\"0\" class=\"mod-figure \">\n<div class=\"placeholder \">\n<div class=\"com-image\"><picture><source media=\"(min-width: 768px)\" srcset=\"https:\/\/www.lanacion.com.ar\/resizer\/v2\/para-la-entidad-que-preside-carlos-castagnani-el-X7MIQJVGMRFJVETVUAYUP4YV7E.JPG?auth=044859b3bd4d756954253a5a0d12457257cba3ce3163502aa35c3b8f48ad5de6&amp;width=780&amp;height=520&amp;quality=70&amp;smart=true\"><\/source><img class=\"image com-image flex --cover\" decoding=\"async\" fetchpriority=\"low\" loading=\"lazy\" src=\"https:\/\/www.lanacion.com.ar\/resizer\/v2\/para-la-entidad-que-preside-carlos-castagnani-el-X7MIQJVGMRFJVETVUAYUP4YV7E.JPG?auth=044859b3bd4d756954253a5a0d12457257cba3ce3163502aa35c3b8f48ad5de6&amp;width=420&amp;height=280&amp;quality=70&amp;smart=true\" width=\"3000\" alt=\"Para la entidad que preside Carlos Castagnani, el problema no radica en la ausencia de normas sino en su aplicaci\u00f3n\" height=\"1999\"><\/picture><\/div>\n<\/div><figcaption class=\"mod-figcaption\"><span class=\"com-text --caption --twoxs\">Para la entidad que preside Carlos Castagnani, el problema no radica en la ausencia de normas sino en su aplicaci\u00f3n<\/span><span class=\"com-text --credit --twoxs\">Camila Godoy<\/span><\/figcaption><\/figure>\n<\/section>\n<\/div>\n<p class=\"com-paragraph --s\">Uno de los principales cuestionamientos apunta a la definici\u00f3n del nuevo delito. Seg\u00fan CRA, el proyecto incorpora<strong> \u201cconceptos vagos e indeterminados<\/strong> como \u2018da\u00f1o ambiental irreversible\u2019, \u2018equidad intergeneracional\u2019 o \u2018afectaci\u00f3n multiecosist\u00e9mica\u2019, sin par\u00e1metros objetivos que permitan conocer con precisi\u00f3n qu\u00e9 conductas ser\u00e1n consideradas delito\u201d.<\/p>\n<div class=\"ln-banner-container --no-app --caja6_mob\">\n<div id=\"caja6_mob\" class=\"ln-banner\" data-slot-group=\"nota\" data-device=\"mobile\" data-subscription=\"false\" data-ad-unit-path=\"\/133919216\/campo_mobile\/Nota\/caja6_mob\" data-targeting='{\"sitio\":\"lanacion\",\"seccion\":\"nota\"}' data-without-hide=\"true\" data-size=\"[[300,250],[230,50],[300,450],[1,1],[320,100]]\" data-sizemap=\"[]\" data-prebid-enabled=\"true\"><\/div>\n<\/div>\n<p class=\"com-paragraph --s\">Y advirti\u00f3 que esa redacci\u00f3n <strong>\u201cvulnera el principio de legalidad\u201d<\/strong> previsto en la Constituci\u00f3n Nacional y afecta la previsibilidad que debe caracterizar al derecho penal. Tambi\u00e9n cuestion\u00f3 que la iniciativa remita la definici\u00f3n del delito a normas nacionales, provinciales e incluso municipales. <strong>\u201cA ello se suma que la iniciativa configura una ley penal en blanco\u201d, <\/strong>indic\u00f3, al advertir que una misma conducta podr\u00eda ser considerada delito en una jurisdicci\u00f3n y no en otra.<\/p>\n<p class=\"com-paragraph --s\">Otro de los puntos que <strong>genera preocupaci\u00f3n es el alcance que podr\u00eda tener sobre las actividades productivas. <\/strong>\u201cResulta preocupante la amplitud de las penas previstas y la posibilidad de que productores, empresas, trabajadores, funcionarios y responsables t\u00e9cnicos <strong>sean sometidos a procesos penales por decisiones adoptadas dentro del marco de actividades l\u00edcitas y reguladas\u201d,<\/strong> sostuvo CRA.<\/p>\n<div class=\"ln-banner-container --no-app --caja7_mob\">\n<div id=\"caja7_mob\" class=\"ln-banner\" data-slot-group=\"nota\" data-device=\"mobile\" data-subscription=\"true\" data-ad-unit-path=\"\/133919216\/campo_mobile\/Nota\/caja7_mob\" data-targeting='{\"sitio\":\"lanacion\",\"seccion\":\"nota\"}' data-without-hide=\"true\" data-size=\"[[300,250],[320,50],[300,450],[1,1],[320,100]]\" data-sizemap=\"[]\" data-prebid-enabled=\"true\"><\/div>\n<\/div>\n<div class=\"content-media\">\n<section role=\"button\" class=\"mod-media   \">\n<figure role=\"button\" tabindex=\"0\" class=\"mod-figure \">\n<div class=\"placeholder \">\n<div class=\"com-image\"><picture><source media=\"(min-width: 768px)\" srcset=\"https:\/\/www.lanacion.com.ar\/resizer\/v2\/resulta-preocupante-la-amplitud-de-las-penas-UJVXGRL5IZGI7HZLHVKZKHKQ34.jpeg?auth=b5f1aa7baa23de661a1d0e2338a0da99a5234d636e3a8cd0ddf86db492470be1&amp;width=780&amp;height=439&amp;quality=70&amp;smart=true\"><\/source><img class=\"image com-image flex --cover\" decoding=\"async\" fetchpriority=\"low\" loading=\"lazy\" src=\"https:\/\/www.lanacion.com.ar\/resizer\/v2\/resulta-preocupante-la-amplitud-de-las-penas-UJVXGRL5IZGI7HZLHVKZKHKQ34.jpeg?auth=b5f1aa7baa23de661a1d0e2338a0da99a5234d636e3a8cd0ddf86db492470be1&amp;width=420&amp;height=236&amp;quality=70&amp;smart=true\" width=\"1280\" alt=\"\u201cResulta preocupante la amplitud de las penas previstas y la posibilidad de que productores, empresas, trabajadores, funcionarios y responsables t\u00e9cnicos sean sometidos a procesos penales por decisiones adoptadas dentro del marco de actividades l\u00edcitas y reguladas\u201d, sostuvo CRA\" height=\"720\"><\/picture><\/div>\n<\/div><figcaption class=\"mod-figcaption\"><span class=\"com-text --caption --twoxs\">\u201cResulta preocupante la amplitud de las penas previstas y la posibilidad de que productores, empresas, trabajadores, funcionarios y responsables t\u00e9cnicos sean sometidos a procesos penales por decisiones adoptadas dentro del marco de actividades l\u00edcitas y reguladas\u201d, sostuvo CRA<\/span><span class=\"com-text --credit --twoxs\">Gza. Juan Ellero<\/span><\/figcaption><\/figure>\n<\/section>\n<\/div>\n<p class=\"com-paragraph --s\">Seg\u00fan la entidad, ese escenario podr\u00eda <strong>\u201cparalizar inversiones, desalentar la producci\u00f3n y promover una judicializaci\u00f3n permanente de la actividad econ\u00f3mica\u201d. <\/strong>Adem\u00e1s, remarc\u00f3 que el proyecto no afectar\u00eda \u00fanicamente al agro. Su alcance podr\u00eda extenderse a la <strong>\u201cindustria, la miner\u00eda, la energ\u00eda, la infraestructura, el transporte<\/strong> y a cualquier actividad que utilice recursos naturales o intervenga sobre el territorio\u201d.<\/p>\n<div class=\"ln-banner-container --no-app --caja8_mob\">\n<div id=\"caja8_mob\" class=\"ln-banner\" data-slot-group=\"nota\" data-device=\"mobile\" data-subscription=\"true\" data-ad-unit-path=\"\/133919216\/campo_mobile\/Nota\/caja8_mob\" data-targeting='{\"sitio\":\"lanacion\",\"seccion\":\"nota\"}' data-without-hide=\"true\" data-size=\"[[300,250],[320,50],[300,450],[1,1],[320,100]]\" data-sizemap=\"[]\" data-prebid-enabled=\"true\"><\/div>\n<\/div>\n<p class=\"com-paragraph --s\">Por eso realiz\u00f3 un reclamo para que el <strong>Congreso revise integralmente la propuesta antes de avanzar con cualquier modificaci\u00f3n del C\u00f3digo Penal.<\/strong> \u201cLa defensa del ambiente debe ser compatible con la <strong>seguridad jur\u00eddica, el federalismo, el derecho de propiedad, la libertad de trabajo y el desarrollo productivo\u201d, <\/strong>afirm\u00f3.<\/p>\n<div data-tw=\"true\" style=\"display:contents\">\n<h2 class=\"font-primary font-w-bold text-subheading-lg text-left container-center-100 mb-8\"><span>El proyecto<\/span><\/h2>\n<\/div>\n<p class=\"com-paragraph --s\">La iniciativa impulsada por Terenzi propone crear un nuevo T\u00edtulo XIV del C\u00f3digo Penal denominado<strong> \u201cDelitos contra el ambiente\u201d,<\/strong> dentro del cual incorpora la figura del ecocidio.<\/p>\n<div class=\"ln-banner-container --no-app --caja9_mob\">\n<div id=\"caja9_mob\" class=\"ln-banner\" data-slot-group=\"nota\" data-device=\"mobile\" data-subscription=\"true\" data-ad-unit-path=\"\/133919216\/campo_mobile\/Nota\/caja9_mob\" data-targeting='{\"sitio\":\"lanacion\",\"seccion\":\"nota\"}' data-without-hide=\"true\" data-size=\"[[300,250],[320,50],[300,450],[1,1],[320,100]]\" data-sizemap=\"[]\" data-prebid-enabled=\"true\"><\/div>\n<\/div>\n<p class=\"com-paragraph --s\">El texto define ese delito como el <strong>da\u00f1o irreversible o especialmente grave provocado sobre el ambiente en violaci\u00f3n de normas de protecci\u00f3n ambiental.<\/strong> Prev\u00e9 penas de tres a 10 a\u00f1os de prisi\u00f3n para quienes ocasionen da\u00f1os \u201cespecialmente graves, extensos y duraderos\u201d sobre el ambiente, adem\u00e1s de multas econ\u00f3micas.<\/p>\n<p class=\"com-paragraph --s\">Cuando el da\u00f1o sea considerado irreversible, las penas aumentar\u00edan de cinco a 15 a\u00f1os de prisi\u00f3n. El proyecto tambi\u00e9n agrava las sanciones cuando el hecho provoca v\u00edctimas fatales. En esos casos establece penas de cinco a 25 a\u00f1os de prisi\u00f3n, mientras que si el resultado fuera la muerte de dos o m\u00e1s personas, el m\u00ednimo de la condena se elevar\u00eda a 10 a\u00f1os.<\/p>\n<p class=\"com-paragraph --s\">Asimismo, incorpora la responsabilidad penal de las empresas, que podr\u00edan afrontar multas de hasta cinco veces el beneficio obtenido, suspensi\u00f3n de actividades, p\u00e9rdida de beneficios estatales y restricciones para contratar con el Estado.<\/p>\n<p class=\"com-paragraph --s\">Otro aspecto que gener\u00f3 debate es que la iniciativa contempla tanto <strong>conductas dolosas como culposas,<\/strong> al establecer que el ecocidio tambi\u00e9n podr\u00e1 configurarse por \u201cimprudencia, negligencia, impericia o inobservancia de los deberes a su cargo\u201d, aunque con penas inferiores a las previstas para los casos intencionales.<\/p>\n<p class=\"com-paragraph --s\">En los fundamentos del proyecto, su autora sostiene que<strong> \u201cel C\u00f3digo Penal argentino no contempla delitos ambientales como categor\u00eda aut\u00f3noma\u201d<\/strong> y considera que la legislaci\u00f3n vigente <strong>resulta insuficiente<\/strong> frente a \u201cla creciente degradaci\u00f3n de los ecosistemas a escala global, regional y nacional\u201d. Seg\u00fan el texto, <strong>\u201cla sanci\u00f3n de este proyecto constituir\u00e1 un paso hist\u00f3rico en la evoluci\u00f3n del derecho penal argentino\u201d.<\/strong><\/p>\n<div data-fusion-lazy-id=\"f0fpQTDZ9Hvw1FA\"><\/div>\n<div class=\"ln-banner-container --no-app --caja5_mob\">\n<div id=\"caja5_mob\" class=\"ln-banner\" data-slot-group=\"nota\" data-device=\"mobile\" data-subscription=\"false\" data-ad-unit-path=\"\/133919216\/campo_mobile\/Nota\/caja5_mob\" data-targeting='{\"sitio\":\"lanacion\",\"seccion\":\"nota\"}' data-without-hide=\"true\" data-size='[[320,100],[300,250],[1,1],[\" fluid\"]]' data-sizemap=\"[]\" data-prebid-enabled=\"true\"><\/div>\n<\/div>\n<div data-fusion-lazy-id=\"f0f68JH1aHvw1CG\"><\/div>\n<div class=\"ln-banner-container --no-app --middle_3_dsk\">\n<div id=\"middle_3_dsk\" class=\"ln-banner\" data-slot-group=\"nota\" data-device=\"desktop\" data-subscription=\"true\" data-ad-unit-path=\"\/133919216\/campo_desktop\/Nota\/middle_3_dsk\" data-targeting='{\"sitio\":\"lanacion\",\"seccion\":\"nota\"}' data-without-hide=\"true\" data-size=\"[[1,1],[728,90],[640,360],[728,360]]\" data-sizemap=\"[]\" data-prebid-enabled=\"true\"><\/div>\n<\/div>\n<\/div>\n","protected":false},"excerpt":{"rendered":"<p>En medio de la fuerte preocupaci\u00f3n que gener\u00f3 en el sector agropecuario el proyecto de ley que propone incorporar la figura del ecocidio al C\u00f3digo Penal, Patricia Bullrich, jefa del bloque de senadores de La Libertad Avanza (LLA), intent\u00f3 llevar calma al campo y asegur\u00f3 que la iniciativa no ser\u00e1 tratada en el recinto. La [&hellip;]<\/p>\n","protected":false},"author":1,"featured_media":24492,"comment_status":"open","ping_status":"open","sticky":false,"template":"","format":"standard","meta":{"footnotes":""},"categories":[1],"tags":[],"class_list":["post-24491","post","type-post","status-publish","format-standard","has-post-thumbnail","hentry","category-uncategorized"],"_links":{"self":[{"href":"https:\/\/cliente1.publisher.highstack.com.ar\/index.php?rest_route=\/wp\/v2\/posts\/24491","targetHints":{"allow":["GET"]}}],"collection":[{"href":"https:\/\/cliente1.publisher.highstack.com.ar\/index.php?rest_route=\/wp\/v2\/posts"}],"about":[{"href":"https:\/\/cliente1.publisher.highstack.com.ar\/index.php?rest_route=\/wp\/v2\/types\/post"}],"author":[{"embeddable":true,"href":"https:\/\/cliente1.publisher.highstack.com.ar\/index.php?rest_route=\/wp\/v2\/users\/1"}],"replies":[{"embeddable":true,"href":"https:\/\/cliente1.publisher.highstack.com.ar\/index.php?rest_route=%2Fwp%2Fv2%2Fcomments&post=24491"}],"version-history":[{"count":0,"href":"https:\/\/cliente1.publisher.highstack.com.ar\/index.php?rest_route=\/wp\/v2\/posts\/24491\/revisions"}],"wp:featuredmedia":[{"embeddable":true,"href":"https:\/\/cliente1.publisher.highstack.com.ar\/index.php?rest_route=\/wp\/v2\/media\/24492"}],"wp:attachment":[{"href":"https:\/\/cliente1.publisher.highstack.com.ar\/index.php?rest_route=%2Fwp%2Fv2%2Fmedia&parent=24491"}],"wp:term":[{"taxonomy":"category","embeddable":true,"href":"https:\/\/cliente1.publisher.highstack.com.ar\/index.php?rest_route=%2Fwp%2Fv2%2Fcategories&post=24491"},{"taxonomy":"post_tag","embeddable":true,"href":"https:\/\/cliente1.publisher.highstack.com.ar\/index.php?rest_route=%2Fwp%2Fv2%2Ftags&post=24491"}],"curies":[{"name":"wp","href":"https:\/\/api.w.org\/{rel}","templated":true}]}}