{"id":24485,"date":"2026-08-31T20:19:42","date_gmt":"2026-08-31T23:19:42","guid":{"rendered":"https:\/\/cliente1.publisher.highstack.com.ar\/?p=24485"},"modified":"2026-08-31T20:19:42","modified_gmt":"2026-08-31T23:19:42","slug":"bebe-sufrio-graves-lesiones-tras-ser-chocada-por-un-motociclista-haciendo-willy-en-corrientes","status":"publish","type":"post","link":"https:\/\/cliente1.publisher.highstack.com.ar\/?p=24485","title":{"rendered":"Beb\u00e9 sufri\u00f3 graves lesiones tras ser chocada por un motociclista haciendo &#8220;willy&#8221; en Corrientes"},"content":{"rendered":"<p><\/p>\n<div>\n<p>Una <b>beb\u00e9 sufri\u00f3 graves lesiones tras un siniestro vial en Esquina, Corrientes<\/b>, cuando la motocicleta en la que viajaba junto a sus padres fue embestida por otro rodado. Debido a las lesiones que presentaba, debi\u00f3 ser derivada a un centro de mayor complejidad y actualmente evoluciona favorablemente. <\/p>\n<p><!-- is a <br \/>--><\/p>\n<p>\u00a0<\/p>\n<p><!-- is a <br \/>--><\/p>\n<p>El hecho ocurri\u00f3 el s\u00e1bado 30 de agosto en la intersecci\u00f3n de avenida Emilio Hansen y calle Los Lirios. De acuerdo con la informaci\u00f3n conocida, <b>el conductor de otra motocicleta habr\u00eda realizado una maniobra peligrosa<\/b>, cruzado de carril e impactado contra el veh\u00edculo en el que circulaba la familia, public\u00f3 <i>Corrientes Hoy<\/i>.  <\/p>\n<p><!-- is a <br \/>--><\/p>\n<p><!-- is a object --><br \/>\n<!-- embed start --><!-- embed end --><br \/>\n<!-- end object --><\/p>\n<p>Como consecuencia del choque, la ni\u00f1a sufri\u00f3 las lesiones de mayor consideraci\u00f3n, mientras que las dem\u00e1s personas involucradas presentaron heridas leves. <\/p>\n<p><!-- is a <br \/>--><\/p>\n<p>\u00a0<\/p>\n<p><!-- is a <br \/>--><\/p>\n<p><!-- is a object --><\/p>\n<h2>La beb\u00e9 sufri\u00f3 un traumatismo de cr\u00e1neo<\/h2>\n<p><!-- end object --><\/p>\n<p>\u00a0<\/p>\n<p><!-- is a <br \/>--><\/p>\n<p>La directora del Hospital San Roque de Esquina, doctora Mar\u00eda Jos\u00e9 Pellegrini, inform\u00f3 que la peque\u00f1a ingres\u00f3 al establecimiento sanitario el mismo s\u00e1bado y recibi\u00f3 asistencia inmediata por parte del m\u00e9dico y el pediatra de guardia. <\/p>\n<p><!-- is a <br \/>--><\/p>\n<p>\u00a0<\/p>\n<p><!-- is a <br \/>--><\/p>\n<p>Los profesionales realizaron diferentes estudios, entre ellos una tomograf\u00eda y radiograf\u00edas. Los resultados permitieron detectar <b>cefalohematomas en las regiones parietal y occipital asociados a fracturas<\/b>, adem\u00e1s de im\u00e1genes compatibles con una posible lesi\u00f3n intracraneal. <\/p>\n<p><!-- is a <br \/>--><\/p>\n<blockquote class=\"instagram-media\" data-instgrm-captioned=\"\" data-instgrm-permalink=\"https:\/\/www.instagram.com\/reel\/DctnxYSguWi\/?utm_source=ig_embed&amp;utm_campaign=loading\" data-instgrm-version=\"14\" style=\" background:#FFF; border:0; border-radius:3px; box-shadow:0 0 1px 0 rgba(0,0,0,0.5),0 1px 10px 0 rgba(0,0,0,0.15); margin: 1px; max-width:540px; min-width:326px; padding:0; width:99.375%; width:-webkit-calc(100% - 2px); width:calc(100% - 2px);\"\/><p> <!-- is a <br \/>--><\/p>\n<p><!-- end code -->Ante la complejidad del cuadro y la necesidad de contar con atenci\u00f3n especializada, los m\u00e9dicos resolvieron trasladar a la paciente hacia un establecimiento de mayor complejidad. <\/p>\n<p><!-- is a <br \/>--><\/p>\n<p>\u00a0<\/p>\n<p><!-- is a <br \/>--><\/p>\n<p><!-- is a object --><\/p>\n<h2>Fue derivada a Corrientes Capital<\/h2>\n<p><!-- end object --><\/p>\n<p>\u00a0<\/p>\n<p><!-- is a <br \/>--><\/p>\n<p>En una primera instancia, la ni\u00f1a fue trasladada al Hospital de Ni\u00f1os \u201c\u00c1ngel de la Guarda\u201d de Goya. Posteriormente se decidi\u00f3 una nueva derivaci\u00f3n al Hospital Pedi\u00e1trico Juan Pablo II de la ciudad de Corrientes. <\/p>\n<p><!-- is a <br \/>--><\/p>\n<p><!-- is a object --><br \/>\n<!-- embed start --><!-- embed end --><br \/>\n<!-- end object --><\/p>\n<p>Desde el Hospital San Roque informaron que recibieron novedades sobre la evoluci\u00f3n de la paciente despu\u00e9s de los estudios realizados en la capital provincial. <\/p>\n<p><!-- is a <br \/>--><\/p>\n<p>\u00a0<\/p>\n<p><!-- is a <br \/>--><\/p>\n<p>Seg\u00fan la \u00faltima informaci\u00f3n, <b>la peque\u00f1a se encuentra estable, permanece internada en sala com\u00fan y evoluciona favorablemente<\/b>, aunque contin\u00faa bajo seguimiento m\u00e9dico. <\/p>\n<p><!-- is a <br \/>--><\/p>\n<p>\u00a0<\/p>\n<p><!-- is a <br \/>--><\/p>\n<p><!-- is a object --><\/p>\n<h2>Investigan las circunstancias del choque<\/h2>\n<p><!-- end object --><\/p>\n<p>\u00a0<\/p>\n<p><!-- is a <br \/>--><\/p>\n<p>El siniestro ocurri\u00f3 mientras la beb\u00e9 viajaba en una motocicleta junto a sus padres. La informaci\u00f3n difundida indica que otro motociclista habr\u00eda invadido el carril contrario antes de producirse el impacto. <\/p>\n<p><!-- is a <br \/>--><\/p>\n<p>\u00a0<\/p>\n<p><!-- is a <br \/>--><\/p>\n<p>Hasta el momento, la informaci\u00f3n proporcionada no precisa las circunstancias completas de la maniobra ni las responsabilidades en el hecho.<\/p>\n<\/p><\/div>\n<p><script async src=\"\/\/www.instagram.com\/embed.js\"><\/script><\/p>\n","protected":false},"excerpt":{"rendered":"<p>Una beb\u00e9 sufri\u00f3 graves lesiones tras un siniestro vial en Esquina, Corrientes, cuando la motocicleta en la que viajaba junto a sus padres fue embestida por otro rodado. Debido a las lesiones que presentaba, debi\u00f3 ser derivada a un centro de mayor complejidad y actualmente evoluciona favorablemente. \u00a0 El hecho ocurri\u00f3 el s\u00e1bado 30 de [&hellip;]<\/p>\n","protected":false},"author":1,"featured_media":24486,"comment_status":"open","ping_status":"open","sticky":false,"template":"","format":"standard","meta":{"footnotes":""},"categories":[1],"tags":[],"class_list":["post-24485","post","type-post","status-publish","format-standard","has-post-thumbnail","hentry","category-uncategorized"],"_links":{"self":[{"href":"https:\/\/cliente1.publisher.highstack.com.ar\/index.php?rest_route=\/wp\/v2\/posts\/24485","targetHints":{"allow":["GET"]}}],"collection":[{"href":"https:\/\/cliente1.publisher.highstack.com.ar\/index.php?rest_route=\/wp\/v2\/posts"}],"about":[{"href":"https:\/\/cliente1.publisher.highstack.com.ar\/index.php?rest_route=\/wp\/v2\/types\/post"}],"author":[{"embeddable":true,"href":"https:\/\/cliente1.publisher.highstack.com.ar\/index.php?rest_route=\/wp\/v2\/users\/1"}],"replies":[{"embeddable":true,"href":"https:\/\/cliente1.publisher.highstack.com.ar\/index.php?rest_route=%2Fwp%2Fv2%2Fcomments&post=24485"}],"version-history":[{"count":0,"href":"https:\/\/cliente1.publisher.highstack.com.ar\/index.php?rest_route=\/wp\/v2\/posts\/24485\/revisions"}],"wp:featuredmedia":[{"embeddable":true,"href":"https:\/\/cliente1.publisher.highstack.com.ar\/index.php?rest_route=\/wp\/v2\/media\/24486"}],"wp:attachment":[{"href":"https:\/\/cliente1.publisher.highstack.com.ar\/index.php?rest_route=%2Fwp%2Fv2%2Fmedia&parent=24485"}],"wp:term":[{"taxonomy":"category","embeddable":true,"href":"https:\/\/cliente1.publisher.highstack.com.ar\/index.php?rest_route=%2Fwp%2Fv2%2Fcategories&post=24485"},{"taxonomy":"post_tag","embeddable":true,"href":"https:\/\/cliente1.publisher.highstack.com.ar\/index.php?rest_route=%2Fwp%2Fv2%2Ftags&post=24485"}],"curies":[{"name":"wp","href":"https:\/\/api.w.org\/{rel}","templated":true}]}}