{"id":24483,"date":"2026-08-31T20:12:35","date_gmt":"2026-08-31T23:12:35","guid":{"rendered":"https:\/\/cliente1.publisher.highstack.com.ar\/?p=24483"},"modified":"2026-08-31T20:12:35","modified_gmt":"2026-08-31T23:12:35","slug":"en-santa-cruz-convocan-a-controlar-la-tucura-sapo-para-evitar-su-expansion","status":"publish","type":"post","link":"https:\/\/cliente1.publisher.highstack.com.ar\/?p=24483","title":{"rendered":"En Santa Cruz convocan a controlar la tucura sapo para evitar su expansi\u00f3n"},"content":{"rendered":"<div class=\"col-12\">\n<div data-tw=\"true\" style=\"display:contents\">\n<div role=\"none\"><\/div>\n<\/div>\n<p class=\"com-paragraph --capital --s\">EL CALAFATE.- Debido a que <strong>los huevos de tucura sapo <\/strong>que permanecieron bajo tierra durante el invierno eclosionar\u00e1n en las pr\u00f3ximas semanas, desde el Consejo Agrario Provincial, CAP, solicitaron a los productores detectar y comunicar la presencia de ejemplares para evitar que se convierta en una plaga voraz.<\/p>\n<div class=\"ln-banner-container --no-app --caja1_mob\">\n<div id=\"caja1_mob\" class=\"ln-banner\" data-slot-group=\"nota\" data-device=\"mobile\" data-subscription=\"false\" data-ad-unit-path=\"\/133919216\/campo_mobile\/Nota\/caja1_mob\" data-targeting='{\"sitio\":\"lanacion\",\"seccion\":\"nota\"}' data-without-hide=\"true\" data-size=\"[[320,100],[300,250],[1,1],[300,450],[320,450]]\" data-sizemap=\"[]\" data-prebid-enabled=\"true\"><\/div>\n<\/div>\n<p class=\"com-paragraph --s\">De este modo, el<strong> Cap junto con la Comisi\u00f3n Provincial de Sanidad Animal (Coprosa), el Servicio Nacional de Sanidad y Calidad Agroalimentaria (Senasa), el Instituto Nacional de Tecnolog\u00eda Agropecuaria (Inta) y la Federaci\u00f3n de Instituciones Agropecuarias de Santa Cruz (FIAS) <\/strong>convocaron a los productores a intensificar los recorridos de campo para detectar y comunicar a tiempo la presencia de tucura sapo.<\/p>\n<div class=\"ln-banner-container --no-app --middle_1_dsk\">\n<div id=\"middle_1_dsk\" class=\"ln-banner\" data-slot-group=\"nota\" data-device=\"desktop\" data-subscription=\"true\" data-ad-unit-path=\"\/133919216\/campo_desktop\/Nota\/middle_1_dsk\" data-targeting='{\"sitio\":\"lanacion\",\"seccion\":\"nota\"}' data-without-hide=\"true\" data-size=\"[[1,1],[640,360],[640,480],[728,90]]\" data-sizemap=\"[]\" data-prebid-enabled=\"true\"><\/div>\n<\/div>\n<p class=\"com-paragraph --s\">Con el aumento de las temperaturas, en las pr\u00f3ximas semanas comenzar\u00e1 una nueva etapa del ciclo de la plaga: <strong>los primeros ejemplares atravesar\u00e1n sus estadios iniciales de desarrollo hasta llegar<\/strong>, de forma progresiva, a la etapa adulta. Seg\u00fan explicaron desde el organismo, ese per\u00edodo es la principal ventana para detectar los focos y actuar a tiempo, antes de que los insectos alcancen la etapa de vuelo y dispersi\u00f3n, cuando el control se vuelve m\u00e1s complejo.<\/p>\n<p class=\"com-paragraph --s\">La convocatoria a los productores surgi\u00f3 de una reuni\u00f3n que el CAP encabez\u00f3 con la Coprosa para avanzar en distintos temas de sanidad animal en la provincia, entre ellos la situaci\u00f3n de la tucura sapo. <strong>La intenci\u00f3n es anticiparse a la aparici\u00f3n de nuevos focos<\/strong>, por lo cual se acord\u00f3 reforzar las acciones de monitoreo y alerta temprana.<\/p>\n<div class=\"ln-banner-container --no-app --caja2_mob\">\n<div id=\"caja2_mob\" class=\"ln-banner\" data-slot-group=\"nota\" data-device=\"mobile\" data-subscription=\"true\" data-ad-unit-path=\"\/133919216\/campo_mobile\/Nota\/caja2_mob\" data-targeting='{\"sitio\":\"lanacion\",\"seccion\":\"nota\"}' data-without-hide=\"true\" data-size=\"[[320,100],[300,250],[300,450],[1,1],[360,270],[320,180]]\" data-sizemap=\"[]\" data-prebid-enabled=\"true\"><\/div>\n<\/div>\n<p class=\"com-paragraph --s\">Desde el organismo pidieron a los productores intensificar desde ahora las recorridas, en particular en los sectores donde se haya registrado presencia de tucuras en temporadas anteriores, y prestar atenci\u00f3n a la aparici\u00f3n de ejemplares sobre el suelo y a posibles concentraciones, dado que en los primeros estadios la plaga permanece m\u00e1s localizada y resulta m\u00e1s f\u00e1cil de intervenir.<\/p>\n<div class=\"ln-banner-container --no-app --middle_2_dsk\">\n<div id=\"middle_2_dsk\" class=\"ln-banner\" data-slot-group=\"nota\" data-device=\"desktop\" data-subscription=\"true\" data-ad-unit-path=\"\/133919216\/campo_desktop\/Nota\/middle_2_dsk\" data-targeting='{\"sitio\":\"lanacion\",\"seccion\":\"nota\"}' data-without-hide=\"true\" data-size=\"[[1,1],[728,90]]\" data-sizemap=\"[]\" data-prebid-enabled=\"true\"><\/div>\n<\/div>\n<p class=\"com-paragraph --s\">A trav\u00e9s de un comunicado de prensa, el CAP record\u00f3 adem\u00e1s que <strong>cualquier intervenci\u00f3n con productos fitosanitarios debe realizarse bajo supervisi\u00f3n t\u00e9cnica y conforme a la normativa vigente, con productos autorizados y respetando las indicaciones profesionales correspondientes<\/strong>.<\/p>\n<div class=\"ln-banner-container --no-app --caja3_mob\">\n<div id=\"caja3_mob\" class=\"ln-banner\" data-slot-group=\"nota\" data-device=\"mobile\" data-subscription=\"false\" data-ad-unit-path=\"\/133919216\/campo_mobile\/Nota\/caja3_mob\" data-targeting='{\"sitio\":\"lanacion\",\"seccion\":\"nota\"}' data-without-hide=\"true\" data-size=\"[[320,100],[300,250],[1,1],[300,450],[360,270]]\" data-sizemap=\"[]\" data-prebid-enabled=\"true\"><\/div>\n<\/div>\n<div class=\"ln-banner-container --no-app --middle_2_tab\">\n<div id=\"middle_2_tab\" class=\"ln-banner\" data-slot-group=\"nota\" data-device=\"tablet\" data-subscription=\"false\" data-ad-unit-path=\"\/133919216\/campo_tablet\/Nota\/middle_2_tab\" data-targeting='{\"sitio\":\"lanacion\",\"seccion\":\"nota\"}' data-without-hide=\"true\" data-size=\"[[728,90],[640,480],[468,60],[1,1]]\" data-sizemap=\"[]\" data-prebid-enabled=\"true\"><\/div>\n<\/div>\n<p class=\"com-paragraph --s\">La tucura sapo es un <strong>insecto herb\u00edvoro end\u00e9mico de la Patagonia que se alimenta de distintas especies vegetales y afecta pastizales naturales, cultivos y especies forrajeras<\/strong>. Si bien la plaga no representa un riesgo para las personas ni los animales, s\u00ed genera un fuerte impacto en la producci\u00f3n ganadera y forrajera, su presencia reduce la disponibilidad de alimento para el ganado y repercute en la producci\u00f3n, en particular en los establecimientos donde la disponibilidad de pasto ya se encuentra condicionada.<\/p>\n<p class=\"com-paragraph --s\">\u201cSe solicita intensificar los recorridos, prestar atenci\u00f3n a los primeros indicios y comunicar cualquier hallazgo de inmediato. <strong>Actuar a tiempo permitir\u00e1 contener los focos y reducir el impacto de la plaga sobre la producci\u00f3n ganadera de Santa Cruz<\/strong>\u201d, sostuvieron desde el Consejo Agrario Provincial. <\/p>\n<p class=\"com-paragraph --s\">A finales de octubre del a\u00f1o pasado, el Senasa dispuso ela alerta fitosanitaria preventiva para las provincias de R\u00edo Negro, Chubut y Santa Cruz ante la detecci\u00f3n de nacimientos de tucura sapo (Bufonacris claraziana), en el marco de los monitoreos realizados por los organismos t\u00e9cnicos en la regi\u00f3n. La alerta fue publicada en el Bolet\u00edn Oficial; varios campos del noroeste santacruce\u00f1o sufrieron fuertes da\u00f1os por la plaga. <\/p>\n<div data-fusion-lazy-id=\"f0fpQTDZ9Hvw1FA\"><\/div>\n<div class=\"ln-banner-container --no-app --caja5_mob\">\n<div id=\"caja5_mob\" class=\"ln-banner\" data-slot-group=\"nota\" data-device=\"mobile\" data-subscription=\"false\" data-ad-unit-path=\"\/133919216\/campo_mobile\/Nota\/caja5_mob\" data-targeting='{\"sitio\":\"lanacion\",\"seccion\":\"nota\"}' data-without-hide=\"true\" data-size='[[320,100],[300,250],[1,1],[\" fluid\"]]' data-sizemap=\"[]\" data-prebid-enabled=\"true\"><\/div>\n<\/div>\n<div data-fusion-lazy-id=\"f0f68JH1aHvw1CG\"><\/div>\n<div class=\"ln-banner-container --no-app --middle_3_dsk\">\n<div id=\"middle_3_dsk\" class=\"ln-banner\" data-slot-group=\"nota\" data-device=\"desktop\" data-subscription=\"true\" data-ad-unit-path=\"\/133919216\/campo_desktop\/Nota\/middle_3_dsk\" data-targeting='{\"sitio\":\"lanacion\",\"seccion\":\"nota\"}' data-without-hide=\"true\" data-size=\"[[1,1],[728,90],[640,360],[728,360]]\" data-sizemap=\"[]\" data-prebid-enabled=\"true\"><\/div>\n<\/div>\n<\/div>\n","protected":false},"excerpt":{"rendered":"<p>EL CALAFATE.- Debido a que los huevos de tucura sapo que permanecieron bajo tierra durante el invierno eclosionar\u00e1n en las pr\u00f3ximas semanas, desde el Consejo Agrario Provincial, CAP, solicitaron a los productores detectar y comunicar la presencia de ejemplares para evitar que se convierta en una plaga voraz. De este modo, el Cap junto con [&hellip;]<\/p>\n","protected":false},"author":1,"featured_media":24484,"comment_status":"open","ping_status":"open","sticky":false,"template":"","format":"standard","meta":{"footnotes":""},"categories":[1],"tags":[],"class_list":["post-24483","post","type-post","status-publish","format-standard","has-post-thumbnail","hentry","category-uncategorized"],"_links":{"self":[{"href":"https:\/\/cliente1.publisher.highstack.com.ar\/index.php?rest_route=\/wp\/v2\/posts\/24483","targetHints":{"allow":["GET"]}}],"collection":[{"href":"https:\/\/cliente1.publisher.highstack.com.ar\/index.php?rest_route=\/wp\/v2\/posts"}],"about":[{"href":"https:\/\/cliente1.publisher.highstack.com.ar\/index.php?rest_route=\/wp\/v2\/types\/post"}],"author":[{"embeddable":true,"href":"https:\/\/cliente1.publisher.highstack.com.ar\/index.php?rest_route=\/wp\/v2\/users\/1"}],"replies":[{"embeddable":true,"href":"https:\/\/cliente1.publisher.highstack.com.ar\/index.php?rest_route=%2Fwp%2Fv2%2Fcomments&post=24483"}],"version-history":[{"count":0,"href":"https:\/\/cliente1.publisher.highstack.com.ar\/index.php?rest_route=\/wp\/v2\/posts\/24483\/revisions"}],"wp:featuredmedia":[{"embeddable":true,"href":"https:\/\/cliente1.publisher.highstack.com.ar\/index.php?rest_route=\/wp\/v2\/media\/24484"}],"wp:attachment":[{"href":"https:\/\/cliente1.publisher.highstack.com.ar\/index.php?rest_route=%2Fwp%2Fv2%2Fmedia&parent=24483"}],"wp:term":[{"taxonomy":"category","embeddable":true,"href":"https:\/\/cliente1.publisher.highstack.com.ar\/index.php?rest_route=%2Fwp%2Fv2%2Fcategories&post=24483"},{"taxonomy":"post_tag","embeddable":true,"href":"https:\/\/cliente1.publisher.highstack.com.ar\/index.php?rest_route=%2Fwp%2Fv2%2Ftags&post=24483"}],"curies":[{"name":"wp","href":"https:\/\/api.w.org\/{rel}","templated":true}]}}