{"id":24481,"date":"2026-08-31T19:42:03","date_gmt":"2026-08-31T22:42:03","guid":{"rendered":"https:\/\/cliente1.publisher.highstack.com.ar\/?p=24481"},"modified":"2026-08-31T19:42:03","modified_gmt":"2026-08-31T22:42:03","slug":"futbolista-de-18-anos-se-descompenso-durante-un-partido-en-concordia-y-esta-en-terapia-intensiva","status":"publish","type":"post","link":"https:\/\/cliente1.publisher.highstack.com.ar\/?p=24481","title":{"rendered":"Futbolista de 18 a\u00f1os se descompens\u00f3 durante un partido en Concordia y est\u00e1 en terapia intensiva"},"content":{"rendered":"<p><\/p>\n<div>\n<p>Un <b>futbolista de 18 a\u00f1os se descompens\u00f3 durante un partido en Concordia<\/b> y permanece internado en la Unidad de Terapia Intensiva del hospital Delicia Concepci\u00f3n Masvernat. Se trata de Gabriel Carrera, jugador de Constituci\u00f3n, quien se desplom\u00f3 durante el encuentro de Primera Divisi\u00f3n frente a La Bianca.  <\/p>\n<p><!-- is a <br \/>--><\/p>\n<p>\u00a0<\/p>\n<p><!-- is a <br \/>--><\/p>\n<p>El episodio ocurri\u00f3 este domingo, durante la tercera fecha del Torneo Clausura de la Copa Centenario de la Liga Concordiense de F\u00fatbol. Seg\u00fan inform\u00f3 <i>El Entre R\u00edos<\/i>, minutos antes de la descompensaci\u00f3n, Carrera hab\u00eda sufrido un golpe en la cabeza durante una jugada.  <\/p>\n<p><!-- is a <br \/>--><\/p>\n<p><!-- is a object --><br \/>\n<!-- embed start --><!-- embed end --><br \/>\n<!-- end object --><\/p>\n<p>En esa oportunidad, el \u00e1rbitro detuvo el encuentro y el futbolista sali\u00f3 del campo para ser atendido. De acuerdo con la informaci\u00f3n difundida, el joven manifest\u00f3 que pod\u00eda continuar jugando y regres\u00f3 al partido.  <\/p>\n<p><!-- is a <br \/>--><\/p>\n<p>\u00a0<\/p>\n<p><!-- is a <br \/>--><\/p>\n<p><!-- is a object --><\/p>\n<h2>Se desvaneci\u00f3 minutos despu\u00e9s<\/h2>\n<p><!-- end object --><\/p>\n<p>\u00a0<\/p>\n<p><!-- is a <br \/>--><\/p>\n<p>Unos cinco minutos despu\u00e9s, mientras participaba de un contraataque de Constituci\u00f3n, Carrera se desvaneci\u00f3 en el campo de juego y comenz\u00f3 a convulsionar.  <\/p>\n<p><!-- is a <br \/>--><\/p>\n<p><!-- is a object --><br \/>\n<!-- embed start --><!-- embed end --><br \/>\n<!-- end object --><\/p>\n<p>La situaci\u00f3n gener\u00f3 momentos de preocupaci\u00f3n entre jugadores y personas que se encontraban en el lugar. Seg\u00fan la informaci\u00f3n publicada, la ambulancia pudo ingresar al terreno de juego unos cinco minutos despu\u00e9s.  <\/p>\n<p><!-- is a <br \/>--><\/p>\n<p>\u00a0<\/p>\n<p><!-- is a <br \/>--><\/p>\n<p>El joven recibi\u00f3 maniobras de reanimaci\u00f3n antes de ser trasladado de urgencia al hospital Delicia Concepci\u00f3n Masvernat de Concordia, donde posteriormente qued\u00f3 alojado en Terapia Intensiva.  <\/p>\n<p><!-- is a <br \/>--><\/p>\n<p>\u00a0<\/p>\n<p><!-- is a <br \/>--><\/p>\n<p><!-- is a object --><\/p>\n<h2>El parte m\u00e9dico sobre Gabriel Carrera<\/h2>\n<p><!-- end object --><\/p>\n<p>\u00a0<\/p>\n<p><!-- is a <br \/>--><\/p>\n<p>Horas despu\u00e9s del episodio se conoci\u00f3 un informe m\u00e9dico sobre el estado de salud del futbolista, que contin\u00faa bajo cuidados intensivos.  <\/p>\n<p><!-- is a <br \/>--><\/p>\n<p>\u00a0<\/p>\n<p><!-- is a <br \/>--><\/p>\n<p>Seg\u00fan el \u00faltimo parte difundido, el joven <b>\u201cpermanece internado en la Unidad de Terapia Intensiva, en estado cr\u00edtico, con asistencia respiratoria mec\u00e1nica\u201d<\/b>.  <\/p>\n<p><!-- is a <br \/>--><\/p>\n<p><!-- is a object --><br \/>\n<!-- embed start --><!-- embed end --><br \/>\n<!-- end object --><\/p>\n<p>Los profesionales agregaron que <b>\u201cactualmente se encuentra bajo monitoreo y tratamiento m\u00e9dico permanente. Su pron\u00f3stico es reservado, sujeto a la evoluci\u00f3n cl\u00ednica y a la respuesta al tratamiento\u201d<\/b>.  <\/p>\n<p><!-- is a <br \/>--><\/p>\n<p>\u00a0<\/p>\n<p><!-- is a <br \/>--><\/p>\n<p><!-- is a object --><\/p>\n<h2>Piden por la recuperaci\u00f3n del joven<\/h2>\n<p><!-- end object --><\/p>\n<p>\u00a0<\/p>\n<p><!-- is a <br \/>--><\/p>\n<p>Hasta el momento no se inform\u00f3 oficialmente cu\u00e1l fue la causa de la descompensaci\u00f3n ni si existe una relaci\u00f3n m\u00e9dica confirmada con el golpe que Carrera hab\u00eda recibido minutos antes durante el encuentro.  <\/p>\n<p><!-- is a <br \/>--><\/p>\n<p>\u00a0<\/p>\n<p><!-- is a <br \/>--><\/p>\n<p>La noticia provoc\u00f3 preocupaci\u00f3n en el \u00e1mbito del f\u00fatbol concordiense. Familiares, amigos, compa\u00f1eros e hinchas de diferentes instituciones deportivas comenzaron a expresar mensajes de acompa\u00f1amiento.  <\/p>\n<p><!-- is a <br \/>--><\/p>\n<p>\u00a0<\/p>\n<p><!-- is a <br \/>--><\/p>\n<p>Adem\u00e1s, allegados al joven pidieron oraciones por su recuperaci\u00f3n mientras permanece internado en estado cr\u00edtico en el hospital Masvernat.<\/p>\n<\/p><\/div>\n","protected":false},"excerpt":{"rendered":"<p>Un futbolista de 18 a\u00f1os se descompens\u00f3 durante un partido en Concordia y permanece internado en la Unidad de Terapia Intensiva del hospital Delicia Concepci\u00f3n Masvernat. Se trata de Gabriel Carrera, jugador de Constituci\u00f3n, quien se desplom\u00f3 durante el encuentro de Primera Divisi\u00f3n frente a La Bianca. \u00a0 El episodio ocurri\u00f3 este domingo, durante la [&hellip;]<\/p>\n","protected":false},"author":1,"featured_media":24482,"comment_status":"open","ping_status":"open","sticky":false,"template":"","format":"standard","meta":{"footnotes":""},"categories":[1],"tags":[],"class_list":["post-24481","post","type-post","status-publish","format-standard","has-post-thumbnail","hentry","category-uncategorized"],"_links":{"self":[{"href":"https:\/\/cliente1.publisher.highstack.com.ar\/index.php?rest_route=\/wp\/v2\/posts\/24481","targetHints":{"allow":["GET"]}}],"collection":[{"href":"https:\/\/cliente1.publisher.highstack.com.ar\/index.php?rest_route=\/wp\/v2\/posts"}],"about":[{"href":"https:\/\/cliente1.publisher.highstack.com.ar\/index.php?rest_route=\/wp\/v2\/types\/post"}],"author":[{"embeddable":true,"href":"https:\/\/cliente1.publisher.highstack.com.ar\/index.php?rest_route=\/wp\/v2\/users\/1"}],"replies":[{"embeddable":true,"href":"https:\/\/cliente1.publisher.highstack.com.ar\/index.php?rest_route=%2Fwp%2Fv2%2Fcomments&post=24481"}],"version-history":[{"count":0,"href":"https:\/\/cliente1.publisher.highstack.com.ar\/index.php?rest_route=\/wp\/v2\/posts\/24481\/revisions"}],"wp:featuredmedia":[{"embeddable":true,"href":"https:\/\/cliente1.publisher.highstack.com.ar\/index.php?rest_route=\/wp\/v2\/media\/24482"}],"wp:attachment":[{"href":"https:\/\/cliente1.publisher.highstack.com.ar\/index.php?rest_route=%2Fwp%2Fv2%2Fmedia&parent=24481"}],"wp:term":[{"taxonomy":"category","embeddable":true,"href":"https:\/\/cliente1.publisher.highstack.com.ar\/index.php?rest_route=%2Fwp%2Fv2%2Fcategories&post=24481"},{"taxonomy":"post_tag","embeddable":true,"href":"https:\/\/cliente1.publisher.highstack.com.ar\/index.php?rest_route=%2Fwp%2Fv2%2Ftags&post=24481"}],"curies":[{"name":"wp","href":"https:\/\/api.w.org\/{rel}","templated":true}]}}