{"id":24469,"date":"2026-08-31T18:24:33","date_gmt":"2026-08-31T21:24:33","guid":{"rendered":"https:\/\/cliente1.publisher.highstack.com.ar\/?p=24469"},"modified":"2026-08-31T18:24:33","modified_gmt":"2026-08-31T21:24:33","slug":"transitoriamente-granja-tres-arroyos-paralizo-tres-plantas-de-faena-de-pollos-y-se-profundiza-su-crisis","status":"publish","type":"post","link":"https:\/\/cliente1.publisher.highstack.com.ar\/?p=24469","title":{"rendered":"\u201cTransitoriamente\u201d: Granja Tres Arroyos paraliz\u00f3 tres plantas de faena de pollos y se profundiza su crisis"},"content":{"rendered":"<div class=\"col-12\">\n<div data-tw=\"true\" style=\"display:contents\">\n<div role=\"none\"><\/div>\n<\/div>\n<p class=\"com-paragraph --capital --s text-left\">La <strong>grave crisis que atraviesa Granja Tres Arroyos (GTA) ya afecta de manera directa la actividad de cuatro de sus plantas de faena<\/strong>. La empresa confirm\u00f3 a <strong>LA NACION<\/strong> que <strong>paraliz\u00f3 \u201ctransitoriamente\u201d las operaciones en Pilar, Capit\u00e1n Sarmiento y Esteban Echeverr\u00eda<\/strong>, donde los trabajadores cumplieron su \u00faltima jornada el viernes pasado. A esos establecimientos se suma la planta \u201cLa China\u201d, en <strong>Concepci\u00f3n del Uruguay, Entre R\u00edos, que dej\u00f3 de faenar hace unos tres meses<\/strong>.<\/p>\n<div class=\"ln-banner-container --no-app --caja1_mob\">\n<div id=\"caja1_mob\" class=\"ln-banner\" data-slot-group=\"nota\" data-device=\"mobile\" data-subscription=\"false\" data-ad-unit-path=\"\/133919216\/campo_mobile\/Nota\/caja1_mob\" data-targeting='{\"sitio\":\"lanacion\",\"seccion\":\"nota\"}' data-without-hide=\"true\" data-size=\"[[320,100],[300,250],[1,1],[300,450],[320,450]]\" data-sizemap=\"[]\" data-prebid-enabled=\"true\"><\/div>\n<\/div>\n<p class=\"com-paragraph --s\"><strong>El alcance laboral de la paralizaci\u00f3n todav\u00eda no pudo ser determinado con precisi\u00f3n<\/strong>, ya que por el momento no existe un c\u00e1lculo consolidado de la cantidad de trabajadores afectados en los distintos establecimientos. Sin embargo, el freno comprende <strong>cuatro plantas de faena de la compa\u00f1\u00eda en Buenos Aires y Entre R\u00edos<\/strong>, en medio de la delicada situaci\u00f3n financiera y operativa que atraviesa el grupo.<\/p>\n<div class=\"ln-banner-container --no-app --middle_1_dsk\">\n<div id=\"middle_1_dsk\" class=\"ln-banner\" data-slot-group=\"nota\" data-device=\"desktop\" data-subscription=\"true\" data-ad-unit-path=\"\/133919216\/campo_desktop\/Nota\/middle_1_dsk\" data-targeting='{\"sitio\":\"lanacion\",\"seccion\":\"nota\"}' data-without-hide=\"true\" data-size=\"[[1,1],[640,360],[640,480],[728,90]]\" data-sizemap=\"[]\" data-prebid-enabled=\"true\"><\/div>\n<\/div>\n<p class=\"com-paragraph --s\">En <strong>Capit\u00e1n Sarmiento<\/strong>, la empresa comunic\u00f3 formalmente al personal la <strong>\u201csuspensi\u00f3n temporal de tareas operativas\u201d<\/strong> desde el <strong>31 de agosto<\/strong> y hasta nuevo aviso. Seg\u00fan el documento interno, la decisi\u00f3n respondi\u00f3 a \u201c<strong>la falta de suministro el\u00e9ctrico y a otras cuestiones operativas y productivas derivadas de circunstancias de fuerza mayor y de p\u00fablico conocimiento que afectan el normal desarrollo de la actividad<\/strong>\u201d.<\/p>\n<p class=\"com-paragraph --s\">El comunicado indic\u00f3 adem\u00e1s que <strong>los trabajadores no deben concurrir a sus puestos, excepto aquellos que sean convocados expresamente<\/strong> por sus encargados o supervisores. <\/p>\n<div class=\"ln-banner-container --no-app --caja2_mob\">\n<div id=\"caja2_mob\" class=\"ln-banner\" data-slot-group=\"nota\" data-device=\"mobile\" data-subscription=\"true\" data-ad-unit-path=\"\/133919216\/campo_mobile\/Nota\/caja2_mob\" data-targeting='{\"sitio\":\"lanacion\",\"seccion\":\"nota\"}' data-without-hide=\"true\" data-size=\"[[320,100],[300,250],[300,450],[1,1],[360,270],[320,180]]\" data-sizemap=\"[]\" data-prebid-enabled=\"true\"><\/div>\n<\/div>\n<div class=\"content-media\">\n<section role=\"button\" class=\"mod-media   \">\n<figure role=\"button\" tabindex=\"0\" class=\"mod-figure \">\n<div class=\"placeholder \">\n<div class=\"com-image\"><picture><source media=\"(min-width: 768px)\" srcset=\"https:\/\/www.lanacion.com.ar\/resizer\/v2\/la-planta-de-granja-tres-arroyos-en-concepcion-35J4ONDS7ZESXFQK45IBTQHV6Y.jpeg?auth=173c8139c57d171719019dcad42013c05e47a842bc35238efdf1ea02507485f3&amp;width=780&amp;height=588&amp;quality=70&amp;smart=true\"><\/source><img class=\"image com-image flex --cover\" decoding=\"async\" fetchpriority=\"low\" loading=\"lazy\" src=\"https:\/\/www.lanacion.com.ar\/resizer\/v2\/la-planta-de-granja-tres-arroyos-en-concepcion-35J4ONDS7ZESXFQK45IBTQHV6Y.jpeg?auth=173c8139c57d171719019dcad42013c05e47a842bc35238efdf1ea02507485f3&amp;width=420&amp;height=317&amp;quality=70&amp;smart=true\" width=\"995\" alt=\"La planta de Granja Tres Arroyos en Concepci\u00f3n del Uruguay fue paralizada meses atr\u00e1s\" height=\"750\"><\/picture><\/div>\n<\/div><figcaption class=\"mod-figcaption\"><span class=\"com-text --caption --twoxs\">La planta de Granja Tres Arroyos en Concepci\u00f3n del Uruguay fue paralizada meses atr\u00e1s<\/span><span class=\"com-text --credit --twoxs\">Gentileza<\/span><\/figcaption><\/figure>\n<\/section>\n<\/div>\n<div class=\"ln-banner-container --no-app --middle_2_dsk\">\n<div id=\"middle_2_dsk\" class=\"ln-banner\" data-slot-group=\"nota\" data-device=\"desktop\" data-subscription=\"true\" data-ad-unit-path=\"\/133919216\/campo_desktop\/Nota\/middle_2_dsk\" data-targeting='{\"sitio\":\"lanacion\",\"seccion\":\"nota\"}' data-without-hide=\"true\" data-size=\"[[1,1],[728,90]]\" data-sizemap=\"[]\" data-prebid-enabled=\"true\"><\/div>\n<\/div>\n<p class=\"com-paragraph --s\">El Grupo aclar\u00f3 que mantiene todav\u00eda <strong>2500 trabajadores operativos en plantas de incubaci\u00f3n, de alimento balanceado, granjas, prefritos, sub productos, fiambres<\/strong>.<\/p>\n<div class=\"ln-banner-container --no-app --caja3_mob\">\n<div id=\"caja3_mob\" class=\"ln-banner\" data-slot-group=\"nota\" data-device=\"mobile\" data-subscription=\"false\" data-ad-unit-path=\"\/133919216\/campo_mobile\/Nota\/caja3_mob\" data-targeting='{\"sitio\":\"lanacion\",\"seccion\":\"nota\"}' data-without-hide=\"true\" data-size=\"[[320,100],[300,250],[1,1],[300,450],[360,270]]\" data-sizemap=\"[]\" data-prebid-enabled=\"true\"><\/div>\n<\/div>\n<div class=\"ln-banner-container --no-app --middle_2_tab\">\n<div id=\"middle_2_tab\" class=\"ln-banner\" data-slot-group=\"nota\" data-device=\"tablet\" data-subscription=\"false\" data-ad-unit-path=\"\/133919216\/campo_tablet\/Nota\/middle_2_tab\" data-targeting='{\"sitio\":\"lanacion\",\"seccion\":\"nota\"}' data-without-hide=\"true\" data-size=\"[[728,90],[640,480],[468,60],[1,1]]\" data-sizemap=\"[]\" data-prebid-enabled=\"true\"><\/div>\n<\/div>\n<p class=\"com-paragraph --s\">La planta de Concepci\u00f3n del Uruguay contaba con <strong>m\u00e1s de 700 trabajadores<\/strong> y, a comienzos de agosto, la compa\u00f1\u00eda avanz\u00f3 con el despido de <strong>255 empleados<\/strong>. En <strong>Pilar<\/strong>, donde funciona <strong>la planta Pinazo, <\/strong>las suspensiones dispuestas durante agosto hab\u00edan alcanzado a <strong>unos 300 trabajadores<\/strong>. El nuevo<strong> parate comprende ahora adem\u00e1s al establecimiento Cahuane, en Capit\u00e1n Sarmiento<\/strong>, una de las hist\u00f3ricas plantas industriales de la compa\u00f1\u00eda, y a <strong>Wade 2, en Esteban Echeverr\u00eda<\/strong>, establecimiento que perteneci\u00f3 a <strong>Cresta Roja<\/strong> antes de quedar bajo la \u00f3rbita del <strong>Grupo GTA.<\/strong><\/p>\n<div data-fusion-lazy-id=\"f0fpQTDZ9Hvw1FA\"><\/div>\n<div class=\"ln-banner-container --no-app --caja5_mob\">\n<div id=\"caja5_mob\" class=\"ln-banner\" data-slot-group=\"nota\" data-device=\"mobile\" data-subscription=\"false\" data-ad-unit-path=\"\/133919216\/campo_mobile\/Nota\/caja5_mob\" data-targeting='{\"sitio\":\"lanacion\",\"seccion\":\"nota\"}' data-without-hide=\"true\" data-size='[[320,100],[300,250],[1,1],[\" fluid\"]]' data-sizemap=\"[]\" data-prebid-enabled=\"true\"><\/div>\n<\/div>\n<div data-fusion-lazy-id=\"f0f68JH1aHvw1CG\"><\/div>\n<div class=\"ln-banner-container --no-app --middle_3_dsk\">\n<div id=\"middle_3_dsk\" class=\"ln-banner\" data-slot-group=\"nota\" data-device=\"desktop\" data-subscription=\"true\" data-ad-unit-path=\"\/133919216\/campo_desktop\/Nota\/middle_3_dsk\" data-targeting='{\"sitio\":\"lanacion\",\"seccion\":\"nota\"}' data-without-hide=\"true\" data-size=\"[[1,1],[728,90],[640,360],[728,360]]\" data-sizemap=\"[]\" data-prebid-enabled=\"true\"><\/div>\n<\/div>\n<\/div>\n","protected":false},"excerpt":{"rendered":"<p>La grave crisis que atraviesa Granja Tres Arroyos (GTA) ya afecta de manera directa la actividad de cuatro de sus plantas de faena. La empresa confirm\u00f3 a LA NACION que paraliz\u00f3 \u201ctransitoriamente\u201d las operaciones en Pilar, Capit\u00e1n Sarmiento y Esteban Echeverr\u00eda, donde los trabajadores cumplieron su \u00faltima jornada el viernes pasado. A esos establecimientos se [&hellip;]<\/p>\n","protected":false},"author":1,"featured_media":24470,"comment_status":"open","ping_status":"open","sticky":false,"template":"","format":"standard","meta":{"footnotes":""},"categories":[1],"tags":[],"class_list":["post-24469","post","type-post","status-publish","format-standard","has-post-thumbnail","hentry","category-uncategorized"],"_links":{"self":[{"href":"https:\/\/cliente1.publisher.highstack.com.ar\/index.php?rest_route=\/wp\/v2\/posts\/24469","targetHints":{"allow":["GET"]}}],"collection":[{"href":"https:\/\/cliente1.publisher.highstack.com.ar\/index.php?rest_route=\/wp\/v2\/posts"}],"about":[{"href":"https:\/\/cliente1.publisher.highstack.com.ar\/index.php?rest_route=\/wp\/v2\/types\/post"}],"author":[{"embeddable":true,"href":"https:\/\/cliente1.publisher.highstack.com.ar\/index.php?rest_route=\/wp\/v2\/users\/1"}],"replies":[{"embeddable":true,"href":"https:\/\/cliente1.publisher.highstack.com.ar\/index.php?rest_route=%2Fwp%2Fv2%2Fcomments&post=24469"}],"version-history":[{"count":0,"href":"https:\/\/cliente1.publisher.highstack.com.ar\/index.php?rest_route=\/wp\/v2\/posts\/24469\/revisions"}],"wp:featuredmedia":[{"embeddable":true,"href":"https:\/\/cliente1.publisher.highstack.com.ar\/index.php?rest_route=\/wp\/v2\/media\/24470"}],"wp:attachment":[{"href":"https:\/\/cliente1.publisher.highstack.com.ar\/index.php?rest_route=%2Fwp%2Fv2%2Fmedia&parent=24469"}],"wp:term":[{"taxonomy":"category","embeddable":true,"href":"https:\/\/cliente1.publisher.highstack.com.ar\/index.php?rest_route=%2Fwp%2Fv2%2Fcategories&post=24469"},{"taxonomy":"post_tag","embeddable":true,"href":"https:\/\/cliente1.publisher.highstack.com.ar\/index.php?rest_route=%2Fwp%2Fv2%2Ftags&post=24469"}],"curies":[{"name":"wp","href":"https:\/\/api.w.org\/{rel}","templated":true}]}}