{"id":24466,"date":"2026-08-31T18:00:09","date_gmt":"2026-08-31T21:00:09","guid":{"rendered":"https:\/\/cliente1.publisher.highstack.com.ar\/?p=24466"},"modified":"2026-08-31T18:00:09","modified_gmt":"2026-08-31T21:00:09","slug":"la-paz-incorpora-la-pesca-adaptada-al-calendario-de-turismo-accesible-de-entre-rios","status":"publish","type":"post","link":"https:\/\/cliente1.publisher.highstack.com.ar\/?p=24466","title":{"rendered":"La Paz incorpora la pesca adaptada al calendario de turismo accesible de Entre R\u00edos"},"content":{"rendered":"<p>Entre R\u00edos sumar\u00e1 una nueva experiencia de turismo accesible a su calendario de eventos con la primera edici\u00f3n del Encuentro de Pesca Adaptada, que se realizar\u00e1 el mi\u00e9rcoles 9 de septiembre en el Parador Garibaldi de R\u00edo, en La Paz. La iniciativa fue presentada este lunes en Paran\u00e1 y declarada de Inter\u00e9s Tur\u00edstico por el Ente Mixto de Turismo de Entre R\u00edos (Emturer), mediante la Resoluci\u00f3n N\u00b0 89\/2026.<\/p>\n<p>&nbsp;<\/p>\n<p>La jornada propone llevar la accesibilidad al contacto con el r\u00edo y la naturaleza a trav\u00e9s de una experiencia de pesca dise\u00f1ada para personas con discapacidad. Para ello se dispondr\u00e1n rampas y 12 estaciones de pesca adaptadas, con grupos de hasta 10 participantes acompa\u00f1ados por un gu\u00eda de pesca y un terapeuta, adem\u00e1s de los elementos necesarios para desarrollar la actividad. Tambi\u00e9n habr\u00e1 paseos en lancha para grupos de hasta cinco personas, con las correspondientes medidas de seguridad, m\u00fasica y espect\u00e1culos en vivo.<\/p>\n<p>&nbsp;<\/p>\n<p>&#8220;M\u00e1s all\u00e1 de que en Turismo siempre damos lindas noticias, esta habla de integraci\u00f3n. Nos encanta presentar este tipo de iniciativas que abarcan a todos para disfrutar de nuestra provincia. Es un orgullo poder incorporar este evento al calendario de Entre R\u00edos. No tengo dudas de que ser\u00e1 un gran \u00e9xito&#8221;, destac\u00f3 el secretario Ejecutivo del Emturer, Sebasti\u00e1n Bel.<\/p>\n<p>&nbsp;<\/p>\n<p>Por su parte, la secretaria de Turismo, Cultura y Deporte de La Paz, Mar\u00eda Luz de Bernardo, remarc\u00f3 que la iniciativa trasciende la dimensi\u00f3n tur\u00edstica y deportiva. &#8220;Este evento habla de la sensibilizaci\u00f3n. Es un encuentro de pesca que acerca a todas las personas la posibilidad de practicar y disfrutar de la actividad desde la costa del r\u00edo y tambi\u00e9n a bordo de embarcaciones adaptadas&#8221;, se\u00f1al\u00f3.<\/p>\n<p>&nbsp;<\/p>\n<p>El impulsor del proyecto Pesca Adaptada, Facundo Testi, explic\u00f3 que la iniciativa naci\u00f3 hace ocho a\u00f1os a partir de una pregunta sobre las posibilidades de las personas con discapacidad de acceder a la pesca. Tras las experiencias realizadas en Santa Fe, con 242 participantes, y Paso de la Patria, Corrientes, con 105, La Paz ser\u00e1 la tercera sede del pa\u00eds y ya cuenta con m\u00e1s de 100 personas inscriptas. &#8220;Es el tercer encuentro que hacemos en Argentina, traccionando siempre entre lo p\u00fablico y lo privado. No tiene fines de lucro. Busca garantizar la posibilidad de que una persona con otra condici\u00f3n pueda disfrutar de la actividad, en este caso, de este maravilloso r\u00edo Paran\u00e1&#8221;, expres\u00f3.<\/p>\n<p>&nbsp;<\/p>\n<p>El titular del Instituto Provincial de Discapacidad (Iprodi), Diego Javier V\u00e9lez, destac\u00f3 que Entre R\u00edos ser\u00e1 la tercera provincia en recibir este encuentro y vincul\u00f3 la iniciativa con una concepci\u00f3n amplia de la accesibilidad: &#8220;Cuando hablamos de adaptabilidad, de accesibilidad, estamos hablando de dar las mismas oportunidades a todas las personas&#8221;. La declaraci\u00f3n de Inter\u00e9s Tur\u00edstico del Emturer tambi\u00e9n reconoce el aporte de la actividad a la integraci\u00f3n social y deportiva y al posicionamiento de La Paz como destino de turismo accesible.<\/p>\n<p>&nbsp;<\/p>\n<p>Las actividades comenzar\u00e1n a las 8 y la inauguraci\u00f3n oficial est\u00e1 prevista para las 8.30. A las 11 se compartir\u00e1 una propuesta gastron\u00f3mica del Parador Garibaldi y el cierre ser\u00e1 alrededor del mediod\u00eda, con la entrega de diplomas y medallas. La participaci\u00f3n ser\u00e1 libre y gratuita. La Paz integra la microrregi\u00f3n R\u00edo Nativo, donde el r\u00edo Paran\u00e1 constituye uno de los principales ejes de la oferta tur\u00edstica vinculada con la naturaleza y las actividades n\u00e1uticas y de pesca.<\/p>\n","protected":false},"excerpt":{"rendered":"<p>El primer Encuentro de Pesca Adaptada de la provincia se realizar\u00e1 el 9 de septiembre con actividades gratuitas, estaciones especialmente acondicionadas y paseos n\u00e1uticos para personas con discapacidad. Ser\u00e1 la tercera experiencia de este tipo en el pa\u00eds.<\/p>\n","protected":false},"author":0,"featured_media":24467,"comment_status":"open","ping_status":"open","sticky":false,"template":"","format":"standard","meta":{"footnotes":""},"categories":[2266,2225],"tags":[830],"class_list":["post-24466","post","type-post","status-publish","format-standard","has-post-thumbnail","hentry","category-la-paz","category-locales","tag-turismo"],"_links":{"self":[{"href":"https:\/\/cliente1.publisher.highstack.com.ar\/index.php?rest_route=\/wp\/v2\/posts\/24466","targetHints":{"allow":["GET"]}}],"collection":[{"href":"https:\/\/cliente1.publisher.highstack.com.ar\/index.php?rest_route=\/wp\/v2\/posts"}],"about":[{"href":"https:\/\/cliente1.publisher.highstack.com.ar\/index.php?rest_route=\/wp\/v2\/types\/post"}],"replies":[{"embeddable":true,"href":"https:\/\/cliente1.publisher.highstack.com.ar\/index.php?rest_route=%2Fwp%2Fv2%2Fcomments&post=24466"}],"version-history":[{"count":0,"href":"https:\/\/cliente1.publisher.highstack.com.ar\/index.php?rest_route=\/wp\/v2\/posts\/24466\/revisions"}],"wp:featuredmedia":[{"embeddable":true,"href":"https:\/\/cliente1.publisher.highstack.com.ar\/index.php?rest_route=\/wp\/v2\/media\/24467"}],"wp:attachment":[{"href":"https:\/\/cliente1.publisher.highstack.com.ar\/index.php?rest_route=%2Fwp%2Fv2%2Fmedia&parent=24466"}],"wp:term":[{"taxonomy":"category","embeddable":true,"href":"https:\/\/cliente1.publisher.highstack.com.ar\/index.php?rest_route=%2Fwp%2Fv2%2Fcategories&post=24466"},{"taxonomy":"post_tag","embeddable":true,"href":"https:\/\/cliente1.publisher.highstack.com.ar\/index.php?rest_route=%2Fwp%2Fv2%2Ftags&post=24466"}],"curies":[{"name":"wp","href":"https:\/\/api.w.org\/{rel}","templated":true}]}}