{"id":24462,"date":"2026-08-31T17:23:41","date_gmt":"2026-08-31T20:23:41","guid":{"rendered":"https:\/\/cliente1.publisher.highstack.com.ar\/?p=24462"},"modified":"2026-08-31T17:23:41","modified_gmt":"2026-08-31T20:23:41","slug":"pedro-sanchez-acusa-a-rusia-e-israel-de-difundir-fake-news-sobre-migracion","status":"publish","type":"post","link":"https:\/\/cliente1.publisher.highstack.com.ar\/?p=24462","title":{"rendered":"Pedro S\u00e1nchez acusa a Rusia e Israel de difundir fake news sobre migraci\u00f3n"},"content":{"rendered":"<div>\t\t<!-- { REGION4 --> <\/p>\n<article class=\"article-body article-body--first-paragraph\" data-td-script-src=\"https:\/\/www.ambito.com\/td\/modulos\/encuestas\/js\/function-embeds-min-version-1788062813.js\">\n<p id=\"p-1788199661810-42844\">El presidente del Gobierno espa\u00f1ol, <strong>Pedro S\u00e1nchez, afirm\u00f3 este lunes que la llegada masiva de migrantes a Ceuta durante los \u00faltimos d\u00edas de julio estuvo acompa\u00f1ada por una campa\u00f1a de desinformaci\u00f3n en redes sociales<\/strong>. Seg\u00fan explic\u00f3, una interpretaci\u00f3n incorrecta de una sentencia del Tribunal Supremo se difundi\u00f3 ampliamente y pudo generar expectativas equivocadas entre quienes intentaban ingresar a la ciudad.<\/p>\n<\/article>\n<article class=\"article-body article-body--second-paragraph\">\n<p id=\"p-1788199661810-81779\">Durante una entrevista con Cadena SER, S\u00e1nchez fue consultado por la llegada de miles de personas a nado los d\u00edas 30 y 31 de julio. El mandatario aclar\u00f3 que las causas del episodio todav\u00eda son investigadas, pero sostuvo que la circulaci\u00f3n de informaci\u00f3n falsa tuvo un papel importante.<\/p>\n<\/article>\n<article class=\"article-body article-body--third-paragraph\">\n<p id=\"p-1788199661810-81333\"> El origen de esos mensajes, seg\u00fan su explicaci\u00f3n, estuvo en una sentencia del Tribunal Supremo del 29 de junio. A trav\u00e9s de las redes comenz\u00f3 a difundirse que <strong>las personas que ingresaran a Ceuta nadando no pod\u00edan ser devueltas a sus pa\u00edses de origen<\/strong>. S\u00e1nchez neg\u00f3 esa interpretaci\u00f3n y remarc\u00f3 que \u201ccosa que no es cierto\u201d.<\/p>\n<\/article>\n<article class=\"article-body article-body--fourth-paragraph\">\n<p id=\"p-1788199661810-48725\">El presidente espa\u00f1ol tambi\u00e9n se\u00f1al\u00f3 a distintos actores que, seg\u00fan sostuvo, participaron de la difusi\u00f3n de esos contenidos. Vincul\u00f3 la campa\u00f1a con<strong> Rusia, Israel y sectores de extrema derecha<\/strong>. En ese sentido, habl\u00f3 de<strong> \u201cuna internacional ultraderechista que utiliza siempre la migraci\u00f3n no solamente para atacar a Espa\u00f1a, sino tambi\u00e9n a Europa y dividirla\u201d<\/strong>.<\/p>\n<\/article>\n<article class=\"article-body article-body--fifth-paragraph\">\n<p id=\"p-1788199661810-49825\">S\u00e1nchez agreg\u00f3 que \u201chubo redes rusas e israel\u00edes que difundieron esos bulos y atacaron al gobierno de Espa\u00f1a y los europeos en un tema corrosivo como la migraci\u00f3n irregular que divide y polariza a muchas sociedades europeas\u201d.<\/p>\n<\/article>\n<article class=\"article-body article-body--remaining-paragraph\">\n<div contenteditable=\"false\" class=\"embed_cont type_imagen\" id=\"8258885-Libre-1952152371_wrap\">\n<div id=\"8258885-Libre-1952152371_content\" class=\"embed_content\"><img src=\"https:\/\/media.ambito.com\/p\/8e82178f396a5250fc8947c630bd9d4d\/adjuntos\/239\/imagenes\/043\/556\/0043556270\/730x0\/517x263:537x283\/1785506720586-ceuta2-1-1.jpg\" decoding=\"async\" fetchpriority=\"low\" loading=\"lazy\" alt=\"Ceuta mantiene el operativo de atenci\u00f3n tras la llegada masiva de migrantes, mientras Espa\u00f1a prepara nuevas plazas de alojamiento y reclama mayor cooperaci\u00f3n de los pa\u00edses europeos.\" title=\"Ceuta mantiene el operativo de atenci\u00f3n tras la llegada masiva de migrantes, mientras Espa\u00f1a prepara nuevas plazas de alojamiento y reclama mayor cooperaci\u00f3n de los pa\u00edses europeos.\" width=\"730\" height=\"undefined\" id=\"8258885-Libre-1952152371_embed\"\/><\/div>\n<div class=\"embed_wrapper-cont\" id=\"p-1788199835427-13529\">\n<div id=\"8258885-Libre-1952152371_epigrafe\" class=\"embed_epigrafe\">\n<p id=\"p-1788199850029-71468\">Ceuta mantiene el operativo de atenci\u00f3n tras la llegada masiva de migrantes, mientras Espa\u00f1a prepara nuevas plazas de alojamiento y reclama mayor cooperaci\u00f3n de los pa\u00edses europeos.<\/p>\n<\/div><\/div>\n<\/p><\/div>\n<h2 id=\"p-1788199808805-23012\">Espa\u00f1a ampl\u00eda la atenci\u00f3n en Ceuta y reclama apoyo europeo<\/h2>\n<p id=\"p-1788199661810-15866\">Mientras el Gobierno contin\u00faa atendiendo la situaci\u00f3n, el mandatario destac\u00f3 el respaldo recibido desde <strong>Marruecos<\/strong>. Seg\u00fan afirm\u00f3, el pa\u00eds vecino ofreci\u00f3 una <strong>\u201ccooperaci\u00f3n instant\u00e1nea, inmediata\u201d<\/strong> luego del ingreso masivo de personas a Ceuta.<\/p>\n<p id=\"p-1788199661810-9843\">La situaci\u00f3n en la ciudad contin\u00faa siendo uno de los principales desaf\u00edos para las autoridades espa\u00f1olas. S\u00e1nchez inform\u00f3 que permanecen all\u00ed unas<strong> 5.000 personas, de las cuales alrededor de 1.200 son menores<\/strong>. Frente a esta situaci\u00f3n, el Gobierno <strong>prev\u00e9 habilitar espacios temporales con unas 6.000 plazas<\/strong>. \u201cEn poco tiempo vamos a tener la suficiente capacidad para acoger a los migrantes que se han quedado\u201d, asegur\u00f3.<\/p>\n<p id=\"p-1788199661810-12162\">El presidente tambi\u00e9n reclam\u00f3 una mayor participaci\u00f3n de otros pa\u00edses europeos para afrontar los movimientos migratorios. <strong>\u201cEuropa debe ser solidaria en Lampedusa (Italia), en Groenlandia y en Ceuta o en Canarias\u201d<\/strong>, sostuvo. Adem\u00e1s, pidi\u00f3 colaboraci\u00f3n a los pa\u00edses del centro y norte de Europa.<\/p>\n<p id=\"p-1788199661810-2181\">Otro punto de tensi\u00f3n surgi\u00f3 con<strong> Italia, que extendi\u00f3 durante 15 d\u00edas los controles para viajeros procedentes de Espa\u00f1a<\/strong>. S\u00e1nchez cuestion\u00f3 la medida y la calific\u00f3 de <strong>\u201cabsurda<\/strong>\u201d. A su entender, \u201cno tiene ning\u00fan motivo, ning\u00fan argumento\u201d, ya que Ceuta y Melilla no forman parte del espacio Schengen.<\/p>\n<p id=\"p-1788199661810-85987\">Por \u00faltimo, S\u00e1nchez anunci\u00f3 que el <strong>rey Felipe VI tiene previsto viajar a Ceuta<\/strong>, aunque aclar\u00f3 que la visita se realizar\u00e1 \u201ccuando se den las condiciones para ello\u201d.<\/p>\n<\/article>\n<p>\t\t<!-- REGION4 } --><\/div>\n<p><script>\n!function(f,b,e,v,n,t,s)\n{if(f.fbq)return;n=f.fbq=function(){n.callMethod?\nn.callMethod.apply(n,arguments):n.queue.push(arguments)};\nif(!f._fbq)f._fbq=n;n.push=n;n.loaded=!0;n.version='2.0';\nn.queue=[];t=b.createElement(e);t.async=!0;\nt.src=v;s=b.getElementsByTagName(e)[0];\ns.parentNode.insertBefore(t,s)}(window,document,'script',\n'\nfbq('init', '2047048335588113');\nfbq('track', 'PageView');\n<\/script><\/p>\n","protected":false},"excerpt":{"rendered":"<p>El presidente del Gobierno espa\u00f1ol, Pedro S\u00e1nchez, afirm\u00f3 este lunes que la llegada masiva de migrantes a Ceuta durante los \u00faltimos d\u00edas de julio estuvo acompa\u00f1ada por una campa\u00f1a de desinformaci\u00f3n en redes sociales. Seg\u00fan explic\u00f3, una interpretaci\u00f3n incorrecta de una sentencia del Tribunal Supremo se difundi\u00f3 ampliamente y pudo generar expectativas equivocadas entre quienes [&hellip;]<\/p>\n","protected":false},"author":1,"featured_media":24463,"comment_status":"open","ping_status":"open","sticky":false,"template":"","format":"standard","meta":{"footnotes":""},"categories":[1],"tags":[],"class_list":["post-24462","post","type-post","status-publish","format-standard","has-post-thumbnail","hentry","category-uncategorized"],"_links":{"self":[{"href":"https:\/\/cliente1.publisher.highstack.com.ar\/index.php?rest_route=\/wp\/v2\/posts\/24462","targetHints":{"allow":["GET"]}}],"collection":[{"href":"https:\/\/cliente1.publisher.highstack.com.ar\/index.php?rest_route=\/wp\/v2\/posts"}],"about":[{"href":"https:\/\/cliente1.publisher.highstack.com.ar\/index.php?rest_route=\/wp\/v2\/types\/post"}],"author":[{"embeddable":true,"href":"https:\/\/cliente1.publisher.highstack.com.ar\/index.php?rest_route=\/wp\/v2\/users\/1"}],"replies":[{"embeddable":true,"href":"https:\/\/cliente1.publisher.highstack.com.ar\/index.php?rest_route=%2Fwp%2Fv2%2Fcomments&post=24462"}],"version-history":[{"count":0,"href":"https:\/\/cliente1.publisher.highstack.com.ar\/index.php?rest_route=\/wp\/v2\/posts\/24462\/revisions"}],"wp:featuredmedia":[{"embeddable":true,"href":"https:\/\/cliente1.publisher.highstack.com.ar\/index.php?rest_route=\/wp\/v2\/media\/24463"}],"wp:attachment":[{"href":"https:\/\/cliente1.publisher.highstack.com.ar\/index.php?rest_route=%2Fwp%2Fv2%2Fmedia&parent=24462"}],"wp:term":[{"taxonomy":"category","embeddable":true,"href":"https:\/\/cliente1.publisher.highstack.com.ar\/index.php?rest_route=%2Fwp%2Fv2%2Fcategories&post=24462"},{"taxonomy":"post_tag","embeddable":true,"href":"https:\/\/cliente1.publisher.highstack.com.ar\/index.php?rest_route=%2Fwp%2Fv2%2Ftags&post=24462"}],"curies":[{"name":"wp","href":"https:\/\/api.w.org\/{rel}","templated":true}]}}