{"id":24460,"date":"2026-08-31T17:10:53","date_gmt":"2026-08-31T20:10:53","guid":{"rendered":"https:\/\/cliente1.publisher.highstack.com.ar\/?p=24460"},"modified":"2026-08-31T17:10:53","modified_gmt":"2026-08-31T20:10:53","slug":"santa-fe-business-forum-mas-de-1-000-empresas-argentinas-buscan-abrir-mercados-con-una-nueva-oferta-exportadora","status":"publish","type":"post","link":"https:\/\/cliente1.publisher.highstack.com.ar\/?p=24460","title":{"rendered":"Santa Fe Business Forum: m\u00e1s de 1.000 empresas argentinas buscan abrir mercados con una nueva oferta exportadora"},"content":{"rendered":"<div>\n<div class=\"visual__image image-initial-width\"><picture><source srcset=\"https:\/\/www.infobae.com\/resizer\/v2\/MTN5GYDVBZEFBBCIO7LE53JVX4.jpeg?auth=a810f827be92864a665af4cee2eb81d71de8d1d1aedf1668c41a4ee077fb3904&amp;smart=true&amp;width=992&amp;height=662&amp;quality=85\" media=\"(min-width: 1000px)\"\/><source srcset=\"https:\/\/www.infobae.com\/resizer\/v2\/MTN5GYDVBZEFBBCIO7LE53JVX4.jpeg?auth=a810f827be92864a665af4cee2eb81d71de8d1d1aedf1668c41a4ee077fb3904&amp;smart=true&amp;width=768&amp;height=512&amp;quality=85\" media=\"(min-width: 768px)\"\/><source srcset=\"https:\/\/www.infobae.com\/resizer\/v2\/MTN5GYDVBZEFBBCIO7LE53JVX4.jpeg?auth=a810f827be92864a665af4cee2eb81d71de8d1d1aedf1668c41a4ee077fb3904&amp;smart=true&amp;width=577&amp;height=385&amp;quality=85\" media=\"(min-width: 580px)\"\/><source srcset=\"https:\/\/www.infobae.com\/resizer\/v2\/MTN5GYDVBZEFBBCIO7LE53JVX4.jpeg?auth=a810f827be92864a665af4cee2eb81d71de8d1d1aedf1668c41a4ee077fb3904&amp;smart=true&amp;width=420&amp;height=280&amp;quality=85\" media=\"(min-width: 350px)\"\/><source srcset=\"https:\/\/www.infobae.com\/resizer\/v2\/MTN5GYDVBZEFBBCIO7LE53JVX4.jpeg?auth=a810f827be92864a665af4cee2eb81d71de8d1d1aedf1668c41a4ee077fb3904&amp;smart=true&amp;width=350&amp;height=233&amp;quality=85\" media=\"(min-width: 80px)\"\/><\/picture><\/div>\n<div class=\"sharebar-container display_flex sharebar-new\" style=\"opacity:1\">\n<p><span class=\"sharebar-article-date\">31 Ago, 2026 03:57 p. m. EST<\/span><\/p>\n<\/div>\n<p class=\"paragraph\" data-paragraph-number=\"1\"><i>Desde Rosario &#8211;<\/i> Bajo el lema \u201cexportar para crecer e innovar para exportar\u201d, empez\u00f3 el <b>Santa Fe Business Forum<\/b> (SFBF), un encuentro que alberga a compradores, inversores y empresas de distintos pa\u00edses, cuyo objetivo es impulsar las exportaciones, atraer capital y reforzar el perfil internacional de la provincia. Empresarios, embajadores y funcionarios debatieron sobre los desaf\u00edos y oportunidades que tiene la Argentina, en un contexto de reconfiguraci\u00f3n econ\u00f3mica interna y un escenario internacional complejo.<\/p>\n<p class=\"paragraph\" data-paragraph-number=\"2\">El evento se lleva a cabo en La Fluvial de Rosario hasta el 4 de septiembre y combinar\u00e1 rondas de negocios \u2014que reunir\u00e1n a <b>m\u00e1s de 250 compradores de 50 pa\u00edses y a 1.000 empresas oferentes<\/b>\u2014, un foro de inversiones, con 40 fondos y 250 startups, y un auditorio de charlas y capacitaciones. La propuesta busca articular al sector p\u00fablico con el privado para fortalecer la competitividad y abrir nuevos mercados.<\/p>\n<p class=\"paragraph\" data-paragraph-number=\"3\">El gobernador <b>Maximiliano Pullaro<\/b> inaugur\u00f3 la jornada y manifest\u00f3: \u201cHoy somos la provincia m\u00e1s productiva de la Argentina, con una matriz sumamente diversa a lo largo y a lo ancho de Santa Fe. Tenemos 7.000 pymes, 21.000 productores agropecuarios y 2.000 cooperativas. Ser\u00eda bueno que no solo se pueda hacer un <i>matcheo<\/i> comercial, sino que tambi\u00e9n se pueda ir a conocerlas, darles la mano, un abrazo, para ver la pertenencia que tienen los trabajadores con cada una de nuestras empresas\u201d.<\/p>\n<div class=\"visual__image\"><picture><source srcset=\"https:\/\/www.infobae.com\/resizer\/v2\/JVSMJWHPZZAULE2M5LOQYFEVTE.jpeg?auth=d466f7cfa86ba93f2818af9b47eac28295ad9091e8d26067893fc74d488c0e68&amp;smart=true&amp;width=992&amp;height=1764&amp;quality=85\" media=\"(min-width: 1000px)\"\/><source srcset=\"https:\/\/www.infobae.com\/resizer\/v2\/JVSMJWHPZZAULE2M5LOQYFEVTE.jpeg?auth=d466f7cfa86ba93f2818af9b47eac28295ad9091e8d26067893fc74d488c0e68&amp;smart=true&amp;width=768&amp;height=1366&amp;quality=85\" media=\"(min-width: 768px)\"\/><source srcset=\"https:\/\/www.infobae.com\/resizer\/v2\/JVSMJWHPZZAULE2M5LOQYFEVTE.jpeg?auth=d466f7cfa86ba93f2818af9b47eac28295ad9091e8d26067893fc74d488c0e68&amp;smart=true&amp;width=577&amp;height=1026&amp;quality=85\" media=\"(min-width: 580px)\"\/><source srcset=\"https:\/\/www.infobae.com\/resizer\/v2\/JVSMJWHPZZAULE2M5LOQYFEVTE.jpeg?auth=d466f7cfa86ba93f2818af9b47eac28295ad9091e8d26067893fc74d488c0e68&amp;smart=true&amp;width=420&amp;height=747&amp;quality=85\" media=\"(min-width: 350px)\"\/><source srcset=\"https:\/\/www.infobae.com\/resizer\/v2\/JVSMJWHPZZAULE2M5LOQYFEVTE.jpeg?auth=d466f7cfa86ba93f2818af9b47eac28295ad9091e8d26067893fc74d488c0e68&amp;smart=true&amp;width=350&amp;height=623&amp;quality=85\" media=\"(min-width: 80px)\"\/><img alt=\"Personas reunidas alrededor de mesas blancas en un amplio sal\u00f3n con luces de escenario y banderas institucionales\" class=\"global-image\" decoding=\"async\" fetchpriority=\"low\" height=\"1599\" loading=\"lazy\" src=\"https:\/\/www.infobae.com\/resizer\/v2\/JVSMJWHPZZAULE2M5LOQYFEVTE.jpeg?auth=d466f7cfa86ba93f2818af9b47eac28295ad9091e8d26067893fc74d488c0e68&amp;smart=true&amp;width=350&amp;height=623&amp;quality=85\" width=\"899\"\/><\/picture><\/div>\n<p class=\"paragraph\" data-paragraph-number=\"4\">\u201cDefender nuestros mercados internacionales tiene que ver con poder ser m\u00e1s competitivos. Por eso empezamos a invertir en obra p\u00fablica, incluso en un momento dif\u00edcil, para bajar el costo productivo, log\u00edstico y de la energ\u00eda\u201d, se\u00f1al\u00f3.<\/p>\n<p class=\"paragraph\" data-paragraph-number=\"5\">\u201cNosotros no tenemos energ\u00eda ni miner\u00eda, o las tenemos en otra escala, pero somos sus socios estrat\u00e9gicos, porque tenemos los puertos\u201d, subray\u00f3 y agreg\u00f3 que est\u00e1n trabajando para reactivar el puerto de Santa Fe.<\/p>\n<p class=\"paragraph\" data-paragraph-number=\"6\">Uno de los aspectos centrales de esta tercera edici\u00f3n del SFBF es la diversidad de rubros presentes: alimentario, maquinaria agr\u00edcola, autopartes, industria metalmec\u00e1nica, tecnolog\u00eda m\u00e9dica, biotecnolog\u00eda, econom\u00eda del conocimiento, construcci\u00f3n, muebles, energ\u00edas renovables, turismo de reuniones y eventos, videojuegos e industria audiovisual, textiles y calzado.<\/p>\n<p class=\"paragraph\" data-paragraph-number=\"7\">El encuentro contar\u00e1 con numerosos representantes de <b>Brasil, M\u00e9xico, Estados Unidos, Uruguay, Chile, Espa\u00f1a, Etiop\u00eda, Congo, Gambia, Kenia, Filipinas, Vietnam, Singapur, Australia y Canad\u00e1<\/b>.<\/p>\n<p class=\"paragraph\" data-paragraph-number=\"8\"><b>Georgina Losada<\/b>, secretaria de Comercio Exterior de la provincia, afirm\u00f3 en la apertura: \u201cHoy atravesamos un mundo muy diferente al que ten\u00edamos dos a\u00f1os atr\u00e1s: un escenario turbulento y vol\u00e1til, marcado por una guerra comercial y por conflictos que generan una creciente demanda de energ\u00eda, alimentos y, en definitiva, de todo aquello que nuestra provincia tiene para ofrecer\u201d.<\/p>\n<p class=\"paragraph\" data-paragraph-number=\"9\">\u201cArgentina tambi\u00e9n cambi\u00f3. Sali\u00f3 del ostracismo internacional y comenz\u00f3 a transitar una agenda de inserci\u00f3n y vinculaci\u00f3n internacional que, a mi entender, es muy ambiciosa. En ese marco, podemos destacar acuerdos y procesos estrat\u00e9gicos como el Acuerdo Mercosur\u2013Uni\u00f3n Europea y la agenda de vinculaci\u00f3n estrat\u00e9gica y desarrollo con los EEUU\u201d, se\u00f1al\u00f3 la funcionaria.<\/p>\n<p class=\"paragraph\" data-paragraph-number=\"10\">Por su parte, el ministro de Desarrollo Productivo, <b>Gustavo Puccini<\/b>, resalt\u00f3: \u201cSomos la tercera econom\u00eda del pa\u00eds. De los USD 87.000 millones que ingresaron en 2025, Santa Fe aport\u00f3 USD 30.000 millones gracias a sus plataformas portuarias, y USD 16.000 millones fueron generados por mano de obra local\u201d.<\/p>\n<div class=\"visual__image\"><picture><source srcset=\"https:\/\/www.infobae.com\/resizer\/v2\/M2FHFE3VSJBETLR4K4Q376D55A.jpeg?auth=a8463e1bb344d749719d30764e8aefd03b5f40a33336b805e1af93c39fb9bde1&amp;smart=true&amp;width=992&amp;height=661&amp;quality=85\" media=\"(min-width: 1000px)\"\/><source srcset=\"https:\/\/www.infobae.com\/resizer\/v2\/M2FHFE3VSJBETLR4K4Q376D55A.jpeg?auth=a8463e1bb344d749719d30764e8aefd03b5f40a33336b805e1af93c39fb9bde1&amp;smart=true&amp;width=768&amp;height=512&amp;quality=85\" media=\"(min-width: 768px)\"\/><source srcset=\"https:\/\/www.infobae.com\/resizer\/v2\/M2FHFE3VSJBETLR4K4Q376D55A.jpeg?auth=a8463e1bb344d749719d30764e8aefd03b5f40a33336b805e1af93c39fb9bde1&amp;smart=true&amp;width=577&amp;height=384&amp;quality=85\" media=\"(min-width: 580px)\"\/><source srcset=\"https:\/\/www.infobae.com\/resizer\/v2\/M2FHFE3VSJBETLR4K4Q376D55A.jpeg?auth=a8463e1bb344d749719d30764e8aefd03b5f40a33336b805e1af93c39fb9bde1&amp;smart=true&amp;width=420&amp;height=280&amp;quality=85\" media=\"(min-width: 350px)\"\/><source srcset=\"https:\/\/www.infobae.com\/resizer\/v2\/M2FHFE3VSJBETLR4K4Q376D55A.jpeg?auth=a8463e1bb344d749719d30764e8aefd03b5f40a33336b805e1af93c39fb9bde1&amp;smart=true&amp;width=350&amp;height=233&amp;quality=85\" media=\"(min-width: 80px)\"\/><img alt=\"Un hombre en traje habla tras un atril blanco junto a una pantalla con la inscripci\u00f3n Santa Fe Business Forum y personas sentadas de espalda\" class=\"global-image\" decoding=\"async\" fetchpriority=\"low\" height=\"1066\" loading=\"lazy\" src=\"https:\/\/www.infobae.com\/resizer\/v2\/M2FHFE3VSJBETLR4K4Q376D55A.jpeg?auth=a8463e1bb344d749719d30764e8aefd03b5f40a33336b805e1af93c39fb9bde1&amp;smart=true&amp;width=350&amp;height=233&amp;quality=85\" width=\"1600\"\/><\/picture><\/div>\n<p class=\"paragraph\" data-paragraph-number=\"11\">Cabe mencionar que, seg\u00fan Politikon Chaco, la provincia de Santa Fe se posicion\u00f3 como el segundo distrito con mayores exportaciones entre enero y julio de 2026, con ventas al exterior por USD 11.176 millones, equivalentes al 19,1% del total nacional. Esta cifra representa un crecimiento del 28,4% interanual, por encima del promedio.<\/p>\n<p class=\"paragraph\" data-paragraph-number=\"12\">\u201cLlevamos dos a\u00f1os consecutivos de crecimiento del producto bruto geogr\u00e1fico, algo que no ocurr\u00eda hace diez a\u00f1os. Eso es fruto del esfuerzo de los comercios, las pymes y las empresas que muestran el potencial de nuestra provincia\u201d, enfatiz\u00f3 Puccini, y destac\u00f3 adem\u00e1s la complementariedad productiva que se puede lograr con otros distritos: \u201cEste partido lo vamos a jugar mano a mano\u201d.<\/p>\n<p class=\"paragraph\" data-paragraph-number=\"13\">Por otra parte, el funcionario expres\u00f3 en relaci\u00f3n al desarrollo futuro de la provincia: <b>\u201cQueremos ser hidrov\u00eda pero tambi\u00e9n <\/b><a rel=\"noopener\" href=\"https:\/\/www.google.com\/goto?url=CAES4wEB6zswFZE0eYqlH5QGwC7kWgtnRketo2dcPINT_ShAa2h5B7m2Tw3wBM7FHH7ThbVpsr-T9L1LirgbEdktsONoa0F73NboaohdgKB7O4OkhB_DaPwQYauj54Wr2OZRRjYyqrlzEfHhT2p7CfMfLQ3aSxWIzr0q-N9YNUWvUt07ZPY1amRV-P6YBhseaMK93f6hs-gdGAonUSUmWainy4Zp0S3_VbnCdtPQSZdzIP12JNyrBIC73vBSGc-xfnfhWLuqKM8L_Xl0gTI0pTe3LFNTYp5ClRByP-5HFa98_dHKt_mM1g\" target=\"_blank\" title=\"https:\/\/www.google.com\/goto?url=CAES4wEB6zswFZE0eYqlH5QGwC7kWgtnRketo2dcPINT_ShAa2h5B7m2Tw3wBM7FHH7ThbVpsr-T9L1LirgbEdktsONoa0F73NboaohdgKB7O4OkhB_DaPwQYauj54Wr2OZRRjYyqrlzEfHhT2p7CfMfLQ3aSxWIzr0q-N9YNUWvUt07ZPY1amRV-P6YBhseaMK93f6hs-gdGAonUSUmWainy4Zp0S3_VbnCdtPQSZdzIP12JNyrBIC73vBSGc-xfnfhWLuqKM8L_Xl0gTI0pTe3LFNTYp5ClRByP-5HFa98_dHKt_mM1g\"><b>Belgrano Cargas<\/b><\/a><b>\u201d.<\/b><\/p>\n<p class=\"paragraph\" data-paragraph-number=\"14\">El SFBF surge en un escenario global complejo pero, a la vez, din\u00e1mico para los negocios, en el que Argentina cuenta con amplias oportunidades para continuar profundizando su proceso de internacionalizaci\u00f3n.<\/p>\n<p class=\"paragraph\" data-paragraph-number=\"15\">El especialista en comercio exterior <b>Marcelo Elizondo<\/b> asegur\u00f3 que hoy existen dos niveles de complejidad que operan en direcciones opuestas. Por un lado, la geopol\u00edtica pas\u00f3 a ser un componente cr\u00edtico de la microeconom\u00eda. Seg\u00fan el <i>World Economic Forum<\/i>, por primera vez este riesgo super\u00f3 a los desaf\u00edos tecnol\u00f3gicos y ambientales como principal preocupaci\u00f3n de las grandes empresas.<\/p>\n<p class=\"paragraph\" data-paragraph-number=\"16\">Sin embargo, y este es el punto central de Elizondo, pese a sanciones, guerras arancelarias y conflictos militares que interrumpen cadenas de suministro, <b>los negocios internacionales no se frenan<\/b>. El propio FMI indica que el aumento de restricciones no ha generado una depresi\u00f3n del comercio.<\/p>\n<div class=\"visual__image\"><picture><source srcset=\"https:\/\/www.infobae.com\/resizer\/v2\/K7A7YQSJ4BGL3PHMBWO5IGTVFE.jpeg?auth=815c97076d69fb780e22cde2e0091852ed1bd12fdcfafd8c3069e0b7ae5dee73&amp;smart=true&amp;width=992&amp;height=661&amp;quality=85\" media=\"(min-width: 1000px)\"\/><source srcset=\"https:\/\/www.infobae.com\/resizer\/v2\/K7A7YQSJ4BGL3PHMBWO5IGTVFE.jpeg?auth=815c97076d69fb780e22cde2e0091852ed1bd12fdcfafd8c3069e0b7ae5dee73&amp;smart=true&amp;width=768&amp;height=512&amp;quality=85\" media=\"(min-width: 768px)\"\/><source srcset=\"https:\/\/www.infobae.com\/resizer\/v2\/K7A7YQSJ4BGL3PHMBWO5IGTVFE.jpeg?auth=815c97076d69fb780e22cde2e0091852ed1bd12fdcfafd8c3069e0b7ae5dee73&amp;smart=true&amp;width=577&amp;height=385&amp;quality=85\" media=\"(min-width: 580px)\"\/><source srcset=\"https:\/\/www.infobae.com\/resizer\/v2\/K7A7YQSJ4BGL3PHMBWO5IGTVFE.jpeg?auth=815c97076d69fb780e22cde2e0091852ed1bd12fdcfafd8c3069e0b7ae5dee73&amp;smart=true&amp;width=420&amp;height=280&amp;quality=85\" media=\"(min-width: 350px)\"\/><source srcset=\"https:\/\/www.infobae.com\/resizer\/v2\/K7A7YQSJ4BGL3PHMBWO5IGTVFE.jpeg?auth=815c97076d69fb780e22cde2e0091852ed1bd12fdcfafd8c3069e0b7ae5dee73&amp;smart=true&amp;width=350&amp;height=233&amp;quality=85\" media=\"(min-width: 80px)\"\/><img alt=\"Un hombre de traje habla en un escenario junto a una pantalla con texto, ante la vista parcial de un espectador en primer plano\" class=\"global-image\" decoding=\"async\" fetchpriority=\"low\" height=\"1066\" loading=\"lazy\" src=\"https:\/\/www.infobae.com\/resizer\/v2\/K7A7YQSJ4BGL3PHMBWO5IGTVFE.jpeg?auth=815c97076d69fb780e22cde2e0091852ed1bd12fdcfafd8c3069e0b7ae5dee73&amp;smart=true&amp;width=350&amp;height=233&amp;quality=85\" width=\"1599\"\/><\/picture><\/div>\n<p class=\"paragraph\" data-paragraph-number=\"17\">Seg\u00fan el analista, mientras la esfera p\u00fablica expone fricciones, en el \u00e1mbito privado avanzan tres revoluciones simult\u00e1neas:<\/p>\n<ol data-icon=\"\u2b24\" class=\"list\">\n<li data-icon=\"\u2b24\"><span><b>Revoluci\u00f3n de la informaci\u00f3n<\/b>: los datos se volvieron el activo m\u00e1s valioso (\u201c<i>data is the new oil<\/i>\u201d), reorganizando producci\u00f3n, inversi\u00f3n y trabajo.<\/span><\/li>\n<li data-icon=\"\u2b24\"><span><b>Revoluci\u00f3n de las biociencias<\/b>: transforma la relaci\u00f3n productiva con la naturaleza \u2014alimentaci\u00f3n, medicina, energ\u00eda\u2014 e incluso los v\u00ednculos sociales.<\/span><\/li>\n<li data-icon=\"\u2b24\"><span><b>Revoluci\u00f3n organizacional<\/b>: act\u00faa como plataforma de las dos anteriores, con empresas menos burocr\u00e1ticas, m\u00e1s flexibles y \u00e1giles, donde el capital organizacional gana peso estrat\u00e9gico.<\/span><\/li>\n<\/ol>\n<p class=\"paragraph\" data-paragraph-number=\"18\">Frente a las fuerzas de fragmentaci\u00f3n pol\u00edtica, la tecnolog\u00eda genera lo que Elizondo llama <b>\u201cresiliencia h\u00edbrida\u201d<\/b>: digitalizaci\u00f3n, automatizaci\u00f3n y visibilidad en tiempo real que permiten al comercio internacional seguir creciendo pese a la turbulencia geopol\u00edtica. Esta adaptaci\u00f3n se canaliza por tres v\u00edas: redise\u00f1o de rutas comerciales, impulso digital-sostenible e integraci\u00f3n en bloques cohesivos.<\/p>\n<p class=\"paragraph\" data-paragraph-number=\"19\">En tanto,<b> Tom\u00e1s Ignacio Villalba<\/b>, subsecretario de Promoci\u00f3n de las Exportaciones, las Inversiones, la Educaci\u00f3n, la Ciencia y la Cultura, explic\u00f3 que la estrategia oficial para promover al pa\u00eds en el mundo consiste en poner el foco en sus ventajas competitivas en sectores estrat\u00e9gicos de alta demanda \u2014como la energ\u00eda, la miner\u00eda, la econom\u00eda del conocimiento, la industria y la agroindustria\u2014, que permiten posicionar a la Argentina como un socio confiable en la reconfiguraci\u00f3n de las cadenas globales de valor.<\/p>\n<p class=\"paragraph\" data-paragraph-number=\"20\">En paralelo, consider\u00f3 que expandir el comercio resulta fundamental para atraer inversiones. En ese sentido, record\u00f3 que Argentina ampli\u00f3 sus acuerdos de libre comercio del 10% al 30% del PBI mundial en menos de 1.000 d\u00edas, con el objetivo de alcanzar el 50% en el corto plazo. <\/p>\n<p class=\"paragraph\" data-paragraph-number=\"21\">El gran catalizador fue el tratado entre el Mercosur y la Uni\u00f3n Europea, seguido de los firmados con EEUU y Singapur. Villalba adelant\u00f3 que est\u00e1n trabajando en la solicitud de adhesi\u00f3n al Acuerdo Transpac\u00edfico de Cooperaci\u00f3n Econ\u00f3mica.<\/p>\n<\/div>\n<p><script defer>try{!function(f,b,e,v,n,t,s) {if(f.fbq)return;n=f.fbq=function(){n.callMethod? n.callMethod.apply(n,arguments):n.queue.push(arguments)}; if(!f._fbq)f._fbq=n;n.push=n;n.loaded=!0;n.version='2.0'; n.queue=[];t=b.createElement(e);t.async=!0; t.src=v;s=b.getElementsByTagName(e)[0]; s.parentNode.insertBefore(t,s)}(window, document,'script', 'https:\/\/connect.facebook.net\/en_US\/fbevents.js'); fbq('init', '336383993555320'); fbq('track', 'PageView'); fbq('track', 'ViewContent');}catch(error){console.log(\"Error al inicializar facebookPixelRawCodeScript:\",error);}<\/script><\/p>\n","protected":false},"excerpt":{"rendered":"<p>31 Ago, 2026 03:57 p. m. EST Desde Rosario &#8211; Bajo el lema \u201cexportar para crecer e innovar para exportar\u201d, empez\u00f3 el Santa Fe Business Forum (SFBF), un encuentro que alberga a compradores, inversores y empresas de distintos pa\u00edses, cuyo objetivo es impulsar las exportaciones, atraer capital y reforzar el perfil internacional de la provincia. [&hellip;]<\/p>\n","protected":false},"author":1,"featured_media":24461,"comment_status":"open","ping_status":"open","sticky":false,"template":"","format":"standard","meta":{"footnotes":""},"categories":[1],"tags":[14],"class_list":["post-24460","post","type-post","status-publish","format-standard","has-post-thumbnail","hentry","category-uncategorized","tag-hidrovia"],"_links":{"self":[{"href":"https:\/\/cliente1.publisher.highstack.com.ar\/index.php?rest_route=\/wp\/v2\/posts\/24460","targetHints":{"allow":["GET"]}}],"collection":[{"href":"https:\/\/cliente1.publisher.highstack.com.ar\/index.php?rest_route=\/wp\/v2\/posts"}],"about":[{"href":"https:\/\/cliente1.publisher.highstack.com.ar\/index.php?rest_route=\/wp\/v2\/types\/post"}],"author":[{"embeddable":true,"href":"https:\/\/cliente1.publisher.highstack.com.ar\/index.php?rest_route=\/wp\/v2\/users\/1"}],"replies":[{"embeddable":true,"href":"https:\/\/cliente1.publisher.highstack.com.ar\/index.php?rest_route=%2Fwp%2Fv2%2Fcomments&post=24460"}],"version-history":[{"count":0,"href":"https:\/\/cliente1.publisher.highstack.com.ar\/index.php?rest_route=\/wp\/v2\/posts\/24460\/revisions"}],"wp:featuredmedia":[{"embeddable":true,"href":"https:\/\/cliente1.publisher.highstack.com.ar\/index.php?rest_route=\/wp\/v2\/media\/24461"}],"wp:attachment":[{"href":"https:\/\/cliente1.publisher.highstack.com.ar\/index.php?rest_route=%2Fwp%2Fv2%2Fmedia&parent=24460"}],"wp:term":[{"taxonomy":"category","embeddable":true,"href":"https:\/\/cliente1.publisher.highstack.com.ar\/index.php?rest_route=%2Fwp%2Fv2%2Fcategories&post=24460"},{"taxonomy":"post_tag","embeddable":true,"href":"https:\/\/cliente1.publisher.highstack.com.ar\/index.php?rest_route=%2Fwp%2Fv2%2Ftags&post=24460"}],"curies":[{"name":"wp","href":"https:\/\/api.w.org\/{rel}","templated":true}]}}