{"id":24450,"date":"2026-08-31T15:33:02","date_gmt":"2026-08-31T18:33:02","guid":{"rendered":"https:\/\/cliente1.publisher.highstack.com.ar\/?p=24450"},"modified":"2026-08-31T15:33:02","modified_gmt":"2026-08-31T18:33:02","slug":"visita-de-leon-xiv-a-la-argentina-la-avanzada-del-vaticano-inicio-las-recorridas-y-define-la-agenda","status":"publish","type":"post","link":"https:\/\/cliente1.publisher.highstack.com.ar\/?p=24450","title":{"rendered":"Visita de Le\u00f3n XIV a la Argentina: la avanzada del Vaticano inici\u00f3 las recorridas y define la agenda"},"content":{"rendered":"<div class=\"visual__image image-initial-width\"><picture><source srcset=\"https:\/\/www.infobae.com\/resizer\/v2\/5WI4MCYJ5BD5HANQYP2CLA4HUY.jpeg?auth=55e68cf501b847f471284db14701b8f425dd356174fc3fed65f3de4ea6c5db65&amp;smart=true&amp;width=992&amp;height=557&amp;quality=85\" media=\"(min-width: 1000px)\"><\/source><source srcset=\"https:\/\/www.infobae.com\/resizer\/v2\/5WI4MCYJ5BD5HANQYP2CLA4HUY.jpeg?auth=55e68cf501b847f471284db14701b8f425dd356174fc3fed65f3de4ea6c5db65&amp;smart=true&amp;width=768&amp;height=431&amp;quality=85\" media=\"(min-width: 768px)\"><\/source><source srcset=\"https:\/\/www.infobae.com\/resizer\/v2\/5WI4MCYJ5BD5HANQYP2CLA4HUY.jpeg?auth=55e68cf501b847f471284db14701b8f425dd356174fc3fed65f3de4ea6c5db65&amp;smart=true&amp;width=577&amp;height=324&amp;quality=85\" media=\"(min-width: 580px)\"><\/source><source srcset=\"https:\/\/www.infobae.com\/resizer\/v2\/5WI4MCYJ5BD5HANQYP2CLA4HUY.jpeg?auth=55e68cf501b847f471284db14701b8f425dd356174fc3fed65f3de4ea6c5db65&amp;smart=true&amp;width=420&amp;height=236&amp;quality=85\" media=\"(min-width: 350px)\"><\/source><source srcset=\"https:\/\/www.infobae.com\/resizer\/v2\/5WI4MCYJ5BD5HANQYP2CLA4HUY.jpeg?auth=55e68cf501b847f471284db14701b8f425dd356174fc3fed65f3de4ea6c5db65&amp;smart=true&amp;width=350&amp;height=196&amp;quality=85\" media=\"(min-width: 80px)\"><\/source><img alt=\"Imagen 5WI4MCYJ5BD5HANQYP2CLA4HUY\" class=\"global-image\" decoding=\"async\" fetchpriority=\"high\" height=\"421\" loading=\"eager\" src=\"https:\/\/www.infobae.com\/resizer\/v2\/5WI4MCYJ5BD5HANQYP2CLA4HUY.jpeg?auth=55e68cf501b847f471284db14701b8f425dd356174fc3fed65f3de4ea6c5db65&amp;smart=true&amp;width=350&amp;height=196&amp;quality=85\" width=\"750\"><\/picture><\/div>\n<div class=\"sharebar-container display_flex sharebar-new\" style=\"opacity:1\">\n<div class=\"share-bar-article-date-container \"><span class=\"sharebar-article-date\">31 Ago, 2026 01:26 p. m. EST<\/span><\/div>\n<div class=\"sharebar-buttons-container display_flex\">\n<div aria-label=\"Guardar\" class=\"sharebar-buttons button-save\" role=\"button\" tabindex=\"0\"><svg width=\"9\" height=\"12\" viewbox=\"0 0 8 10\" fill=\"none\" xmlns=\"http:\/\/www.w3.org\/2000\/svg\" class=\"saved-icon saved\"><path d=\"M6.64286 0.5V9.31687L4.1116 7.16407L4.11106 7.16361C3.79894 6.89891 3.34392 6.89891 3.03179 7.16361L3.03126 7.16407L0.5 9.31687V0.5H6.64286Z\"><\/path><\/svg><span class=\"buttons-save-text\">Guardar<\/span><\/div>\n<div class=\"sharebar-buttons-separator\"><\/div>\n<p><button class=\"sharemenu-buttons display_flex\" aria-label=\"Compartir en Telegram\"><svg width=\"38\" height=\"38\" viewbox=\"0 0 38 38\" fill=\"none\" xmlns=\"http:\/\/www.w3.org\/2000\/svg\"><rect x=\"0.5\" y=\"0.5\" width=\"37\" height=\"37\" rx=\"18.5\" fill=\"white\"><\/rect><rect x=\"0.5\" y=\"0.5\" width=\"37\" height=\"37\" rx=\"18.5\" stroke=\"#C2C2C2\"><\/rect><path d=\"M24.9696 12.5511L10.3405 18.0494C10.0623 18.151 9.92701 18.4484 10.0398 18.7168C10.0999 18.8619 10.2277 18.9779 10.3856 19.0214L14.1068 20.0805L15.4975 24.3312C15.6028 24.6576 15.9636 24.839 16.2944 24.7374C16.3921 24.7084 16.4823 24.6504 16.5575 24.5778L18.482 22.6846L22.2558 25.354C22.6091 25.6006 23.0977 25.5281 23.3533 25.1872C23.421 25.1001 23.4661 24.9986 23.4887 24.897L25.9845 13.3707C26.0672 12.979 25.8116 12.5946 25.4056 12.5148C25.2628 12.4858 25.1124 12.5003 24.9771 12.5511M23.1429 15.1116L16.347 20.9147C16.2793 20.9727 16.2342 21.0525 16.2267 21.1395L15.9636 23.381C15.9636 23.4172 15.926 23.4462 15.8884 23.439C15.8583 23.439 15.8358 23.4172 15.8283 23.3955L14.7533 20.0442C14.7007 19.8919 14.7683 19.7251 14.9111 19.638L22.9399 14.836C23.0226 14.7852 23.1353 14.8142 23.1804 14.894C23.2255 14.9666 23.2105 15.0536 23.1504 15.1116\" fill=\"#555555\"><\/path><\/svg><\/button><button class=\"sharemenu-buttons display_flex\" aria-label=\"Compartir en Linkedin\"><svg width=\"38\" height=\"38\" viewbox=\"0 0 38 38\" fill=\"none\" xmlns=\"http:\/\/www.w3.org\/2000\/svg\"><rect x=\"0.5\" y=\"0.5\" width=\"37\" height=\"37\" rx=\"18.5\" fill=\"white\"><\/rect><rect x=\"0.5\" y=\"0.5\" width=\"37\" height=\"37\" rx=\"18.5\" stroke=\"#C2C2C2\"><\/rect><path d=\"M16.5556 27V16.2231H19.963V17.6949C20.0185 17.6368 20.0648 17.5787 20.1111 17.5206C20.8611 16.349 22.2037 15.739 23.537 15.981C25.3889 16.1359 26.8426 17.7046 26.9259 19.6411C26.9722 20.0478 27 20.4641 27 20.8708C27 22.817 27 24.7633 27 26.7095V26.9806H23.5741V26.6805C23.5741 24.8892 23.5741 23.0882 23.5741 21.2969C23.5741 20.8805 23.5278 20.4545 23.4259 20.0478C23.1945 19.1279 22.2963 18.5663 21.4074 18.8084C21.2037 18.8665 21 18.9633 20.8333 19.0989C20.3333 19.4281 20.0185 19.9897 19.9907 20.6094C19.9722 21.1419 19.9722 21.6842 19.9722 22.2167V26.9903H16.5648L16.5556 27ZM11.2222 27V16.2037H11.7407C12.6204 16.2037 13.5 16.2037 14.3796 16.2037C14.5833 16.2037 14.6482 16.2328 14.6482 16.4748V26.9903H11.2222V27ZM11.0093 12.8825C11.0093 11.8465 11.8055 11.0041 12.787 11.0041C12.8426 11.0041 12.8982 11.0041 12.9537 11.0041C13.9445 10.9363 14.7963 11.7206 14.8611 12.7567C14.8611 12.7954 14.8611 12.8438 14.8611 12.8825C14.8426 13.9283 14.0278 14.761 13.0278 14.7416C12.9907 14.7416 12.9537 14.7416 12.9259 14.7416H12.9074C11.9259 14.8191 11.0741 14.0445 11 13.0181C11 12.9697 11 12.931 11 12.8825H11.0093Z\" fill=\"#555555\"><\/path><\/svg><\/button><button class=\"sharemenu-buttons display_flex\" aria-label=\"Compartir en Twitter\"><svg width=\"38\" height=\"38\" viewbox=\"0 0 38 38\" fill=\"none\" xmlns=\"http:\/\/www.w3.org\/2000\/svg\"><rect x=\"0.5\" y=\"0.5\" width=\"37\" height=\"37\" rx=\"18.5\" fill=\"white\"><\/rect><rect x=\"0.5\" y=\"0.5\" width=\"37\" height=\"37\" rx=\"18.5\" stroke=\"#C2C2C2\"><\/rect><path d=\"M11.0391 11L17.2165 19.8249L11 27H12.399L17.8415 20.7182L22.2389 27H27L20.475 17.6786L26.2613 11H24.8623L19.85 16.7855L15.8001 11H11.0391ZM13.0965 12.101H15.2838L24.9423 25.8987H22.7551L13.0965 12.101Z\" fill=\"#555555\"><\/path><\/svg><\/button><button class=\"sharemenu-buttons display_flex\" aria-label=\"Compartir en Facebook\"><svg width=\"38\" height=\"38\" viewbox=\"0 0 38 38\" fill=\"none\" xmlns=\"http:\/\/www.w3.org\/2000\/svg\"><rect x=\"0.5\" y=\"0.5\" width=\"37\" height=\"37\" rx=\"18.5\" fill=\"white\"><\/rect><rect x=\"0.5\" y=\"0.5\" width=\"37\" height=\"37\" rx=\"18.5\" stroke=\"#C2C2C2\"><\/rect><path d=\"M17.3544 26.9921V18.9235H15V16.3346H17.3544V16.0805C17.3544 15.3816 17.3291 14.6748 17.3882 13.976C17.3882 12.8642 18.0633 11.8556 19.1266 11.3712C19.5232 11.1965 19.9452 11.0853 20.3755 11.0376C21.2532 10.9741 22.1308 10.99 23 11.0932V13.4201H22.7722C22.2743 13.4201 21.7848 13.4201 21.2869 13.436C20.73 13.4042 20.2489 13.8013 20.2152 14.3254C20.2152 14.373 20.2152 14.4128 20.2152 14.4604C20.1983 15.0481 20.2152 15.6357 20.2152 16.2234C20.2152 16.2552 20.2152 16.2949 20.2321 16.3267H22.9409C22.8228 17.2082 22.7046 18.0579 22.5865 18.9315H20.2236V27H17.3629L17.3544 26.9921Z\" fill=\"#555555\"><\/path><\/svg><\/button><button class=\"sharemenu-buttons display_flex\" aria-label=\"Compartir en Whatsapp\"><svg width=\"38\" height=\"38\" viewbox=\"0 0 38 38\" fill=\"none\" xmlns=\"http:\/\/www.w3.org\/2000\/svg\"><rect x=\"0.5\" y=\"0.5\" width=\"37\" height=\"37\" rx=\"18.5\" fill=\"white\"><\/rect><rect x=\"0.5\" y=\"0.5\" width=\"37\" height=\"37\" rx=\"18.5\" stroke=\"#C2C2C2\"><\/rect><path d=\"M21.2863 19.9439C21.0997 19.8551 20.9664 19.9262 20.8419 20.0861C20.6731 20.3261 20.4687 20.5483 20.2909 20.7794C20.1665 20.9393 20.0243 20.9749 19.8376 20.8949C18.6645 20.4239 17.7757 19.6506 17.1269 18.5841C17.0292 18.4242 17.038 18.2997 17.1536 18.1575C17.3225 17.9531 17.4824 17.7576 17.6157 17.5354C17.678 17.4287 17.7135 17.2599 17.678 17.1532C17.4735 16.6111 17.2425 16.0867 17.0114 15.5535C16.9669 15.4557 16.8781 15.3313 16.7892 15.3224C16.4248 15.2602 16.0426 15.1891 15.7316 15.4912C15.1094 16.0778 14.8784 16.7977 15.0383 17.6243C15.1805 18.3619 15.5983 18.9663 16.0426 19.5618C16.887 20.6638 17.8646 21.6237 19.1622 22.1925C19.7932 22.4769 20.4331 22.7613 21.1441 22.7613C21.2685 22.7613 21.393 22.7613 21.5085 22.7346C22.4506 22.5391 23.1172 22.0058 23.0816 21.0193C23.0816 20.9216 23.0194 20.7794 22.9483 20.7438C22.3973 20.4594 21.8462 20.2017 21.2863 19.9439Z\" fill=\"#555555\"><\/path><path d=\"M26.9482 17.8724C26.3972 13.4642 22.1401 10.3447 17.7229 11.1179C12.6481 11.9977 9.71521 17.2859 11.6883 21.9963C12.1948 22.6629 12.0615 23.3472 11.8216 24.0849C11.5105 25.027 11.2794 26.0046 11.0039 27C11.1194 26.9733 11.1994 26.9644 11.2794 26.9378C12.5059 26.6178 13.7324 26.3068 14.9411 25.9868C15.1544 25.9335 15.3144 25.9602 15.5099 26.0579C17.1719 26.8667 18.9227 27.0978 20.718 26.7067C24.833 25.7913 27.4548 22.0496 26.9305 17.8902L26.9482 17.8724ZM20.0515 25.4624C18.4784 25.7113 17.003 25.3913 15.6166 24.6003C15.5099 24.5381 15.3411 24.5115 15.2077 24.547C14.4612 24.7248 13.7146 24.9292 12.9147 25.1336C13.1192 24.3693 13.3058 23.6672 13.5102 22.9473C13.5635 22.7606 13.5369 22.6273 13.4391 22.4673C11.0039 18.5479 13.1014 13.5442 17.6163 12.5043C21.2868 11.6511 25.0285 14.1841 25.5884 17.908C26.1395 21.5519 23.6954 24.8936 20.0515 25.4624Z\" fill=\"#555555\"><\/path><\/svg><\/button><\/div>\n<\/div>\n<p class=\"paragraph\" data-paragraph-number=\"1\"><b>La segunda misi\u00f3n de avanzada del Vaticano inici\u00f3 este lunes la inspecci\u00f3n final de los escenarios previstos para la visita de <\/b><a href=\"https:\/\/www.infobae.com\/politica\/2026\/08\/05\/el-papa-leon-xiv-viajara-a-la-argentina-en-noviembre-el-vaticano-confirmo-el-itinerario-de-una-historica-visita-de-tres-dias\/?gad_source=1&amp;gad_campaignid=20993778607&amp;gbraid=0AAAAADmqXxQX2lEyl007-wSLvwGs8irgB&amp;gclid=CjwKCAjwzNTUBhAjEiwA7zcvWm-QjiBoIKB2m312ihwJD2I3xL1t9oALAM-t_ucAkCMPhtnj-AXOKRoCni4QAvD_BwE\" target=\"_blank\" rel=\"noreferrer\" title=\"https:\/\/www.infobae.com\/politica\/2026\/08\/05\/el-papa-leon-xiv-viajara-a-la-argentina-en-noviembre-el-vaticano-confirmo-el-itinerario-de-una-historica-visita-de-tres-dias\/?gad_source=1&amp;gad_campaignid=20993778607&amp;gbraid=0AAAAADmqXxQX2lEyl007-wSLvwGs8irgB&amp;gclid=CjwKCAjwzNTUBhAjEiwA7zcvWm-QjiBoIKB2m312ihwJD2I3xL1t9oALAM-t_ucAkCMPhtnj-AXOKRoCni4QAvD_BwE\"><b>Le\u00f3n XIV a la Argentina entre el 8 y el 11 de noviembre<\/b><\/a>, en una etapa decisiva para definir el programa oficial del viaje, que ya tiene fechas y jurisdicciones confirmadas, pero todav\u00eda espera la aprobaci\u00f3n definitiva de la Santa Sede.<\/p>\n<div class=\"marfeel-recommender marfeel-recommender-1\"><\/div>\n<p class=\"paragraph\" data-paragraph-number=\"2\">La delegaci\u00f3n, que arrib\u00f3 el domingo por la noche a <b>Buenos Aires<\/b>, no trabaja sobre un esquema preliminar abierto, sino sobre un itinerario que ya tiene actividades delineadas, escalas definidas y locaciones seleccionadas como opciones principales. Seg\u00fan pudo reconstruir <b>Infobae<\/b>, el objetivo de estas recorridas es verificar en el terreno qu\u00e9 lugares cumplen con las exigencias operativas, protocolares y pastorales que fija el Vaticano para una visita papal.<\/p>\n<div class=\"inline ad-wrapper dfpAd ad-inline ad-text ad-component-container\" style=\"--ad-shell-height:250px;--ad-shell-width:300px\" data-ad-wrapper=\"arcad\" data-ad-type=\"inline\" data-ad-slot=\"infobae\/politica\/nota\/inline\" data-ad-container=\"dfp\" data-ad-slot-name=\"infobae\/politica\/nota\/inline\">\n<p class=\"ad-shell-label\">PUBLICIDAD<\/p>\n<div id=\"infobae\/politica\/nota\/inline\" class=\"infobae\/politica\/nota\/inline arcad ad-slot-node ad-slot-node--boxed\" data-ad-slot-id=\"infobae\/politica\/nota\/inline\"><\/div>\n<\/div>\n<p class=\"paragraph\" data-paragraph-number=\"3\">El viaje de <b>Le\u00f3n XIV<\/b> abarcar\u00e1 la <b>Ciudad de Buenos Aires<\/b>, <b>C\u00f3rdoba<\/b> y <b>Luj\u00e1n<\/b>, en territorio bonaerense. Fuentes ligadas a la organizaci\u00f3n se\u00f1alaron a <b>Infobae <\/b>que el armado de la agenda se encuentra avanzado y que la l\u00f3gica general del recorrido ya est\u00e1 trazada, aunque la etapa actual puede introducir ajustes antes de la validaci\u00f3n final desde Roma.<\/p>\n<div class=\"marfeel-recommender marfeel-recommender-3\"><\/div>\n<p class=\"paragraph\" data-paragraph-number=\"4\">La definici\u00f3n que atraviesa todo el dise\u00f1o del viaje es su car\u00e1cter <b>eminentemente pastoral<\/b>. El Papa llegar\u00e1 como sucesor de Pedro para encontrarse con la Iglesia argentina y con los fieles, y bajo ese criterio se estructuran las misas, las convocatorias masivas y las visitas a sectores vinculados con la vulnerabilidad social, entre ellos j\u00f3venes, trabajadores y personas privadas de su libertad.<\/p>\n<div class=\"inline_2 ad-wrapper dfpAd ad-inline ad-text ad-component-container\" style=\"--ad-shell-height:250px;--ad-shell-width:300px\" data-ad-wrapper=\"arcad\" data-ad-type=\"inline_2\" data-ad-slot=\"infobae\/politica\/nota\/inline_2\" data-ad-container=\"dfp\" data-ad-slot-name=\"infobae\/politica\/nota\/inline_2\">\n<p class=\"ad-shell-label\">PUBLICIDAD<\/p>\n<div id=\"infobae\/politica\/nota\/inline_2\" class=\"infobae\/politica\/nota\/inline_2 arcad ad-slot-node ad-slot-node--boxed\" data-ad-slot-id=\"infobae\/politica\/nota\/inline_2\"><\/div>\n<\/div>\n<div class=\"visual__image\"><picture><source srcset=\"https:\/\/www.infobae.com\/resizer\/v2\/7L6V4K5FHBCYNJ3VSGP5QMCRCA.jpg?auth=dd690050db59729e33f7f7b7a730553cfc22c55a3c3c655d57d1805168de0e90&amp;smart=true&amp;width=992&amp;height=619&amp;quality=85\" media=\"(min-width: 1000px)\"><\/source><source srcset=\"https:\/\/www.infobae.com\/resizer\/v2\/7L6V4K5FHBCYNJ3VSGP5QMCRCA.jpg?auth=dd690050db59729e33f7f7b7a730553cfc22c55a3c3c655d57d1805168de0e90&amp;smart=true&amp;width=768&amp;height=479&amp;quality=85\" media=\"(min-width: 768px)\"><\/source><source srcset=\"https:\/\/www.infobae.com\/resizer\/v2\/7L6V4K5FHBCYNJ3VSGP5QMCRCA.jpg?auth=dd690050db59729e33f7f7b7a730553cfc22c55a3c3c655d57d1805168de0e90&amp;smart=true&amp;width=577&amp;height=360&amp;quality=85\" media=\"(min-width: 580px)\"><\/source><source srcset=\"https:\/\/www.infobae.com\/resizer\/v2\/7L6V4K5FHBCYNJ3VSGP5QMCRCA.jpg?auth=dd690050db59729e33f7f7b7a730553cfc22c55a3c3c655d57d1805168de0e90&amp;smart=true&amp;width=420&amp;height=262&amp;quality=85\" media=\"(min-width: 350px)\"><\/source><source srcset=\"https:\/\/www.infobae.com\/resizer\/v2\/7L6V4K5FHBCYNJ3VSGP5QMCRCA.jpg?auth=dd690050db59729e33f7f7b7a730553cfc22c55a3c3c655d57d1805168de0e90&amp;smart=true&amp;width=350&amp;height=218&amp;quality=85\" media=\"(min-width: 80px)\"><\/source><img alt=\"El presidente de la Conferencia Episcopal, arzobispo Marcelo Colombo, el papa Le\u00f3n XIV, y el vicepresidente de la CEA, monse\u00f1or Ra\u00fal Pizarro\" class=\"global-image\" decoding=\"async\" fetchpriority=\"low\" height=\"468\" loading=\"lazy\" src=\"https:\/\/www.infobae.com\/resizer\/v2\/7L6V4K5FHBCYNJ3VSGP5QMCRCA.jpg?auth=dd690050db59729e33f7f7b7a730553cfc22c55a3c3c655d57d1805168de0e90&amp;smart=true&amp;width=350&amp;height=218&amp;quality=85\" width=\"750\"><\/picture><\/div>\n<p class=\"paragraph\" data-paragraph-number=\"5\">A la vez, <b>Robert Francis Prevost<\/b> desembarcar\u00e1 en el pa\u00eds en su condici\u00f3n de jefe del Estado de la <b>Ciudad del Vaticano<\/b>, una dimensi\u00f3n que explica la centralidad del Gobierno argentino en la organizaci\u00f3n del operativo. Mientras la Iglesia participa en el contenido pastoral, el Estado debe resolver las condiciones institucionales, de seguridad, traslado, protocolo y log\u00edstica de una visita oficial.<\/p>\n<div class=\"marfeel-recommender marfeel-recommender-5\"><\/div>\n<p class=\"paragraph\" data-paragraph-number=\"6\">Ese componente institucional tendr\u00e1 su expresi\u00f3n principal en la primera actividad prevista del programa. El presidente <b>Javier Milei<\/b> recibir\u00e1 al pont\u00edfice en la <b>Casa Rosada<\/b>, en lo que se perfila como el encuentro pol\u00edtico m\u00e1s relevante de la visita antes del inicio del tramo pastoral.<\/p>\n<div class=\"ad_1 ad-wrapper dfpAd ad-1-al-6 ad-text ad-component-container\" style=\"--ad-shell-height:250px;--ad-shell-width:300px\" data-ad-wrapper=\"arcad\" data-ad-type=\"ad_1\" data-ad-slot=\"infobae\/politica\/nota\/ad_1\" data-ad-container=\"dfp\" data-ad-slot-name=\"infobae\/politica\/nota\/ad_1\">\n<p class=\"ad-shell-label\">PUBLICIDAD<\/p>\n<div id=\"infobae\/politica\/nota\/ad_1\" class=\"infobae\/politica\/nota\/ad_1 arcad ad-slot-node ad-slot-node--boxed\" data-ad-slot-id=\"infobae\/politica\/nota\/ad_1\"><\/div>\n<\/div>\n<p class=\"paragraph\" data-paragraph-number=\"7\">Entre los escenarios con mayor grado de avance aparece el <b>Monumento a los Espa\u00f1oles<\/b>, en Palermo, una de las opciones fuertes para una convocatoria multitudinaria en la capital. El jefe de Gobierno porte\u00f1o, <b>Jorge Macri<\/b>, afirm\u00f3 este lunes que la Ciudad se prepara para un evento de <b>600.000 a 800.000 personas<\/b>, una estimaci\u00f3n que obliga a desplegar un operativo por encima del de un acto convencional. Pero en otros \u00e1mbitos, multiplican por al menos dos y hasta tres veces ese pron\u00f3stico.<\/p>\n<p class=\"paragraph\" data-paragraph-number=\"8\">La evaluaci\u00f3n sobre ese punto incluye accesos, corredores de seguridad, circulaci\u00f3n peatonal, transporte p\u00fablico y capacidad de evacuaci\u00f3n. Esas son parte de las variables que la avanzada vaticana revisa en cada sitio antes de emitir una recomendaci\u00f3n definitiva.<\/p>\n<div class=\"ad_2 ad-wrapper dfpAd ad-1-al-6 ad-text ad-component-container\" style=\"--ad-shell-height:250px;--ad-shell-width:300px\" data-ad-wrapper=\"arcad\" data-ad-type=\"ad_2\" data-ad-slot=\"infobae\/politica\/nota\/ad_2\" data-ad-container=\"dfp\" data-ad-slot-name=\"infobae\/politica\/nota\/ad_2\">\n<p class=\"ad-shell-label\">PUBLICIDAD<\/p>\n<div id=\"infobae\/politica\/nota\/ad_2\" class=\"infobae\/politica\/nota\/ad_2 arcad ad-slot-node ad-slot-node--boxed\" data-ad-slot-id=\"infobae\/politica\/nota\/ad_2\"><\/div>\n<\/div>\n<p class=\"paragraph\" data-paragraph-number=\"9\">Otro de los espacios incluidos en el esquema es la <b>Universidad Cat\u00f3lica Argentina (UCA)<\/b>, en el barrio porte\u00f1o de Puerto Madero, donde se proyecta un encuentro del Papa con representantes del mundo de la producci\u00f3n y del trabajo. La idea en an\u00e1lisis contempla la participaci\u00f3n de empresarios, trabajadores y dirigentes sindicales en una actividad sectorial, distinta de las celebraciones religiosas masivas.<\/p>\n<div class=\"visual__image\"><picture><source srcset=\"https:\/\/www.infobae.com\/resizer\/v2\/NFAE7FU6XNCTPBR5KUNXHZDQVA.jpg?auth=629587c8faeb2b70a608324319f15f40e32ce14c62125a4bcad7e407b17cbe35&amp;smart=true&amp;width=992&amp;height=918&amp;quality=85\" media=\"(min-width: 1000px)\"><\/source><source srcset=\"https:\/\/www.infobae.com\/resizer\/v2\/NFAE7FU6XNCTPBR5KUNXHZDQVA.jpg?auth=629587c8faeb2b70a608324319f15f40e32ce14c62125a4bcad7e407b17cbe35&amp;smart=true&amp;width=768&amp;height=710&amp;quality=85\" media=\"(min-width: 768px)\"><\/source><source srcset=\"https:\/\/www.infobae.com\/resizer\/v2\/NFAE7FU6XNCTPBR5KUNXHZDQVA.jpg?auth=629587c8faeb2b70a608324319f15f40e32ce14c62125a4bcad7e407b17cbe35&amp;smart=true&amp;width=577&amp;height=534&amp;quality=85\" media=\"(min-width: 580px)\"><\/source><source srcset=\"https:\/\/www.infobae.com\/resizer\/v2\/NFAE7FU6XNCTPBR5KUNXHZDQVA.jpg?auth=629587c8faeb2b70a608324319f15f40e32ce14c62125a4bcad7e407b17cbe35&amp;smart=true&amp;width=420&amp;height=389&amp;quality=85\" media=\"(min-width: 350px)\"><\/source><source srcset=\"https:\/\/www.infobae.com\/resizer\/v2\/NFAE7FU6XNCTPBR5KUNXHZDQVA.jpg?auth=629587c8faeb2b70a608324319f15f40e32ce14c62125a4bcad7e407b17cbe35&amp;smart=true&amp;width=350&amp;height=324&amp;quality=85\" media=\"(min-width: 80px)\"><\/source><img alt=\"El canciller Quirno y el nuncio Wallach\" class=\"global-image\" decoding=\"async\" fetchpriority=\"low\" height=\"2368\" loading=\"lazy\" src=\"https:\/\/www.infobae.com\/resizer\/v2\/NFAE7FU6XNCTPBR5KUNXHZDQVA.jpg?auth=629587c8faeb2b70a608324319f15f40e32ce14c62125a4bcad7e407b17cbe35&amp;smart=true&amp;width=350&amp;height=324&amp;quality=85\" width=\"2560\"><\/picture><\/div>\n<p class=\"paragraph\" data-paragraph-number=\"10\">Tambi\u00e9n figura en estudio una visita a una c\u00e1rcel. La unidad penitenciaria todav\u00eda no fue definida y una de las alternativas es <b>Devoto<\/b>, aunque no se descarta otra locaci\u00f3n. En este caso, la revisi\u00f3n incorpora exigencias particulares por las condiciones de seguridad, los accesos y la din\u00e1mica propia de una visita papal dentro de un establecimiento carcelario.<\/p>\n<div class=\"ad_3 ad-wrapper dfpAd ad-1-al-6 ad-text ad-component-container\" style=\"--ad-shell-height:250px;--ad-shell-width:300px\" data-ad-wrapper=\"arcad\" data-ad-type=\"ad_3\" data-ad-slot=\"infobae\/politica\/nota\/ad_3\" data-ad-container=\"dfp\" data-ad-slot-name=\"infobae\/politica\/nota\/ad_3\">\n<p class=\"ad-shell-label\">PUBLICIDAD<\/p>\n<div id=\"infobae\/politica\/nota\/ad_3\" class=\"infobae\/politica\/nota\/ad_3 arcad ad-slot-node ad-slot-node--boxed\" data-ad-slot-id=\"infobae\/politica\/nota\/ad_3\"><\/div>\n<\/div>\n<p class=\"paragraph\" data-paragraph-number=\"11\">La l\u00f3gica pastoral de ese tramo apunta a un contacto directo con personas privadas de su libertad, un gesto presente en distintos viajes apost\u00f3licos. Dentro de ese mismo perfil tambi\u00e9n aparece el <b>Peque\u00f1o Cottolengo Argentino Don Orione<\/b>, en <b>Claypole<\/b>, dedicado a la atenci\u00f3n integral de personas con discapacidad.<\/p>\n<p class=\"paragraph\" data-paragraph-number=\"12\">La eventual inclusi\u00f3n del Cottolengo reforzar\u00eda una de las l\u00edneas que busca mostrar la visita: junto a los actos de gran escala y los momentos institucionales, el programa reservar\u00eda espacios de cercan\u00eda personal y contenido social. La arquitectura del itinerario deja ver esa combinaci\u00f3n entre representaci\u00f3n estatal, celebraciones religiosas y presencia en \u00e1mbitos de fragilidad social.<\/p>\n<div class=\"ad_4 ad-wrapper dfpAd ad-1-al-6 ad-text ad-component-container\" style=\"--ad-shell-height:250px;--ad-shell-width:300px\" data-ad-wrapper=\"arcad\" data-ad-type=\"ad_4\" data-ad-slot=\"infobae\/politica\/nota\/ad_4\" data-ad-container=\"dfp\" data-ad-slot-name=\"infobae\/politica\/nota\/ad_4\">\n<p class=\"ad-shell-label\">PUBLICIDAD<\/p>\n<div id=\"infobae\/politica\/nota\/ad_4\" class=\"infobae\/politica\/nota\/ad_4 arcad ad-slot-node ad-slot-node--boxed\" data-ad-slot-id=\"infobae\/politica\/nota\/ad_4\"><\/div>\n<\/div>\n<p class=\"paragraph\" data-paragraph-number=\"13\">Tras el paso por el \u00e1rea metropolitana, la agenda prev\u00e9 el traslado a <b>C\u00f3rdoba<\/b>, segunda escala geogr\u00e1fica del viaje. All\u00ed, el predio de la <b>F\u00e1brica Argentina de Aviones (FAdeA)<\/b> surge como la alternativa m\u00e1s avanzada para una de las actividades centrales del paso papal por la provincia.<\/p>\n<p class=\"paragraph\" data-paragraph-number=\"14\">Las dimensiones del lugar y sus condiciones operativas permiten proyectar una concentraci\u00f3n numerosa y organizar dispositivos de ingreso, seguridad, asistencia sanitaria y movilidad. Autoridades eclesi\u00e1sticas cordobesas ya mantienen contactos con funcionarios locales y nacionales para afinar esa parte del operativo.<\/p>\n<div class=\"ad_5 ad-wrapper dfpAd ad-1-al-6 ad-text ad-component-container\" style=\"--ad-shell-height:250px;--ad-shell-width:300px\" data-ad-wrapper=\"arcad\" data-ad-type=\"ad_5\" data-ad-slot=\"infobae\/politica\/nota\/ad_5\" data-ad-container=\"dfp\" data-ad-slot-name=\"infobae\/politica\/nota\/ad_5\">\n<p class=\"ad-shell-label\">PUBLICIDAD<\/p>\n<div id=\"infobae\/politica\/nota\/ad_5\" class=\"infobae\/politica\/nota\/ad_5 arcad ad-slot-node ad-slot-node--boxed\" data-ad-slot-id=\"infobae\/politica\/nota\/ad_5\"><\/div>\n<\/div>\n<p class=\"paragraph\" data-paragraph-number=\"15\">Despu\u00e9s de esa escala, <b>Le\u00f3n XIV<\/b> regresar\u00e1 al \u00e1rea de <b>Buenos Aires<\/b> para dirigirse a <b>Luj\u00e1n<\/b>, donde se prepara uno de los momentos de mayor densidad religiosa del viaje. La <b>Bas\u00edlica de Nuestra Se\u00f1ora de Luj\u00e1n<\/b> aparece entre las sedes m\u00e1s consolidadas del programa y all\u00ed se proyecta una misa multitudinaria en el principal santuario mariano del pa\u00eds.<\/p>\n<p class=\"paragraph\" data-paragraph-number=\"16\">La log\u00edstica para esa celebraci\u00f3n exige prever la llegada de fieles desde distintas provincias y desde todo el \u00c1rea Metropolitana de Buenos Aires, adem\u00e1s del movimiento de la comitiva papal y del dispositivo de seguridad correspondiente a un evento de gran escala.<\/p>\n<div class=\"ad_6 ad-wrapper dfpAd ad-1-al-6 ad-text ad-component-container\" style=\"--ad-shell-height:250px;--ad-shell-width:300px\" data-ad-wrapper=\"arcad\" data-ad-type=\"ad_6\" data-ad-slot=\"infobae\/politica\/nota\/ad_6\" data-ad-container=\"dfp\" data-ad-slot-name=\"infobae\/politica\/nota\/ad_6\">\n<p class=\"ad-shell-label\">PUBLICIDAD<\/p>\n<div id=\"infobae\/politica\/nota\/ad_6\" class=\"infobae\/politica\/nota\/ad_6 arcad ad-slot-node ad-slot-node--boxed\" data-ad-slot-id=\"infobae\/politica\/nota\/ad_6\"><\/div>\n<\/div>\n<p class=\"paragraph\" data-paragraph-number=\"17\">Todav\u00eda permanece abierta otra decisi\u00f3n sensible dentro del itinerario: el lugar del encuentro del Papa con los j\u00f3venes. Una de las alternativas es el estadio <b>Monumental<\/b> de <b>River Plate<\/b>, una opci\u00f3n que suma capacidad, accesos e infraestructura ya probada en grandes eventos.<\/p>\n<p class=\"paragraph\" data-paragraph-number=\"18\">Dentro del Vaticano y de la Iglesia argentina tambi\u00e9n circula otra posibilidad, con un impacto urbano mucho mayor: la <b>avenida 9 de Julio<\/b>. Esa variante permitir\u00eda una convocatoria m\u00e1s abierta, sin el l\u00edmite f\u00edsico de un estadio, y ofrecer\u00eda una postal de alto valor simb\u00f3lico en el centro porte\u00f1o.<\/p>\n<p class=\"paragraph\" data-paragraph-number=\"19\">La contracara de esa alternativa es su complejidad operativa. Un encuentro sobre la 9 de Julio demandar\u00eda cortes extensos, reconfiguraci\u00f3n del transporte p\u00fablico, corredores sanitarios y de emergencia y un despliegue de seguridad sobre uno de los puntos m\u00e1s sensibles de la Ciudad.<\/p>\n<p class=\"paragraph\" data-paragraph-number=\"20\">Esa comparaci\u00f3n entre <b>River<\/b> y la 9 de Julio ilustra el trabajo que realiza la avanzada durante estos tres d\u00edas. La delegaci\u00f3n consulta con la Iglesia argentina los aspectos pastorales del programa y, en paralelo, revisa con autoridades nacionales y locales los puntos vinculados con seguridad, traslados, aforos, distancias y tiempos de desplazamiento.<\/p>\n<p class=\"paragraph\" data-paragraph-number=\"21\">La revisi\u00f3n no se limita a establecer si un predio puede recibir determinada cantidad de personas. La <b>Santa Sede<\/b> analiza normas espec\u00edficas para cada tipo de actividad, la secuencia entre escalas, la compatibilidad de horarios y la viabilidad de una agenda comprimida en apenas <b>cuatro d\u00edas<\/b> entre Buenos Aires, C\u00f3rdoba y Luj\u00e1n.<\/p>\n<p class=\"paragraph\" data-paragraph-number=\"22\">Esa restricci\u00f3n temporal funciona como uno de los filtros principales. Cada propuesta debe encajar en una hoja de ruta que permita sostener el sentido pastoral de la visita y, al mismo tiempo, cumplir con una mec\u00e1nica de traslados que no vuelva inviable la estad\u00eda.<\/p>\n<p class=\"paragraph\" data-paragraph-number=\"23\">Por eso, que una locaci\u00f3n sea inspeccionada en esta etapa no implica su inclusi\u00f3n autom\u00e1tica en el cronograma final. Del mismo modo, otras sedes que siguen bajo an\u00e1lisis no quedaron descartadas. La aprobaci\u00f3n final llegar\u00e1 una vez concluidas las recorridas y elevadas las conclusiones a Roma.<\/p>\n<p class=\"paragraph\" data-paragraph-number=\"24\">La coordinaci\u00f3n general del operativo permanece centralizada en el <b>Gobierno nacional<\/b>, en funci\u00f3n de la condici\u00f3n de jefe de Estado con la que viajar\u00e1 el pont\u00edfice. El Ejecutivo mantiene contacto permanente con las jurisdicciones involucradas y ya activ\u00f3 una mesa de trabajo interjurisdiccional.<\/p>\n<p class=\"paragraph\" data-paragraph-number=\"25\">En ese marco, el mi\u00e9rcoles <b>26 de agosto<\/b> se realiz\u00f3 una reuni\u00f3n espec\u00edfica en el <b>Ministerio de Seguridad<\/b> con representantes de la provincia de Buenos Aires, la Ciudad de Buenos Aires y C\u00f3rdoba. El encuentro fue encabezado por la <b>Secretar\u00eda General de la Presidencia<\/b> y sum\u00f3 a funcionarios de <b>Canciller\u00eda<\/b>, del Ministerio de Seguridad y de la <b>Secretar\u00eda de Comunicaci\u00f3n y Medios<\/b>.<\/p>\n<p class=\"paragraph\" data-paragraph-number=\"26\">La <b>secretaria general de la Presidencia, Karina Milei, ocupa un lugar central en ese dispositivo<\/b> y tiene a su cargo la coordinaci\u00f3n pol\u00edtica e institucional de la organizaci\u00f3n desde la Casa Rosada. Para el armado espec\u00edfico de los eventos p\u00fablicos que protagonizar\u00e1 Le\u00f3n XIV durante su estad\u00eda, la hermana del Presidente design\u00f3 a <b>Mara Gorini<\/b>, una funcionaria de su m\u00e1xima confianza, que trabaja en la preparaci\u00f3n de los actos y en la articulaci\u00f3n con las distintas \u00e1reas que intervendr\u00e1n en cada uno de ellos.<\/p>\n<p class=\"paragraph\" data-paragraph-number=\"27\">Otro de los funcionarios con un papel relevante es el <b>canciller Pablo Quirno<\/b>, responsable del canal diplom\u00e1tico con la Santa Sede. La Canciller\u00eda mantiene un di\u00e1logo permanente con las autoridades del Vaticano y, durante estos d\u00edas, especialmente con monse\u00f1or <b>Jos\u00e9 Nah\u00fam Jairo Salas Casta\u00f1eda<\/b>, coordinador de los Viajes Apost\u00f3licos y jefe de la delegaci\u00f3n que realiza las inspecciones. A ese v\u00ednculo se suma el contacto habitual con la <b>Nunciatura Apost\u00f3lica<\/b>, encabezada por monse\u00f1or <b>Michael Wallace Banach<\/b>, y con las autoridades de la Iglesia argentina que participan de la preparaci\u00f3n.<\/p>\n<p class=\"paragraph\" data-paragraph-number=\"28\">La mesa interjurisdiccional, mientras tanto, debe coordinar un dispositivo que abarcar\u00e1 seguridad, movilidad, emergencias sanitarias, infraestructura, comunicaci\u00f3n oficial y traslados de la comitiva en actos con capacidad para reunir a cientos de miles de personas en distintos puntos del pa\u00eds.<\/p>\n<p class=\"paragraph\" data-paragraph-number=\"29\">Dentro de la Iglesia argentina cumplen un papel relevante el arzobispo de <b>Mendoza<\/b> y presidente de la <b>Conferencia Episcopal Argentina (CEA)<\/b>, <b>Marcelo Colombo<\/b>, y el obispo auxiliar de <b>San Isidro<\/b> y secretario general de la CEA, <b>Ra\u00fal Pizarro<\/b>, quien adem\u00e1s oficia como coordinador general de la visita papal.<\/p>\n<div class=\"visual__image\"><picture><source srcset=\"https:\/\/www.infobae.com\/resizer\/v2\/GGIYD66KY5CYFGI5FAEBHIJJDY.jpg?auth=3be215f23f51abb8dfa15795e0bb535c5ad6744eb3e8f79635c6054316a4d077&amp;smart=true&amp;width=992&amp;height=661&amp;quality=85\" media=\"(min-width: 1000px)\"><\/source><source srcset=\"https:\/\/www.infobae.com\/resizer\/v2\/GGIYD66KY5CYFGI5FAEBHIJJDY.jpg?auth=3be215f23f51abb8dfa15795e0bb535c5ad6744eb3e8f79635c6054316a4d077&amp;smart=true&amp;width=768&amp;height=512&amp;quality=85\" media=\"(min-width: 768px)\"><\/source><source srcset=\"https:\/\/www.infobae.com\/resizer\/v2\/GGIYD66KY5CYFGI5FAEBHIJJDY.jpg?auth=3be215f23f51abb8dfa15795e0bb535c5ad6744eb3e8f79635c6054316a4d077&amp;smart=true&amp;width=577&amp;height=384&amp;quality=85\" media=\"(min-width: 580px)\"><\/source><source srcset=\"https:\/\/www.infobae.com\/resizer\/v2\/GGIYD66KY5CYFGI5FAEBHIJJDY.jpg?auth=3be215f23f51abb8dfa15795e0bb535c5ad6744eb3e8f79635c6054316a4d077&amp;smart=true&amp;width=420&amp;height=280&amp;quality=85\" media=\"(min-width: 350px)\"><\/source><source srcset=\"https:\/\/www.infobae.com\/resizer\/v2\/GGIYD66KY5CYFGI5FAEBHIJJDY.jpg?auth=3be215f23f51abb8dfa15795e0bb535c5ad6744eb3e8f79635c6054316a4d077&amp;smart=true&amp;width=350&amp;height=233&amp;quality=85\" media=\"(min-width: 80px)\"><\/source><img alt=\"El papa Le\u00f3n XIV se reuni\u00f3 con el presidente de Argentina, Javier Milei, y su hermana, la secretaria general de la presidencia, Karina milei, en el Vaticano, el 7 de junio de 2025. Vatican Media\/Mario Tomassetti\/\u00adHandout via REUTERS    ATTENTION EDITORS - THIS IMAGE WAS PROVIDED BY A THIRD PARTY.\" class=\"global-image\" decoding=\"async\" fetchpriority=\"low\" height=\"533\" loading=\"lazy\" src=\"https:\/\/www.infobae.com\/resizer\/v2\/GGIYD66KY5CYFGI5FAEBHIJJDY.jpg?auth=3be215f23f51abb8dfa15795e0bb535c5ad6744eb3e8f79635c6054316a4d077&amp;smart=true&amp;width=350&amp;height=233&amp;quality=85\" width=\"800\"><\/picture><\/div>\n<p class=\"paragraph\" data-paragraph-number=\"30\">Ambos fueron recibidos por <b>Le\u00f3n XIV<\/b> en el Vaticano el jueves pasado, tres d\u00edas antes del inicio de esta nueva ronda de inspecciones en Buenos Aires. Esa audiencia permiti\u00f3 revisar con el pont\u00edfice los preparativos del viaje antes de la fase de comprobaci\u00f3n sobre el terreno.<\/p>\n<p class=\"paragraph\" data-paragraph-number=\"31\">Dentro del operativo existe adem\u00e1s cautela frente a otro asunto inevitable: el contenido de los mensajes que el Papa pueda pronunciar en la Argentina. El viaje ocurrir\u00e1 en medio de un escenario de tensi\u00f3n pol\u00edtica, econ\u00f3mica y social, y cada intervenci\u00f3n p\u00fablica tendr\u00e1 lectura interna.<\/p>\n<p class=\"paragraph\" data-paragraph-number=\"32\">Fuentes vinculadas con la organizaci\u00f3n sostienen, no obstante, que el criterio del viaje no apunta a una intervenci\u00f3n en la discusi\u00f3n pol\u00edtica local. La definici\u00f3n sigue centrada en una visita pastoral, con mensajes orientados a una dimensi\u00f3n universal y no subordinados a la coyuntura argentina.<\/p>\n<p class=\"paragraph\" data-paragraph-number=\"33\">Esa premisa no excluye referencias a cuestiones sociales o econ\u00f3micas. La propia agenda en estudio incluye encuentros con empresarios, trabajadores, sindicalistas, presos, personas con discapacidad, j\u00f3venes y fieles en celebraciones multitudinarias, un recorrido que anticipa los \u00e1mbitos de preocupaci\u00f3n que podr\u00eda abordar el pont\u00edfice.<\/p>\n<p class=\"paragraph\" data-paragraph-number=\"34\">Antes de esa discusi\u00f3n, la misi\u00f3n vaticana tiene una tarea m\u00e1s inmediata y concreta: <b>medir distancias, calcular tiempos, revisar accesos, establecer aforos y validar condiciones de seguridad<\/b> en cada locaci\u00f3n propuesta para la visita.<\/p>\n<p class=\"paragraph\" data-paragraph-number=\"35\">El mapa que hoy se analiza incluye la recepci\u00f3n de Milei en <b>Casa Rosada<\/b>, una actividad masiva en el <b>Monumento a los Espa\u00f1oles<\/b>, un encuentro con empresarios y trabajadores en la <b>UCA<\/b>, una visita a una c\u00e1rcel todav\u00eda por definir, otra al <b>Cottolengo Don Orione<\/b>, una escala en <b>C\u00f3rdoba<\/b> con <b>FAdeA<\/b> como sede principal, una misa en <b>Luj\u00e1n<\/b> y un acto con j\u00f3venes a\u00fan en disputa entre <b>River<\/b> y la <b>9 de Julio<\/b>.<\/p>\n<p class=\"paragraph\" data-paragraph-number=\"36\">Cuando concluya esta ronda de inspecciones, el Vaticano deber\u00e1 resolver qu\u00e9 lugares superan el examen t\u00e9cnico y pastoral. Reci\u00e9n despu\u00e9s de esa decisi\u00f3n quedar\u00e1 cerrada la agenda oficial del primer viaje de <b>Le\u00f3n XIV<\/b> a la Argentina.<\/p>\n","protected":false},"excerpt":{"rendered":"<p>31 Ago, 2026 01:26 p. m. EST Guardar La segunda misi\u00f3n de avanzada del Vaticano inici\u00f3 este lunes la inspecci\u00f3n final de los escenarios previstos para la visita de Le\u00f3n XIV a la Argentina entre el 8 y el 11 de noviembre, en una etapa decisiva para definir el programa oficial del viaje, que ya [&hellip;]<\/p>\n","protected":false},"author":1,"featured_media":24451,"comment_status":"open","ping_status":"open","sticky":false,"template":"","format":"standard","meta":{"footnotes":""},"categories":[1],"tags":[],"class_list":["post-24450","post","type-post","status-publish","format-standard","has-post-thumbnail","hentry","category-uncategorized"],"_links":{"self":[{"href":"https:\/\/cliente1.publisher.highstack.com.ar\/index.php?rest_route=\/wp\/v2\/posts\/24450","targetHints":{"allow":["GET"]}}],"collection":[{"href":"https:\/\/cliente1.publisher.highstack.com.ar\/index.php?rest_route=\/wp\/v2\/posts"}],"about":[{"href":"https:\/\/cliente1.publisher.highstack.com.ar\/index.php?rest_route=\/wp\/v2\/types\/post"}],"author":[{"embeddable":true,"href":"https:\/\/cliente1.publisher.highstack.com.ar\/index.php?rest_route=\/wp\/v2\/users\/1"}],"replies":[{"embeddable":true,"href":"https:\/\/cliente1.publisher.highstack.com.ar\/index.php?rest_route=%2Fwp%2Fv2%2Fcomments&post=24450"}],"version-history":[{"count":0,"href":"https:\/\/cliente1.publisher.highstack.com.ar\/index.php?rest_route=\/wp\/v2\/posts\/24450\/revisions"}],"wp:featuredmedia":[{"embeddable":true,"href":"https:\/\/cliente1.publisher.highstack.com.ar\/index.php?rest_route=\/wp\/v2\/media\/24451"}],"wp:attachment":[{"href":"https:\/\/cliente1.publisher.highstack.com.ar\/index.php?rest_route=%2Fwp%2Fv2%2Fmedia&parent=24450"}],"wp:term":[{"taxonomy":"category","embeddable":true,"href":"https:\/\/cliente1.publisher.highstack.com.ar\/index.php?rest_route=%2Fwp%2Fv2%2Fcategories&post=24450"},{"taxonomy":"post_tag","embeddable":true,"href":"https:\/\/cliente1.publisher.highstack.com.ar\/index.php?rest_route=%2Fwp%2Fv2%2Ftags&post=24450"}],"curies":[{"name":"wp","href":"https:\/\/api.w.org\/{rel}","templated":true}]}}