{"id":24448,"date":"2026-08-31T15:30:07","date_gmt":"2026-08-31T18:30:07","guid":{"rendered":"https:\/\/cliente1.publisher.highstack.com.ar\/?p=24448"},"modified":"2026-08-31T15:30:07","modified_gmt":"2026-08-31T18:30:07","slug":"el-copnaf-invita-en-parana-a-conversar-sobre-emociones-limites-y-crianza","status":"publish","type":"post","link":"https:\/\/cliente1.publisher.highstack.com.ar\/?p=24448","title":{"rendered":"El Copnaf invita en Paran\u00e1 a conversar sobre emociones, l\u00edmites y crianza"},"content":{"rendered":"<p>\u00bfC\u00f3mo acompa\u00f1ar un enojo o una frustraci\u00f3n? \u00bfQu\u00e9 significa validar una emoci\u00f3n? \u00bfC\u00f3mo sostener un l\u00edmite con respeto? Estas y otras situaciones cotidianas ser\u00e1n parte del nuevo encuentro de Emociones en Familia, que el Gobierno de Entre R\u00edos, a trav\u00e9s del Consejo Provincial del Ni\u00f1o, el Adolescente y la Familia (Copnaf), realizar\u00e1 este martes 1 de septiembre en Paran\u00e1.<\/p>\n<p>La propuesta tendr\u00e1 lugar de 16.30 a 19 en la Universidad Cat\u00f3lica Argentina (UCA), Buenos Aires 239, y estar\u00e1 destinada a madres, padres, profesionales, docentes y referentes de cuidado interesados en sumar herramientas para acompa\u00f1ar a ni\u00f1as, ni\u00f1os y adolescentes.<\/p>\n<p>La presidente del Copnaf, Clarisa Sack, se refiri\u00f3 a la convocatoria: &#8220;El cuidado de ni\u00f1as, ni\u00f1os y adolescentes es una tarea compartida. Las familias tienen un rol central, pero tambi\u00e9n los docentes, profesionales, referentes comunitarios y el Estado. Estos encuentros nos permiten encontrarnos, intercambiar experiencias y construir mejores respuestas frente a los desaf\u00edos cotidianos de la crianza&#8221;.<\/p>\n<p>La charla-taller estar\u00e1 a cargo de la licenciada en Psicolog\u00eda Luc\u00eda Franchi, especialista en educaci\u00f3n emocional, crianza respetuosa y bienestar. A partir de situaciones de la vida cotidiana, se trabajar\u00e1 sobre c\u00f3mo reconocer y acompa\u00f1ar emociones, abordar miedos y frustraciones, sostener l\u00edmites respetuosos y revisar tambi\u00e9n las propias respuestas de los adultos frente a momentos que pueden resultar dif\u00edciles.<\/p>\n<p>Emociones en Familia es una iniciativa gratuita de promoci\u00f3n de derechos y prevenci\u00f3n que el Copnaf impulsa para acercar estos temas a la comunidad y fortalecer a quienes acompa\u00f1an cotidianamente el crecimiento de ni\u00f1as, ni\u00f1os y adolescentes. El ciclo ya realiz\u00f3 encuentros en La Paz, Villa Paranacito y Concordia y tendr\u00e1 en Paran\u00e1 su \u00faltima jornada. La participaci\u00f3n es gratuita y requiere inscripci\u00f3n previa a trav\u00e9s del link:<\/p>\n<p>https:\/\/forms.gle\/mtWnZvewMHfk5Nb18<\/p>\n<p>&nbsp;<\/p>\n","protected":false},"excerpt":{"rendered":"<p>El Gobierno de Entre R\u00edos, a trav\u00e9s del Copnaf, realizar\u00e1 este martes un nuevo encuentro gratuito del ciclo. La charla-taller abordar\u00e1 emociones, l\u00edmites y respuestas adultas ante situaciones cotidianas, con herramientas para madres, padres, profesionales y referentes de cuidado.<\/p>\n","protected":false},"author":0,"featured_media":24449,"comment_status":"open","ping_status":"open","sticky":false,"template":"","format":"standard","meta":{"footnotes":""},"categories":[2225,2233],"tags":[2309],"class_list":["post-24448","post","type-post","status-publish","format-standard","has-post-thumbnail","hentry","category-locales","category-parana","tag-ninez"],"_links":{"self":[{"href":"https:\/\/cliente1.publisher.highstack.com.ar\/index.php?rest_route=\/wp\/v2\/posts\/24448","targetHints":{"allow":["GET"]}}],"collection":[{"href":"https:\/\/cliente1.publisher.highstack.com.ar\/index.php?rest_route=\/wp\/v2\/posts"}],"about":[{"href":"https:\/\/cliente1.publisher.highstack.com.ar\/index.php?rest_route=\/wp\/v2\/types\/post"}],"replies":[{"embeddable":true,"href":"https:\/\/cliente1.publisher.highstack.com.ar\/index.php?rest_route=%2Fwp%2Fv2%2Fcomments&post=24448"}],"version-history":[{"count":0,"href":"https:\/\/cliente1.publisher.highstack.com.ar\/index.php?rest_route=\/wp\/v2\/posts\/24448\/revisions"}],"wp:featuredmedia":[{"embeddable":true,"href":"https:\/\/cliente1.publisher.highstack.com.ar\/index.php?rest_route=\/wp\/v2\/media\/24449"}],"wp:attachment":[{"href":"https:\/\/cliente1.publisher.highstack.com.ar\/index.php?rest_route=%2Fwp%2Fv2%2Fmedia&parent=24448"}],"wp:term":[{"taxonomy":"category","embeddable":true,"href":"https:\/\/cliente1.publisher.highstack.com.ar\/index.php?rest_route=%2Fwp%2Fv2%2Fcategories&post=24448"},{"taxonomy":"post_tag","embeddable":true,"href":"https:\/\/cliente1.publisher.highstack.com.ar\/index.php?rest_route=%2Fwp%2Fv2%2Ftags&post=24448"}],"curies":[{"name":"wp","href":"https:\/\/api.w.org\/{rel}","templated":true}]}}