{"id":24444,"date":"2026-08-31T14:48:04","date_gmt":"2026-08-31T17:48:04","guid":{"rendered":"https:\/\/cliente1.publisher.highstack.com.ar\/?p=24444"},"modified":"2026-08-31T14:48:04","modified_gmt":"2026-08-31T17:48:04","slug":"ruta-del-cereal-reactivaron-una-obra-clave-para-el-campo-bonaerense-que-atraviesa-650-000-hectareas-productivas","status":"publish","type":"post","link":"https:\/\/cliente1.publisher.highstack.com.ar\/?p=24444","title":{"rendered":"Ruta del cereal: reactivaron una obra clave para el campo bonaerense que atraviesa 650.000 hect\u00e1reas productivas"},"content":{"rendered":"<div class=\"col-12\">\n<div data-tw=\"true\" style=\"display:contents\">\n<div role=\"none\"><\/div>\n<\/div>\n<p class=\"com-paragraph --capital --s text-left\">Despu\u00e9s de <strong>sucesivas interrupciones y a\u00f1os de <\/strong><a href=\"https:\/\/www.lanacion.com.ar\/economia\/campo\/denuncian-que-el-gobierno-de-kicillof-freno-las-obras-de-la-ruta-del-cereal-pero-en-la-provincia-nid31032025\/\" target=\"_self\" title=\"https:\/\/www.lanacion.com.ar\/economia\/campo\/denuncian-que-el-gobierno-de-kicillof-freno-las-obras-de-la-ruta-del-cereal-pero-en-la-provincia-nid31032025\/\" class=\"com-link break-word\" data-mrf-recirculation=\"n_link_parrafo\"><strong>reclamos de productores de la zona,<\/strong><\/a><strong> el gobierno bonaerense reactiv\u00f3 las obras de pavimentaci\u00f3n de la denominada Ruta del Cereal<\/strong>, un corredor estrat\u00e9gico para la producci\u00f3n agropecuaria del oeste de la provincia de Buenos Aires. Seg\u00fan datos oficiales, <strong>los trabajos tienen actualmente un avance f\u00edsico del 42%, ya se pavimentaron 17 kil\u00f3metros y la inversi\u00f3n total actualizada asciende a $64.895 millones<\/strong>, financiados por el Tesoro provincial. Los vecinos esperan que la obra se termine este a\u00f1o y los productores advierten que los trabajos son discontinuos.<\/p>\n<div class=\"ln-banner-container --no-app --caja1_mob\">\n<div id=\"caja1_mob\" class=\"ln-banner\" data-slot-group=\"nota\" data-device=\"mobile\" data-subscription=\"false\" data-ad-unit-path=\"\/133919216\/campo_mobile\/Nota\/caja1_mob\" data-targeting='{\"sitio\":\"lanacion\",\"seccion\":\"nota\"}' data-without-hide=\"true\" data-size=\"[[320,100],[300,250],[1,1],[300,450],[320,450]]\" data-sizemap=\"[]\" data-prebid-enabled=\"true\"><\/div>\n<\/div>\n<p class=\"com-paragraph --s text-left\">La intervenci\u00f3n comprende <strong>47,4 kil\u00f3metros entre Salazar, en el partido de Daireaux, y Garr\u00e9, sobre la Ruta Nacional 33<\/strong>, en <strong>Trenque Lauquen<\/strong>. De acuerdo con la informaci\u00f3n difundida por la Provincia, actualmente <strong>Vialidad bonaerense avanza con los trabajos entre Girod\u00edas y Garr\u00e9<\/strong>. El proyecto contempla <strong>45,1 kil\u00f3metros de pavimentaci\u00f3n y 1,3 kil\u00f3metros de repavimentaci\u00f3n<\/strong>. La ruta tiene <strong>96 kil\u00f3metros de extensi\u00f3n total <\/strong>y va<strong> <\/strong>desde la<strong> RP 86 hasta la 33<\/strong>. <\/p>\n<div class=\"ln-banner-container --no-app --middle_1_dsk\">\n<div id=\"middle_1_dsk\" class=\"ln-banner\" data-slot-group=\"nota\" data-device=\"desktop\" data-subscription=\"true\" data-ad-unit-path=\"\/133919216\/campo_desktop\/Nota\/middle_1_dsk\" data-targeting='{\"sitio\":\"lanacion\",\"seccion\":\"nota\"}' data-without-hide=\"true\" data-size=\"[[1,1],[640,360],[640,480],[728,90]]\" data-sizemap=\"[]\" data-prebid-enabled=\"true\"><\/div>\n<\/div>\n<p class=\"com-paragraph --s text-left\">Adem\u00e1s de los <strong>17 kil\u00f3metros ya pavimentados, se construyeron bases y subbases en otros 20 kil\u00f3metros<\/strong>, se trabaja en la repavimentaci\u00f3n del tramo de <strong>1,3 kil\u00f3metros entre Garr\u00e9 y la RN 33<\/strong> y se complet\u00f3 la renovaci\u00f3n de <strong>28 luminarias LED en Girod\u00edas<\/strong>, seg\u00fan consign\u00f3 la cartera de Infraestructura. El proyecto tambi\u00e9n incluye se\u00f1alizaci\u00f3n horizontal y vertical, banquinas de tierra de tres metros,<strong> terraplenes para garantizar los accesos a los campos y alcantarillas transversales y laterales.<\/strong> <\/p>\n<p class=\"com-paragraph --s\"><strong>Gabriel Katopodis, ministro de Infraestructura y Servicios P\u00fablicos bonaerense, dijo que la administraci\u00f3n provincial mantendr\u00e1 la ejecuci\u00f3n pese a las dificultades financieras que atribuy\u00f3 al gobierno nacional.<\/strong> El funcionario provincial sostuvo que para los productores de la regi\u00f3n la concreci\u00f3n de la ruta representa \u201c<strong>un antes y un despu\u00e9s<\/strong>\u201d.<\/p>\n<div class=\"ln-banner-container --no-app --caja2_mob\">\n<div id=\"caja2_mob\" class=\"ln-banner\" data-slot-group=\"nota\" data-device=\"mobile\" data-subscription=\"true\" data-ad-unit-path=\"\/133919216\/campo_mobile\/Nota\/caja2_mob\" data-targeting='{\"sitio\":\"lanacion\",\"seccion\":\"nota\"}' data-without-hide=\"true\" data-size=\"[[320,100],[300,250],[300,450],[1,1],[360,270],[320,180]]\" data-sizemap=\"[]\" data-prebid-enabled=\"true\"><\/div>\n<\/div>\n<div class=\"content-media\">\n<section role=\"button\" class=\"mod-media   \">\n<figure role=\"button\" tabindex=\"0\" class=\"mod-figure \">\n<div class=\"placeholder \">\n<div class=\"com-image\"><picture><source media=\"(min-width: 768px)\" srcset=\"https:\/\/www.lanacion.com.ar\/resizer\/v2\/la-ruta-del-cereal-atraviesa-unas-650000-TTR35QWMVZAWJPHHEEEZSPMFM4.png?auth=22632d0a7da9328c5bde5e000188c3dbea3bd3b40a60e6534b31f070e8c3d5e4&amp;width=780&amp;height=520&amp;quality=70&amp;smart=true\"><\/source><img class=\"image com-image flex --cover\" decoding=\"async\" fetchpriority=\"low\" loading=\"lazy\" src=\"https:\/\/www.lanacion.com.ar\/resizer\/v2\/la-ruta-del-cereal-atraviesa-unas-650000-TTR35QWMVZAWJPHHEEEZSPMFM4.png?auth=22632d0a7da9328c5bde5e000188c3dbea3bd3b40a60e6534b31f070e8c3d5e4&amp;width=420&amp;height=280&amp;quality=70&amp;smart=true\" width=\"2000\" alt=\"La Ruta del Cereal atraviesa unas 650.000 hect\u00e1reas donde se producen soja, girasol, ma\u00edz y trigo\" height=\"1333\"><\/picture><\/div>\n<\/div><figcaption class=\"mod-figcaption\"><span class=\"com-text --caption --twoxs\">La Ruta del Cereal atraviesa unas 650.000 hect\u00e1reas donde se producen soja, girasol, ma\u00edz y trigo<\/span><span class=\"com-text --credit --twoxs\">Infraestructura Provincia<\/span><\/figcaption><\/figure>\n<\/section>\n<\/div>\n<div class=\"ln-banner-container --no-app --middle_2_dsk\">\n<div id=\"middle_2_dsk\" class=\"ln-banner\" data-slot-group=\"nota\" data-device=\"desktop\" data-subscription=\"true\" data-ad-unit-path=\"\/133919216\/campo_desktop\/Nota\/middle_2_dsk\" data-targeting='{\"sitio\":\"lanacion\",\"seccion\":\"nota\"}' data-without-hide=\"true\" data-size=\"[[1,1],[728,90]]\" data-sizemap=\"[]\" data-prebid-enabled=\"true\"><\/div>\n<\/div>\n<p class=\"com-paragraph --s\">\u201c<strong>Pudimos lograr un avance muy importante, hist\u00f3rico, en muchos a\u00f1os de espera\u201d<\/strong>, se\u00f1al\u00f3 en un video publicado en las redes sociales. Y agreg\u00f3: \u201c<strong>Con todas las dificultades, con un gobierno nacional que asfixia,<\/strong> que est\u00e1 buscando quebrar la provincia, nosotros no vamos a frenar esa obra, que<strong> es estrat\u00e9gica, que es la manera con la que podemos acompa\u00f1ar el esfuerzo de todos los productores. La Ruta del Cereal es un antes y un despu\u00e9s para la provincia<\/strong>\u201d.<\/p>\n<div class=\"ln-banner-container --no-app --caja3_mob\">\n<div id=\"caja3_mob\" class=\"ln-banner\" data-slot-group=\"nota\" data-device=\"mobile\" data-subscription=\"false\" data-ad-unit-path=\"\/133919216\/campo_mobile\/Nota\/caja3_mob\" data-targeting='{\"sitio\":\"lanacion\",\"seccion\":\"nota\"}' data-without-hide=\"true\" data-size=\"[[320,100],[300,250],[1,1],[300,450],[360,270]]\" data-sizemap=\"[]\" data-prebid-enabled=\"true\"><\/div>\n<\/div>\n<div class=\"ln-banner-container --no-app --middle_2_tab\">\n<div id=\"middle_2_tab\" class=\"ln-banner\" data-slot-group=\"nota\" data-device=\"tablet\" data-subscription=\"false\" data-ad-unit-path=\"\/133919216\/campo_tablet\/Nota\/middle_2_tab\" data-targeting='{\"sitio\":\"lanacion\",\"seccion\":\"nota\"}' data-without-hide=\"true\" data-size=\"[[728,90],[640,480],[468,60],[1,1]]\" data-sizemap=\"[]\" data-prebid-enabled=\"true\"><\/div>\n<\/div>\n<p class=\"com-paragraph --s\">En declaraciones a <strong>LA NACION<\/strong>, Katopodis volvi\u00f3 a apuntar contra la administraci\u00f3n nacional. \u201c<strong>La Provincia sigue apostando en un contexto econ\u00f3mico muy complejo; apuesta por la producci\u00f3n y su gente<\/strong>; el Estado nacional deber\u00eda seguir su ejemplo\u201d, afirm\u00f3.<\/p>\n<p class=\"com-paragraph --s\">La Ruta del Rereal, en rigor, estuvo en <strong>reiteradas ocasiones con paralizaciones en sus tareas<\/strong>. De ese corredor, <strong>48 kil\u00f3metros entre la ruta 86 y Salazar ya estaban pavimentados: 26 kil\u00f3metros fueron realizados en 1990 y otros 22 kil\u00f3metros en 2017 en la gesti\u00f3n de Mar\u00eda Eugenia Vidal. <\/strong>El tramo actualmente en ejecuci\u00f3n es el de <strong>47,4 kil\u00f3metros entre Salazar y Garr\u00e9<\/strong>. <\/p>\n<div class=\"com-embed --twitter container-center-100\">\n<blockquote class=\"twitter-tweet\">\n<p lang=\"es\" dir=\"ltr\">La Ruta del Cereal es un antes y un despu\u00e9s para la provincia.<br \/>Esta es una obra estrat\u00e9gica que atraviesa m\u00e1s de 650 mil hect\u00e1reas productivas e incluye la pavimentaci\u00f3n de 47,4 km que van a mejorar la conectividad y la circulaci\u00f3n. Actualmente, <a href=\"https:\/\/x.com\/VialidadBA?ref_src=twsrc%5Etfw\">@VialidadBA<\/a> avanza con los\u2026 <a href=\"https:\/\/t.co\/gQfuTozTLA\">pic.twitter.com\/gQfuTozTLA<\/a><\/p>\n<p>\u2014 Gabriel Katopodis (@gkatopodis) <a href=\"https:\/\/x.com\/gkatopodis\/status\/2092676464390943087?ref_src=twsrc%5Etfw\">August 26, 2026<\/a><\/p><\/blockquote>\n<\/div>\n<div class=\"ln-banner-container --no-app --caja4_mob\">\n<div id=\"caja4_mob\" class=\"ln-banner\" data-slot-group=\"nota\" data-device=\"mobile\" data-subscription=\"false\" data-ad-unit-path=\"\/133919216\/campo_mobile\/Nota\/caja4_mob\" data-targeting='{\"sitio\":\"lanacion\",\"seccion\":\"nota\"}' data-without-hide=\"true\" data-size=\"[[320,100],[300,250],[1,1]]\" data-sizemap=\"[]\" data-prebid-enabled=\"true\"><\/div>\n<\/div>\n<p class=\"com-paragraph --s\">De acuerdo con un informe del Ministerio de Infraestructura bonaerense, <strong>la obra se licit\u00f3 en julio de 2021 y comenz\u00f3 en marzo de 2022. <\/strong>En esa fecha, el gobernador <strong>Axel Kicillof anunci\u00f3 un segundo tramo de 47,4 kil\u00f3metros, <\/strong>pero nuevamente la obra qued\u00f3 paralizada. <strong>De los m\u00e1s de 90 km que tiene todo el trayecto desde el acceso a la ruta 86 a la ruta 33, solo se termin\u00f3 la mitad. <\/strong><\/p>\n<p class=\"com-paragraph --s\">Desde el Ministerio de Infraestructura de la provincia explicaron a <strong>LA NACION meses atras,<\/strong> la devaluaci\u00f3n de diciembre de 2023 (<strong>118%)<\/strong> <strong>\u201cdestroz\u00f3 el contrato con la empresa\u201d que ten\u00eda licitaci\u00f3n y hab\u00eda retirado la maquinaria que ten\u00eda trabajando en ese lugar. <\/strong>Sin embargo, <strong>entre septiembre y octubre de 2023 qued\u00f3 neutralizada por cuestiones relacionadas con la redeterminaci\u00f3n de precios <\/strong>y <strong>en enero de 2024 volvi\u00f3 a detenerse<\/strong>. A comienzos de<strong> abril de 2025, los vecinos de Salazar hab\u00edan reclamado la reactivaci\u00f3n de la pavimentaci\u00f3n<\/strong>.<\/p>\n<div class=\"ln-banner-container --no-app --caja6_mob\">\n<div id=\"caja6_mob\" class=\"ln-banner\" data-slot-group=\"nota\" data-device=\"mobile\" data-subscription=\"false\" data-ad-unit-path=\"\/133919216\/campo_mobile\/Nota\/caja6_mob\" data-targeting='{\"sitio\":\"lanacion\",\"seccion\":\"nota\"}' data-without-hide=\"true\" data-size=\"[[300,250],[230,50],[300,450],[1,1],[320,100]]\" data-sizemap=\"[]\" data-prebid-enabled=\"true\"><\/div>\n<\/div>\n<p class=\"com-paragraph --s\">En la cartera aclararon que en junio de 2025 <strong>se alcanz\u00f3 un nuevo acuerdo con la empresa contratista y los trabajos se reactivaron<\/strong>. Sin embargo,<strong> <\/strong>en diciembre volvieron a neutralizarse y <strong>reci\u00e9n a comienzos de agosto de 2026 quedaron otra vez en marcha. <\/strong><\/p>\n<div class=\"content-media\">\n<section role=\"button\" class=\"mod-media   \">\n<figure role=\"button\" tabindex=\"0\" class=\"mod-figure \">\n<div class=\"placeholder \">\n<div class=\"com-image\"><picture><source media=\"(min-width: 768px)\" srcset=\"https:\/\/www.lanacion.com.ar\/resizer\/v2\/la-ruta-del-cereal-contempla-451-kilometros-de-DCKOKCCGAFGEHGRO6RH2QZL2BI.png?auth=355163b494256b7cc0e0a8e6ee362a6e0788a892ecfafa86fa8cd627ec34809f&amp;width=780&amp;height=520&amp;quality=70&amp;smart=true\"><\/source><img class=\"image com-image flex --cover\" decoding=\"async\" fetchpriority=\"low\" loading=\"lazy\" src=\"https:\/\/www.lanacion.com.ar\/resizer\/v2\/la-ruta-del-cereal-contempla-451-kilometros-de-DCKOKCCGAFGEHGRO6RH2QZL2BI.png?auth=355163b494256b7cc0e0a8e6ee362a6e0788a892ecfafa86fa8cd627ec34809f&amp;width=420&amp;height=280&amp;quality=70&amp;smart=true\" width=\"2000\" alt=\"La Ruta del Cereal contempla 45,1 kil\u00f3metros de pavimentaci\u00f3n y 1,3 kil\u00f3metros de repavimentaci\u00f3n\" height=\"1333\"><\/picture><\/div>\n<\/div><figcaption class=\"mod-figcaption\"><span class=\"com-text --caption --twoxs\">La Ruta del Cereal contempla 45,1 kil\u00f3metros de pavimentaci\u00f3n y 1,3 kil\u00f3metros de repavimentaci\u00f3n<\/span><span class=\"com-text --credit --twoxs\">Infraestructura Provincia<\/span><\/figcaption><\/figure>\n<\/section>\n<\/div>\n<div class=\"ln-banner-container --no-app --caja7_mob\">\n<div id=\"caja7_mob\" class=\"ln-banner\" data-slot-group=\"nota\" data-device=\"mobile\" data-subscription=\"true\" data-ad-unit-path=\"\/133919216\/campo_mobile\/Nota\/caja7_mob\" data-targeting='{\"sitio\":\"lanacion\",\"seccion\":\"nota\"}' data-without-hide=\"true\" data-size=\"[[300,250],[320,50],[300,450],[1,1],[320,100]]\" data-sizemap=\"[]\" data-prebid-enabled=\"true\"><\/div>\n<\/div>\n<p class=\"com-paragraph --s\">Seg\u00fan indicaron, la pavimentaci\u00f3n apunta a <strong>mejorar los tiempos de transporte, reducir los costos log\u00edsticos y facilitar la salida de la producci\u00f3n<\/strong> de una importante zona productiva del oeste bonaerense, a trav\u00e9s de los caminos secundarios provinciales <strong>080-10, 107-08 y 019-10<\/strong>, que vinculan <strong>Mones Caz\u00f3n, Salazar, Girod\u00edas, Trong\u00e9 y Garr\u00e9<\/strong>, en los partidos de <strong>Pehuaj\u00f3, Daireaux, Trenque Lauquen, Guamin\u00ed y Tres Lomas<\/strong>. La <strong>ruta 33<\/strong> es estrat\u00e9gica porque <strong>conecta los puertos de Rosario y Bah\u00eda Blanca, claves para las exportaciones agropecuarias<\/strong>.<\/p>\n<p class=\"com-paragraph --s\"><strong>Eduardo Barni, <\/strong>un contratista de la regi\u00f3n se\u00f1al\u00f3 que en las \u00faltimas semanas volvieron a observarse trabajos sobre la traza, despu\u00e9s de un nuevo per\u00edodo de escasa actividad. \u201c<strong>Retomaron el trabajo, pero muy despacio. La obra es muy discontinua, no avanza. En cuatro a\u00f1os se hicieron 16 o 17 kil\u00f3metros y reci\u00e9n ahora se est\u00e1 trabajando otra vez<\/strong>\u201d, afirm\u00f3. De acuerdo con su descripci\u00f3n, el tramo asfaltado llega actualmente desde <strong>Salazar hasta Girod\u00edas<\/strong>, mientras las tareas contin\u00faan en direcci\u00f3n a <strong>Trong\u00e9 y Garr\u00e9<\/strong>.<\/p>\n<div class=\"ln-banner-container --no-app --caja8_mob\">\n<div id=\"caja8_mob\" class=\"ln-banner\" data-slot-group=\"nota\" data-device=\"mobile\" data-subscription=\"true\" data-ad-unit-path=\"\/133919216\/campo_mobile\/Nota\/caja8_mob\" data-targeting='{\"sitio\":\"lanacion\",\"seccion\":\"nota\"}' data-without-hide=\"true\" data-size=\"[[300,250],[320,50],[300,450],[1,1],[320,100]]\" data-sizemap=\"[]\" data-prebid-enabled=\"true\"><\/div>\n<\/div>\n<div id=\"fusion-static-enter:scriptJwVideoNote\" style=\"display:none\" data-fusion-component=\"scriptJwVideoNote\"><\/div>\n<p><script defer src=\"https:\/\/www.lanacion.com.ar\/pf\/resources\/js\/LN\/scriptJwVideoNote.min.js?d=2047\"><\/script><\/p>\n<div id=\"fusion-static-exit:scriptJwVideoNote\" style=\"display:none\" data-fusion-component=\"scriptJwVideoNote\"><\/div>\n<div id=\"fusion-static-enter:APKb3DAE\" style=\"display:none\" data-fusion-component=\"APKb3DAE\"><\/div>\n<div class=\"content-media cursor-pointer container-center-100\">\n<section class=\"media-container relative ratio-16-9 mod-media pb-32\">\n<figure class=\"mod-video\">\n<div class=\"video-player bg-black ratio-16-9\" data-has-jwplayer=\"true\" data-video-id-jw=\"APKb3DAE\" data-config='{\"title\":\"Las im\u00e1genes de la Ruta del Cereal\",\"mediaId\":\"APKb3DAE\",\"playerId\":\"ih0086X3\",\"playlist\":[{\"mediaid\":\"APKb3DAE\",\"sources\":[{\"file\":\"https:\/\/cdn.jwplayer.com\/manifests\/APKb3DAE.m3u8\",\"type\":\"application\/vnd.apple.mpegurl\"},{\"bitrate\":283902,\"file\":\"https:\/\/cdn.jwplayer.com\/videos\/APKb3DAE-kTExGaWf.mp4\",\"filesize\":567805,\"framerate\":30,\"height\":320,\"label\":\"180p\",\"type\":\"video\/mp4\",\"width\":180},{\"bitrate\":425344,\"file\":\"https:\/\/cdn.jwplayer.com\/videos\/APKb3DAE-K8B0kybS.mp4\",\"filesize\":850688,\"framerate\":30,\"height\":480,\"label\":\"270p\",\"type\":\"video\/mp4\",\"width\":270},{\"bitrate\":1358366,\"file\":\"https:\/\/cdn.jwplayer.com\/videos\/APKb3DAE-46NIuRKO.mp4\",\"filesize\":2716733,\"framerate\":30,\"height\":1280,\"label\":\"720p\",\"type\":\"video\/mp4\",\"width\":720},{\"bitrate\":114885,\"file\":\"https:\/\/cdn.jwplayer.com\/videos\/APKb3DAE-hz5z2Tv4.m4a\",\"filesize\":229771,\"label\":\"AAC Audio\",\"type\":\"audio\/mp4\"},{\"bitrate\":505548,\"file\":\"https:\/\/cdn.jwplayer.com\/videos\/APKb3DAE-FnZGUVnC.mp4\",\"filesize\":1011096,\"framerate\":30,\"height\":640,\"label\":\"360p\",\"type\":\"video\/mp4\",\"width\":360},{\"bitrate\":881260,\"file\":\"https:\/\/cdn.jwplayer.com\/videos\/APKb3DAE-0G6Pwvlw.mp4\",\"filesize\":1762521,\"framerate\":30,\"height\":960,\"label\":\"540p\",\"type\":\"video\/mp4\",\"width\":540}]}],\"hasAutoplay\":false,\"autostart\":true,\"tagsUrl\":\"https:\/\/pubads.g.doubleclick.net\/gampad\/ads?slotname=\/133919216\/la_nacion_video\/nota\/preroll&amp;sz=640x480|400x300&amp;ciu_szs=300x250&amp;unviewed_position_start=1&amp;output=vast&amp;impl=s&amp;env=vp&amp;gdfp_req=1&amp;ad_rule=0&amp;vad_type=linear&amp;vpos=preroll&amp;cust_params=tags_nuevos%3Dte_actualidad_economica%2Cte_actualidad%2Cte_comunidad_de_negocios%2Cte_provincia_de_buenos_aires%2Cte_obras_inconclusas%2Cca_campo%2Cca_economia%2Cau_belkis_martinez%2CEKYKJSZ3PRG5XCMI2JHL44MLBU&amp;pod=3&amp;ppos=1&amp;lip=true&amp;min_ad_duration=0&amp;max_ad_duration=30000&amp;vrid=6256&amp;url=https%3A%2F%2Fwww.lanacion.com.ar%2Feconomia%2Fcampo%2Fruta-del-cereal-reactivaron-una-obra-clave-para-el-campo-bonaerense-que-atraviesa-650000-hectareas-nid31082026%2F%3Fvariant%3DA&amp;description_url=https%3A%2F%2Fwww.lanacion.com.ar%2Feconomia%2Fcampo%2Fruta-del-cereal-reactivaron-una-obra-clave-para-el-campo-bonaerense-que-atraviesa-650000-hectareas-nid31082026%2F%3Fvariant%3DA&amp;video_doc_id=short_onecue&amp;cmsid=496&amp;kfa=0&amp;tfcd=0&amp;correlator=1788197804084\",\"arcSite\":\"la-nacion-ar\",\"duration\":\"16000\"}'>\n<div id=\"facade-APKb3DAE\" class=\"content-facade-jw relative bg-black ratio-16-9\">\n<div id=\"button-play\" class=\"absolute flex w-100 h-100 jc-center ai-center z-15\"><svg width=\"64\" height=\"64\" viewbox=\"0 0 64 64\" fill=\"none\" xmlns=\"http:\/\/www.w3.org\/2000\/svg\" class=\"relative z-15\"><g opacity=\"0.65\"><rect width=\"64\" height=\"64\" rx=\"32\" fill=\"#1C1C1F\"><\/rect><path d=\"M41.8347 32.5547L27.7027 41.976C27.6023 42.0428 27.4857 42.0811 27.3652 42.0869C27.2448 42.0927 27.125 42.0656 27.0187 42.0087C26.9124 41.9518 26.8235 41.8671 26.7615 41.7637C26.6995 41.6602 26.6667 41.5419 26.6667 41.4213V22.5787C26.6667 22.4581 26.6995 22.3398 26.7615 22.2363C26.8235 22.1329 26.9124 22.0482 27.0187 21.9913C27.125 21.9344 27.2448 21.9074 27.3652 21.9131C27.4857 21.9189 27.6023 21.9572 27.7027 22.024L41.8347 31.4453C41.926 31.5062 42.0009 31.5887 42.0526 31.6855C42.1044 31.7822 42.1315 31.8903 42.1315 32C42.1315 32.1098 42.1044 32.2178 42.0526 32.3146C42.0009 32.4113 41.926 32.4938 41.8347 32.5547V32.5547Z\" fill=\"#FEFEFE\"><\/path><\/g><\/svg><\/div>\n<picture><source media=\"(max-width: 767px)\" srcset=\"https:\/\/www.lanacion.com.ar\/resizer\/v2\/https%3A%2F%2Fcdn.jwplayer.com%2Fv2%2Fmedia%2FAPKb3DAE%2Fposter.jpg%3Fwidth%3D720?auth=f97d338e728b391685e9d4b2984319db77dc254553d47212e89e846f8ccc61e1&amp;width=480&amp;quality=70&amp;smart=false\"><\/source><img class=\"image com-image flex --cover\" decoding=\"async\" fetchpriority=\"low\" loading=\"lazy\" src=\"https:\/\/www.lanacion.com.ar\/resizer\/v2\/https%3A%2F%2Fcdn.jwplayer.com%2Fv2%2Fmedia%2FAPKb3DAE%2Fposter.jpg%3Fwidth%3D720?auth=f97d338e728b391685e9d4b2984319db77dc254553d47212e89e846f8ccc61e1&amp;width=720&amp;quality=70&amp;smart=false\" alt=\"Las im\u00e1genes de la Ruta del Cereal\"><\/picture><\/div>\n<div id=\"APKb3DAE\"><\/div>\n<\/div><figcaption class=\"border border-1 border-bottom border-light-300 relative px-16 py-8 min-h-36 w-100_md px-0_l mb-8 bg-white\"><span class=\"text ln-text text-16 block\">Las im\u00e1genes de la Ruta del Cereal<\/span><\/figcaption><\/figure>\n<p><script type=\"application\/ld+json\">{\n  \"@context\": \"https:\/\/schema.org\",\n  \"@type\": \"VideoObject\",\n  \"name\": \"LA NACION - Noticia\",\n  \"description\": \"Video publicado el 01\/04\/2025 por LA NACION\",\n  \"thumbnailUrl\": [\n    \"https:\/\/www.lanacion.com.ar\/resizer\/v2\/https%3A%2F%2Fcdn.jwplayer.com%2Fv2%2Fmedia%2FAPKb3DAE%2Fposter.jpg%3Fwidth%3D720?auth=f97d338e728b391685e9d4b2984319db77dc254553d47212e89e846f8ccc61e1&width=720&quality=70&smart=false\"\n  ],\n  \"uploadDate\": \"2025-04-01T14:42:04Z\",\n  \"embedUrl\": \"https:\/\/cdn.jwplayer.com\/videos\/APKb3DAE-kTExGaWf.mp4\",\n  \"duration\": \"PT0M16S\"\n}<\/script><\/section>\n<\/div>\n<div id=\"fusion-static-exit:APKb3DAE\" style=\"display:none\" data-fusion-component=\"APKb3DAE\"><\/div>\n<p class=\"com-paragraph --s\">Barni asegur\u00f3 que <strong>el avance reciente desde Girod\u00edas todav\u00eda es reducido<\/strong> y advirti\u00f3 sobre el estado del sector que permanece sin pavimentar. \u201c<strong>Quedan alrededor de 15 kil\u00f3metros, desde la estaci\u00f3n de Trong\u00e9 hasta Garr\u00e9, que est\u00e1n intransitables. Van arreglando el camino de tierra y acomod\u00e1ndolo para hacer el asfalto, pero la obra viene muy lenta, no avanza<\/strong>\u201d, precis\u00f3.<\/p>\n<p class=\"com-paragraph --s\">Seg\u00fan se\u00f1alaron en el Ministerio, la importancia productiva de la ruta es uno de los principales argumentos para completar la obra. La traza atraviesa <strong>unas 650.000 hect\u00e1reas donde se producen soja, girasol, ma\u00edz y trigo<\/strong>, y en las que se movilizan alrededor de <strong>260.000 cabezas de ganado por a\u00f1o<\/strong>. Tambi\u00e9n alcanza a unos <strong>40 tambos<\/strong> de la denominada <strong>Cuenca Lechera Oeste<\/strong>.<\/p>\n<div data-fusion-lazy-id=\"f0fpQTDZ9Hvw1FA\"><\/div>\n<div class=\"ln-banner-container --no-app --caja5_mob\">\n<div id=\"caja5_mob\" class=\"ln-banner\" data-slot-group=\"nota\" data-device=\"mobile\" data-subscription=\"false\" data-ad-unit-path=\"\/133919216\/campo_mobile\/Nota\/caja5_mob\" data-targeting='{\"sitio\":\"lanacion\",\"seccion\":\"nota\"}' data-without-hide=\"true\" data-size='[[320,100],[300,250],[1,1],[\" fluid\"]]' data-sizemap=\"[]\" data-prebid-enabled=\"true\"><\/div>\n<\/div>\n<div data-fusion-lazy-id=\"f0f68JH1aHvw1CG\"><\/div>\n<div class=\"ln-banner-container --no-app --middle_3_dsk\">\n<div id=\"middle_3_dsk\" class=\"ln-banner\" data-slot-group=\"nota\" data-device=\"desktop\" data-subscription=\"true\" data-ad-unit-path=\"\/133919216\/campo_desktop\/Nota\/middle_3_dsk\" data-targeting='{\"sitio\":\"lanacion\",\"seccion\":\"nota\"}' data-without-hide=\"true\" data-size=\"[[1,1],[728,90],[640,360],[728,360]]\" data-sizemap=\"[]\" data-prebid-enabled=\"true\"><\/div>\n<\/div>\n<\/div>\n<p><script async src=\"https:\/\/platform.twitter.com\/widgets.js\" charset=\"utf-8\"><\/script><\/p>\n","protected":false},"excerpt":{"rendered":"<p>Despu\u00e9s de sucesivas interrupciones y a\u00f1os de reclamos de productores de la zona, el gobierno bonaerense reactiv\u00f3 las obras de pavimentaci\u00f3n de la denominada Ruta del Cereal, un corredor estrat\u00e9gico para la producci\u00f3n agropecuaria del oeste de la provincia de Buenos Aires. Seg\u00fan datos oficiales, los trabajos tienen actualmente un avance f\u00edsico del 42%, ya [&hellip;]<\/p>\n","protected":false},"author":1,"featured_media":24445,"comment_status":"open","ping_status":"open","sticky":false,"template":"","format":"standard","meta":{"footnotes":""},"categories":[1],"tags":[],"class_list":["post-24444","post","type-post","status-publish","format-standard","has-post-thumbnail","hentry","category-uncategorized"],"_links":{"self":[{"href":"https:\/\/cliente1.publisher.highstack.com.ar\/index.php?rest_route=\/wp\/v2\/posts\/24444","targetHints":{"allow":["GET"]}}],"collection":[{"href":"https:\/\/cliente1.publisher.highstack.com.ar\/index.php?rest_route=\/wp\/v2\/posts"}],"about":[{"href":"https:\/\/cliente1.publisher.highstack.com.ar\/index.php?rest_route=\/wp\/v2\/types\/post"}],"author":[{"embeddable":true,"href":"https:\/\/cliente1.publisher.highstack.com.ar\/index.php?rest_route=\/wp\/v2\/users\/1"}],"replies":[{"embeddable":true,"href":"https:\/\/cliente1.publisher.highstack.com.ar\/index.php?rest_route=%2Fwp%2Fv2%2Fcomments&post=24444"}],"version-history":[{"count":0,"href":"https:\/\/cliente1.publisher.highstack.com.ar\/index.php?rest_route=\/wp\/v2\/posts\/24444\/revisions"}],"wp:featuredmedia":[{"embeddable":true,"href":"https:\/\/cliente1.publisher.highstack.com.ar\/index.php?rest_route=\/wp\/v2\/media\/24445"}],"wp:attachment":[{"href":"https:\/\/cliente1.publisher.highstack.com.ar\/index.php?rest_route=%2Fwp%2Fv2%2Fmedia&parent=24444"}],"wp:term":[{"taxonomy":"category","embeddable":true,"href":"https:\/\/cliente1.publisher.highstack.com.ar\/index.php?rest_route=%2Fwp%2Fv2%2Fcategories&post=24444"},{"taxonomy":"post_tag","embeddable":true,"href":"https:\/\/cliente1.publisher.highstack.com.ar\/index.php?rest_route=%2Fwp%2Fv2%2Ftags&post=24444"}],"curies":[{"name":"wp","href":"https:\/\/api.w.org\/{rel}","templated":true}]}}