{"id":24432,"date":"2026-08-31T12:59:26","date_gmt":"2026-08-31T15:59:26","guid":{"rendered":"https:\/\/cliente1.publisher.highstack.com.ar\/?p=24432"},"modified":"2026-08-31T12:59:26","modified_gmt":"2026-08-31T15:59:26","slug":"carta-de-porte-el-gobierno-oficializo-un-requisito-que-sera-obligatorio-para-determinados-traslados-de-semillas-desde-diciembre","status":"publish","type":"post","link":"https:\/\/cliente1.publisher.highstack.com.ar\/?p=24432","title":{"rendered":"Carta de Porte: el Gobierno oficializ\u00f3 un requisito que ser\u00e1 obligatorio para determinados traslados de semillas desde diciembre"},"content":{"rendered":"<div class=\"col-12\">\n<div data-tw=\"true\" style=\"display:contents\">\n<div role=\"none\"><\/div>\n<\/div>\n<p class=\"com-paragraph --capital --s text-left\">El Gobierno <strong>oficializ\u00f3 la implementaci\u00f3n de la Carta de Porte de Semillas, una nueva herramienta para documentar y seguir el traslado de semillas en proceso de fiscalizaci\u00f3n<\/strong>, tal como hab\u00eda adelantado <strong>LA NACION<\/strong> semanas atr\u00e1s. El sistema podr\u00e1 comenzar a utilizarse desde el <strong>1\u00b0 de octubre pr\u00f3ximo<\/strong> y ser\u00e1 <strong>obligatorio desde el 1\u00b0 de diciembre<\/strong> para determinados movimientos alcanzados por la normativa.<\/p>\n<div class=\"ln-banner-container --no-app --caja1_mob\">\n<div id=\"caja1_mob\" class=\"ln-banner\" data-slot-group=\"nota\" data-device=\"mobile\" data-subscription=\"false\" data-ad-unit-path=\"\/133919216\/campo_mobile\/Nota\/caja1_mob\" data-targeting='{\"sitio\":\"lanacion\",\"seccion\":\"nota\"}' data-without-hide=\"true\" data-size=\"[[320,100],[300,250],[1,1],[300,450],[320,450]]\" data-sizemap=\"[]\" data-prebid-enabled=\"true\"><\/div>\n<\/div>\n<p class=\"com-paragraph --s text-left\">La medida qued\u00f3 establecida mediante la <strong>resoluci\u00f3n 475\/2026 del Instituto Nacional de Semillas (Inase)<\/strong>, publicada hoy en el <strong>Bolet\u00edn Oficial<\/strong> y firmada por el presidente del organismo, <strong>Mart\u00edn Famulari<\/strong>. La decisi\u00f3n formaliza el mecanismo que hab\u00eda sido anticipado por este medio el 10 de este mes.<\/p>\n<div class=\"ln-banner-container --no-app --middle_1_dsk\">\n<div id=\"middle_1_dsk\" class=\"ln-banner\" data-slot-group=\"nota\" data-device=\"desktop\" data-subscription=\"true\" data-ad-unit-path=\"\/133919216\/campo_desktop\/Nota\/middle_1_dsk\" data-targeting='{\"sitio\":\"lanacion\",\"seccion\":\"nota\"}' data-without-hide=\"true\" data-size=\"[[1,1],[640,360],[640,480],[728,90]]\" data-sizemap=\"[]\" data-prebid-enabled=\"true\"><\/div>\n<\/div>\n<p class=\"com-paragraph --s text-left\">Seg\u00fan la resoluci\u00f3n, <strong>a partir del 1\u00b0 de octubre ser\u00e1 v\u00e1lida la utilizaci\u00f3n de la Carta de Porte de Semillas para trasladar semilla en proceso de fiscalizaci\u00f3n de aquellas especies cuya producci\u00f3n granaria debe movilizarse obligatoriamente con Carta de Porte<\/strong>. Dos meses despu\u00e9s, desde el <strong>1\u00b0 de diciembre<\/strong>, su utilizaci\u00f3n pasar\u00e1 a ser obligatoria para las especies cuya declaraci\u00f3n de Informaci\u00f3n Productiva en el <strong>Sistema de Informaci\u00f3n Simplificado Agr\u00edcola (SISA)<\/strong> se realiza con apertura por variedad. <\/p>\n<p class=\"com-paragraph --s\">La resoluci\u00f3n publicada ahora precisa adem\u00e1s una limitaci\u00f3n: como para confeccionar la nueva <strong>Carta de Porte <\/strong>ser\u00e1 necesario <strong>declarar la variedad<\/strong>, el documento <strong>no podr\u00e1 utilizarse para el traslado de semillas experimentales ni para aquellas variedades que todav\u00eda no hayan sido inscriptas en el Registro Nacional de Cultivares<\/strong>.<\/p>\n<div class=\"ln-banner-container --no-app --caja2_mob\">\n<div id=\"caja2_mob\" class=\"ln-banner\" data-slot-group=\"nota\" data-device=\"mobile\" data-subscription=\"true\" data-ad-unit-path=\"\/133919216\/campo_mobile\/Nota\/caja2_mob\" data-targeting='{\"sitio\":\"lanacion\",\"seccion\":\"nota\"}' data-without-hide=\"true\" data-size=\"[[320,100],[300,250],[300,450],[1,1],[360,270],[320,180]]\" data-sizemap=\"[]\" data-prebid-enabled=\"true\"><\/div>\n<\/div>\n<div class=\"content-media\">\n<section role=\"button\" class=\"mod-media   \">\n<figure role=\"button\" tabindex=\"0\" class=\"mod-figure \">\n<div class=\"placeholder \">\n<div class=\"com-image\"><picture><source media=\"(min-width: 768px)\" srcset=\"https:\/\/www.lanacion.com.ar\/resizer\/v2\/la-soja-en-el-centro-del-debate-por-la-nueva-ley-SDBPEMEJP5BMHMJNGEQN2L2SQM.jpg?auth=304b286b56e2dcaf381dd920c5fe5ec7195d0bb82caef46c75ce514e529c427d&amp;width=780&amp;height=569&amp;quality=70&amp;smart=true\"><\/source><img class=\"image com-image flex --cover\" decoding=\"async\" fetchpriority=\"low\" loading=\"lazy\" src=\"https:\/\/www.lanacion.com.ar\/resizer\/v2\/la-soja-en-el-centro-del-debate-por-la-nueva-ley-SDBPEMEJP5BMHMJNGEQN2L2SQM.jpg?auth=304b286b56e2dcaf381dd920c5fe5ec7195d0bb82caef46c75ce514e529c427d&amp;width=420&amp;height=306&amp;quality=70&amp;smart=true\" width=\"2662\" alt=\"La nueva Carta de Porte funcionar\u00e1 sobre la misma plataforma utilizada actualmente para solicitar la Carta de Porte de granos\" height=\"1941\"><\/picture><\/div>\n<\/div><figcaption class=\"mod-figcaption\"><span class=\"com-text --caption --twoxs\">La nueva Carta de Porte funcionar\u00e1 sobre la misma plataforma utilizada actualmente para solicitar la Carta de Porte de granos<\/span><span class=\"com-text --credit --twoxs\">Archivo<\/span><\/figcaption><\/figure>\n<\/section>\n<\/div>\n<div class=\"ln-banner-container --no-app --middle_2_dsk\">\n<div id=\"middle_2_dsk\" class=\"ln-banner\" data-slot-group=\"nota\" data-device=\"desktop\" data-subscription=\"true\" data-ad-unit-path=\"\/133919216\/campo_desktop\/Nota\/middle_2_dsk\" data-targeting='{\"sitio\":\"lanacion\",\"seccion\":\"nota\"}' data-without-hide=\"true\" data-size=\"[[1,1],[728,90]]\" data-sizemap=\"[]\" data-prebid-enabled=\"true\"><\/div>\n<\/div>\n<p class=\"com-paragraph --s text-left\">\u201cSiendo necesaria la declaraci\u00f3n de la variedad en la carta de porte de semillas,<strong> la misma no podr\u00e1 ser utilizada en los traslados de semillas experimentales ni en aquellas que a\u00fan no se hayan inscripto en el Registro Nacional de Cultivares<\/strong>\u201d, indica la resoluci\u00f3n.<\/p>\n<div class=\"ln-banner-container --no-app --caja3_mob\">\n<div id=\"caja3_mob\" class=\"ln-banner\" data-slot-group=\"nota\" data-device=\"mobile\" data-subscription=\"false\" data-ad-unit-path=\"\/133919216\/campo_mobile\/Nota\/caja3_mob\" data-targeting='{\"sitio\":\"lanacion\",\"seccion\":\"nota\"}' data-without-hide=\"true\" data-size=\"[[320,100],[300,250],[1,1],[300,450],[360,270]]\" data-sizemap=\"[]\" data-prebid-enabled=\"true\"><\/div>\n<\/div>\n<div class=\"ln-banner-container --no-app --middle_2_tab\">\n<div id=\"middle_2_tab\" class=\"ln-banner\" data-slot-group=\"nota\" data-device=\"tablet\" data-subscription=\"false\" data-ad-unit-path=\"\/133919216\/campo_tablet\/Nota\/middle_2_tab\" data-targeting='{\"sitio\":\"lanacion\",\"seccion\":\"nota\"}' data-without-hide=\"true\" data-size=\"[[728,90],[640,480],[468,60],[1,1]]\" data-sizemap=\"[]\" data-prebid-enabled=\"true\"><\/div>\n<\/div>\n<p class=\"com-paragraph --s text-left\">A partir de ese momento, para esos movimientos <strong>dejar\u00e1 de ser v\u00e1lido el traslado respaldado por el formulario previsto en la resoluci\u00f3n 52\/2009 del Inase<\/strong>, que hasta ahora era utilizado para mantener la trazabilidad de los lotes durante el traslado desde el campo hacia las plantas de procesamiento o entre establecimientos.<\/p>\n<p class=\"com-paragraph --s text-left\">El cambio busca resolver una \u201c<strong>superposici\u00f3n de documentaci\u00f3n\u201d<\/strong> que exist\u00eda entre los requisitos del proceso de fiscalizaci\u00f3n de semillas y la Carta de Porte exigida por la <strong>Agencia de Recaudaci\u00f3n y Control Aduanero (ARCA)<\/strong> para el movimiento del material. Seg\u00fan explic\u00f3<strong> el Inase en los fundamentos de la medida, ambos organismos acordaron desarrollar una Carta de Porte espec\u00edfica para semillas<\/strong> que permita concentrar en un mismo documento la informaci\u00f3n necesaria para ambos procesos y mantener la trazabilidad.<\/p>\n<p class=\"com-paragraph --s\">La nueva<strong> Carta de Porte <\/strong>funcionar\u00e1 <strong>sobre la misma plataforma utilizada actualmente para solicitar la Carta de Porte de granos<\/strong>, por lo que, de acuerdo con la resoluci\u00f3n, su implementaci\u00f3n no requiere una modificaci\u00f3n normativa adicional por parte de ARCA. Para el Gobierno,<strong> el cambio permitir\u00e1 simplificar el transporte de semilla en proceso de fiscalizaci\u00f3n y reducir tareas administrativas para el sector.<\/strong><\/p>\n<div class=\"ln-banner-container --no-app --caja4_mob\">\n<div id=\"caja4_mob\" class=\"ln-banner\" data-slot-group=\"nota\" data-device=\"mobile\" data-subscription=\"false\" data-ad-unit-path=\"\/133919216\/campo_mobile\/Nota\/caja4_mob\" data-targeting='{\"sitio\":\"lanacion\",\"seccion\":\"nota\"}' data-without-hide=\"true\" data-size=\"[[320,100],[300,250],[1,1]]\" data-sizemap=\"[]\" data-prebid-enabled=\"true\"><\/div>\n<\/div>\n<div class=\"content-media\">\n<section role=\"button\" class=\"mod-media   \">\n<figure role=\"button\" tabindex=\"0\" class=\"mod-figure \">\n<div class=\"placeholder \">\n<div class=\"com-image\"><picture><source media=\"(min-width: 768px)\" srcset=\"https:\/\/www.lanacion.com.ar\/resizer\/v2\/la-informacion-sobre-las-semillas-que-se-3N23X7GJYFCUNNZNVHT65PWGCA.png?auth=c9d1141f0c4ec62c2f5139862f4a9734f0bb1111d7ce7fca2b6de0fae5822ee5&amp;width=780&amp;height=520&amp;quality=70&amp;smart=true\"><\/source><img class=\"image com-image flex --cover\" decoding=\"async\" fetchpriority=\"low\" loading=\"lazy\" src=\"https:\/\/www.lanacion.com.ar\/resizer\/v2\/la-informacion-sobre-las-semillas-que-se-3N23X7GJYFCUNNZNVHT65PWGCA.png?auth=c9d1141f0c4ec62c2f5139862f4a9734f0bb1111d7ce7fca2b6de0fae5822ee5&amp;width=420&amp;height=280&amp;quality=70&amp;smart=true\" width=\"2000\" alt=\"La informaci\u00f3n sobre las semillas que se movilizan quedar\u00e1 registrada dentro del sistema\" height=\"1333\"><\/picture><\/div>\n<\/div><figcaption class=\"mod-figcaption\"><span class=\"com-text --caption --twoxs\">La informaci\u00f3n sobre las semillas que se movilizan quedar\u00e1 registrada dentro del sistema<\/span><span class=\"com-text --credit --twoxs\">INASE<\/span><\/figcaption><\/figure>\n<\/section>\n<\/div>\n<p class=\"com-paragraph --s\">El esquema fue dise\u00f1ado para incorporar al circuito informaci\u00f3n espec\u00edfica sobre las semillas movilizadas, seg\u00fan supo este medio. Entre los datos previstos se encuentran <strong>la variedad, la categor\u00eda y el n\u00famero de presentaci\u00f3n de cada lote<\/strong>, adem\u00e1s de la informaci\u00f3n vinculada con el semillero y los lotes declarados en el SISA. El objetivo es que el movimiento f\u00edsico del material pueda quedar relacionado con la informaci\u00f3n previamente declarada y mejorar as\u00ed su trazabilidad.<\/p>\n<div class=\"ln-banner-container --no-app --caja6_mob\">\n<div id=\"caja6_mob\" class=\"ln-banner\" data-slot-group=\"nota\" data-device=\"mobile\" data-subscription=\"false\" data-ad-unit-path=\"\/133919216\/campo_mobile\/Nota\/caja6_mob\" data-targeting='{\"sitio\":\"lanacion\",\"seccion\":\"nota\"}' data-without-hide=\"true\" data-size=\"[[300,250],[230,50],[300,450],[1,1],[320,100]]\" data-sizemap=\"[]\" data-prebid-enabled=\"true\"><\/div>\n<\/div>\n<p class=\"com-paragraph --s\">En los fundamentos de la norma, <strong>el Inase se\u00f1al\u00f3 que el sistema de fiscalizaci\u00f3n de semillas sufri\u00f3 en los \u00faltimos a\u00f1os cambios derivados<\/strong> de la modernizaci\u00f3n de los procesos productivos y comerciales de la industria. En ese marco, sostuvo que la nueva herramienta busca adecuar el sistema de documentaci\u00f3n utilizado durante una de las etapas centrales del proceso: <strong>el movimiento de la semilla desde los lotes de producci\u00f3n hacia las plantas de procesamiento y entre establecimientos<\/strong>.<\/p>\n<p class=\"com-paragraph --s\">La <strong>Comisi\u00f3n Nacional de Semillas (Conase)<\/strong> hab\u00eda analizado la iniciativa en su reuni\u00f3n del <strong>18 de agosto pasado<\/strong> y emitido su opini\u00f3n sobre el nuevo esquema. Con la publicaci\u00f3n de la resoluci\u00f3n, el sector tendr\u00e1 ahora <strong>un mes hasta el inicio de la utilizaci\u00f3n del documento y tres meses hasta que pase a ser obligatorio en los movimientos alcanzados<\/strong>.<\/p>\n<div data-fusion-lazy-id=\"f0fpQTDZ9Hvw1FA\"><\/div>\n<div class=\"ln-banner-container --no-app --caja5_mob\">\n<div id=\"caja5_mob\" class=\"ln-banner\" data-slot-group=\"nota\" data-device=\"mobile\" data-subscription=\"false\" data-ad-unit-path=\"\/133919216\/campo_mobile\/Nota\/caja5_mob\" data-targeting='{\"sitio\":\"lanacion\",\"seccion\":\"nota\"}' data-without-hide=\"true\" data-size='[[320,100],[300,250],[1,1],[\" fluid\"]]' data-sizemap=\"[]\" data-prebid-enabled=\"true\"><\/div>\n<\/div>\n<div data-fusion-lazy-id=\"f0f68JH1aHvw1CG\"><\/div>\n<div class=\"ln-banner-container --no-app --middle_3_dsk\">\n<div id=\"middle_3_dsk\" class=\"ln-banner\" data-slot-group=\"nota\" data-device=\"desktop\" data-subscription=\"true\" data-ad-unit-path=\"\/133919216\/campo_desktop\/Nota\/middle_3_dsk\" data-targeting='{\"sitio\":\"lanacion\",\"seccion\":\"nota\"}' data-without-hide=\"true\" data-size=\"[[1,1],[728,90],[640,360],[728,360]]\" data-sizemap=\"[]\" data-prebid-enabled=\"true\"><\/div>\n<\/div>\n<\/div>\n","protected":false},"excerpt":{"rendered":"<p>El Gobierno oficializ\u00f3 la implementaci\u00f3n de la Carta de Porte de Semillas, una nueva herramienta para documentar y seguir el traslado de semillas en proceso de fiscalizaci\u00f3n, tal como hab\u00eda adelantado LA NACION semanas atr\u00e1s. El sistema podr\u00e1 comenzar a utilizarse desde el 1\u00b0 de octubre pr\u00f3ximo y ser\u00e1 obligatorio desde el 1\u00b0 de diciembre [&hellip;]<\/p>\n","protected":false},"author":1,"featured_media":24433,"comment_status":"open","ping_status":"open","sticky":false,"template":"","format":"standard","meta":{"footnotes":""},"categories":[1],"tags":[],"class_list":["post-24432","post","type-post","status-publish","format-standard","has-post-thumbnail","hentry","category-uncategorized"],"_links":{"self":[{"href":"https:\/\/cliente1.publisher.highstack.com.ar\/index.php?rest_route=\/wp\/v2\/posts\/24432","targetHints":{"allow":["GET"]}}],"collection":[{"href":"https:\/\/cliente1.publisher.highstack.com.ar\/index.php?rest_route=\/wp\/v2\/posts"}],"about":[{"href":"https:\/\/cliente1.publisher.highstack.com.ar\/index.php?rest_route=\/wp\/v2\/types\/post"}],"author":[{"embeddable":true,"href":"https:\/\/cliente1.publisher.highstack.com.ar\/index.php?rest_route=\/wp\/v2\/users\/1"}],"replies":[{"embeddable":true,"href":"https:\/\/cliente1.publisher.highstack.com.ar\/index.php?rest_route=%2Fwp%2Fv2%2Fcomments&post=24432"}],"version-history":[{"count":0,"href":"https:\/\/cliente1.publisher.highstack.com.ar\/index.php?rest_route=\/wp\/v2\/posts\/24432\/revisions"}],"wp:featuredmedia":[{"embeddable":true,"href":"https:\/\/cliente1.publisher.highstack.com.ar\/index.php?rest_route=\/wp\/v2\/media\/24433"}],"wp:attachment":[{"href":"https:\/\/cliente1.publisher.highstack.com.ar\/index.php?rest_route=%2Fwp%2Fv2%2Fmedia&parent=24432"}],"wp:term":[{"taxonomy":"category","embeddable":true,"href":"https:\/\/cliente1.publisher.highstack.com.ar\/index.php?rest_route=%2Fwp%2Fv2%2Fcategories&post=24432"},{"taxonomy":"post_tag","embeddable":true,"href":"https:\/\/cliente1.publisher.highstack.com.ar\/index.php?rest_route=%2Fwp%2Fv2%2Ftags&post=24432"}],"curies":[{"name":"wp","href":"https:\/\/api.w.org\/{rel}","templated":true}]}}