{"id":24430,"date":"2026-08-31T12:33:22","date_gmt":"2026-08-31T15:33:22","guid":{"rendered":"https:\/\/cliente1.publisher.highstack.com.ar\/?p=24430"},"modified":"2026-08-31T12:33:22","modified_gmt":"2026-08-31T15:33:22","slug":"robo-de-pelicula-en-viena-se-llevaron-un-collar-de-diamantes-valuado-en-us4-millones-que-pertenecio-a-una-reina-de-egipto","status":"publish","type":"post","link":"https:\/\/cliente1.publisher.highstack.com.ar\/?p=24430","title":{"rendered":"Robo de pel\u00edcula en Viena: se llevaron un collar de diamantes valuado en u$s4 millones que perteneci\u00f3 a una reina de Egipto"},"content":{"rendered":"<div id=\"\">\n<p id=\"p-1788186610301-21949\" class=\"\">Dos ladrones <strong>robaron un collar de diamantes valuado en m\u00e1s de u$s4 millones <\/strong>de un museo de Viena, Austria, tras romper a martillazos una vitrina durante un asalto ocurrido a plena luz del d\u00eda. La pieza, compuesta por 673 diamantes y perteneciente a la realeza egipcia, estaba exhibida en pr\u00e9stamo.<\/p>\n<\/div>\n<div id=\"\">\n<p id=\"p-1788186610301-44364\" class=\"\">El hecho ocurri\u00f3 el jueves en el <strong>Museo de Artes Aplicadas (MAK)<\/strong>. Seg\u00fan inform\u00f3 la polic\u00eda austr\u00edaca, los sospechosos ingresaron como visitantes a una exposici\u00f3n de joyer\u00eda y, sin utilizar m\u00e1scaras, rompieron el vidrio que proteg\u00eda el collar para luego escapar a pie hacia un parque cercano.<\/p>\n<\/div>\n<div id=\"\">\n<p id=\"p-1788186610301-62404\" class=\"\"> La polic\u00eda difundi\u00f3 im\u00e1genes de los dos hombres captadas por las c\u00e1maras de seguridad antes de que ingresaran a la exposici\u00f3n. <strong>Nadie result\u00f3 herido durante el robo<\/strong>, aunque los investigadores sospechan que uno de los involucrados podr\u00eda haber portado un arma de fuego.<\/p>\n<\/div>\n<div id=\"\">\n<h2 id=\"p-1788186610301-82575\">Una pieza \u00fanica vinculada a la realeza egipcia<\/h2>\n<p id=\"p-1788186610301-93595\" class=\"\">El collar hab\u00eda sido cedido en pr\u00e9stamo por <strong>Van Cleef &amp; Arpels<\/strong>, la casa francesa que lo dise\u00f1\u00f3 en la d\u00e9cada de 1930 para la reina Nazli de Egipto. La joya formaba parte de una muestra que reun\u00eda piezas del museo con m\u00e1s de 300 dise\u00f1os de la firma.<\/p>\n<\/div>\n<div id=\"\">\n<p id=\"p-1788186610301-98086\" class=\"\">La pieza est\u00e1 elaborada con diamantes cuyo peso total supera los <strong>200 quilates<\/strong>. En el centro tiene una piedra de seis quilates, rodeada por hileras de diamantes talla baguette y cientos de gemas m\u00e1s peque\u00f1as que forman un dise\u00f1o similar a un sol radiante.<\/p>\n<\/div>\n<div id=\"\">\n<p id=\"p-1788186610301-76537\" class=\"\">La reina Nazli hab\u00eda encargado el collar junto con una tiara a juego para la boda de su hija Fawzia, celebrada en <strong>1939<\/strong>. D\u00e9cadas m\u00e1s tarde, en 1950, Nazli perdi\u00f3 sus t\u00edtulos reales junto con otra de sus hijas, Fathia, por decisi\u00f3n de su hijo y sucesor del rey Fuad, Farouk I.<\/p>\n<p id=\"p-1788186610301-55410\" class=\"\">Tras instalarse en Estados Unidos y atravesar dificultades econ\u00f3micas, <strong>Nazli vendi\u00f3 el collar y la tiara en la d\u00e9cada de 1970<\/strong>. La joya reapareci\u00f3 en una subasta de Sotheby&#8217;s en 2015, donde alcanz\u00f3 un precio de casi u$s4,3 millones.<\/p>\n<div contenteditable=\"false\" class=\"embed_cont type_imagen\" id=\"8271748-Libre-882378420_wrap\">\n<div id=\"8271748-Libre-882378420_content\" class=\"embed_content\"><img src=\"https:\/\/media.ambito.com\/p\/7a2493f362e6f87960e8487e354829e3\/adjuntos\/239\/imagenes\/043\/613\/0043613673\/730x0\/smart\/collar-viena.jpg\" decoding=\"async\" fetchpriority=\"low\" loading=\"lazy\" alt=\"\" title=\"\" width=\"730\" height=\"undefined\" id=\"8271748-Libre-882378420_embed\"\/><\/div>\n<\/p><\/div>\n<h2 id=\"p-1788186610301-72677\">La b\u00fasqueda de los responsables<\/h2>\n<p id=\"p-1788186610301-15507\" class=\"\">Tras el asalto, la polic\u00eda austr\u00edaca despleg\u00f3 <strong>&#8220;amplias operaciones de b\u00fasqueda&#8221;<\/strong> para localizar a los dos sospechosos, con la participaci\u00f3n de unidades caninas. Interpol tambi\u00e9n incorpor\u00f3 el collar a su base de datos internacional de obras de arte robadas.<\/p>\n<p id=\"p-1788186610301-90019\" class=\"\">El museo cerr\u00f3 temporalmente la exposici\u00f3n el mismo jueves, aunque <strong>volvi\u00f3 a abrir ese mismo d\u00eda<\/strong>. Para el viernes, la vitrina da\u00f1ada hab\u00eda sido cubierta con un panel azul. La muestra permanecer\u00e1 abierta hasta el 27 de septiembre y, seg\u00fan medios locales, desde el robo se instalaron detectores de metales.<\/p>\n<p id=\"p-1788186610301-47796\" class=\"\">La directora general del MAK, Lilli Hollein, manifest\u00f3 su preocupaci\u00f3n por el episodio y adelant\u00f3 una revisi\u00f3n de los protocolos de seguridad: &#8220;Teniendo en cuenta, sobre todo, los incidentes ocurridos en importantes museos en los \u00faltimos a\u00f1os, aprovechamos esta oportunidad para revisar exhaustivamente nuestras medidas de seguridad en el museo en general&#8221;.<\/p>\n<h2 id=\"p-1788186610301-24355\">El reclamo de la familia y una ola de robos<\/h2>\n<p id=\"p-1788186610301-8388\" class=\"\">Fawzia Farouk, bisnieta de la reina Nazli, expres\u00f3 su <strong>\u201cprofundo pesar\u201d<\/strong> por la desaparici\u00f3n de la joya. La describi\u00f3 como una &#8220;parte irremplazable de la historia de nuestra familia y del patrimonio cultural de Egipto&#8221; y agreg\u00f3: &#8220;Es un valioso testimonio de una \u00e9poca de elegancia, arte y visi\u00f3n, cuyo significado trasciende los intereses personales&#8221;.<\/p>\n<p id=\"p-1788186610301-64108\" class=\"\">El robo de Viena se produjo en medio de una serie de <strong>asaltos contra museos europeos<\/strong>. En octubre del a\u00f1o pasado, delincuentes ingresaron al Museo del Louvre de Par\u00eds y sustrajeron objetos vinculados con la \u00e9poca napole\u00f3nica. Meses antes, en Pa\u00edses Bajos, otro grupo utiliz\u00f3 explosivos para entrar a un museo y llevarse cuatro piezas antiguas, entre ellas un casco de oro de unos 2.500 a\u00f1os.<\/p>\n<p id=\"p-1788186610301-75077\" class=\"\">El mismo jueves del robo en Viena, delincuentes sustrajeron en un museo arqueol\u00f3gico de Alicante, Espa\u00f1a, decenas de objetos de oro y plata de la Edad de Bronce pertenecientes al Tesoro de Villena. El asalto, seg\u00fan inform\u00f3 <em>El Pa\u00eds<\/em>, <strong>dur\u00f3 menos de cuatro minutos<\/strong>.<\/p>\n<p id=\"p-1788186610301-48567\" class=\"\">Europol advirti\u00f3 recientemente sobre un aumento de los robos violentos contra instituciones culturales. En un informe publicado la semana pasada, se\u00f1al\u00f3 un <strong>&#8220;preocupante aumento de t\u00e1cticas violentas y contundentes&#8221;<\/strong> y sostuvo que los objetos de metales y piedras preciosas son algunos de los principales objetivos.<\/p>\n<p id=\"p-1788186610301-27285\">La agencia europea tambi\u00e9n alert\u00f3 sobre la llegada de <strong>&#8220;nuevos delincuentes&#8221; y &#8220;oportunistas de otros sectores criminales&#8221;<\/strong>, atra\u00eddos por lo que consideran delitos de &#8220;bajo riesgo y alta rentabilidad&#8221;.<\/p>\n<\/div>\n<p><script>\n!function(f,b,e,v,n,t,s)\n{if(f.fbq)return;n=f.fbq=function(){n.callMethod?\nn.callMethod.apply(n,arguments):n.queue.push(arguments)};\nif(!f._fbq)f._fbq=n;n.push=n;n.loaded=!0;n.version='2.0';\nn.queue=[];t=b.createElement(e);t.async=!0;\nt.src=v;s=b.getElementsByTagName(e)[0];\ns.parentNode.insertBefore(t,s)}(window,document,'script',\n'\nfbq('init', '2047048335588113');\nfbq('track', 'PageView');\n<\/script><\/p>\n","protected":false},"excerpt":{"rendered":"<p>Dos ladrones robaron un collar de diamantes valuado en m\u00e1s de u$s4 millones de un museo de Viena, Austria, tras romper a martillazos una vitrina durante un asalto ocurrido a plena luz del d\u00eda. La pieza, compuesta por 673 diamantes y perteneciente a la realeza egipcia, estaba exhibida en pr\u00e9stamo. El hecho ocurri\u00f3 el jueves [&hellip;]<\/p>\n","protected":false},"author":1,"featured_media":24431,"comment_status":"open","ping_status":"open","sticky":false,"template":"","format":"standard","meta":{"footnotes":""},"categories":[1],"tags":[],"class_list":["post-24430","post","type-post","status-publish","format-standard","has-post-thumbnail","hentry","category-uncategorized"],"_links":{"self":[{"href":"https:\/\/cliente1.publisher.highstack.com.ar\/index.php?rest_route=\/wp\/v2\/posts\/24430","targetHints":{"allow":["GET"]}}],"collection":[{"href":"https:\/\/cliente1.publisher.highstack.com.ar\/index.php?rest_route=\/wp\/v2\/posts"}],"about":[{"href":"https:\/\/cliente1.publisher.highstack.com.ar\/index.php?rest_route=\/wp\/v2\/types\/post"}],"author":[{"embeddable":true,"href":"https:\/\/cliente1.publisher.highstack.com.ar\/index.php?rest_route=\/wp\/v2\/users\/1"}],"replies":[{"embeddable":true,"href":"https:\/\/cliente1.publisher.highstack.com.ar\/index.php?rest_route=%2Fwp%2Fv2%2Fcomments&post=24430"}],"version-history":[{"count":0,"href":"https:\/\/cliente1.publisher.highstack.com.ar\/index.php?rest_route=\/wp\/v2\/posts\/24430\/revisions"}],"wp:featuredmedia":[{"embeddable":true,"href":"https:\/\/cliente1.publisher.highstack.com.ar\/index.php?rest_route=\/wp\/v2\/media\/24431"}],"wp:attachment":[{"href":"https:\/\/cliente1.publisher.highstack.com.ar\/index.php?rest_route=%2Fwp%2Fv2%2Fmedia&parent=24430"}],"wp:term":[{"taxonomy":"category","embeddable":true,"href":"https:\/\/cliente1.publisher.highstack.com.ar\/index.php?rest_route=%2Fwp%2Fv2%2Fcategories&post=24430"},{"taxonomy":"post_tag","embeddable":true,"href":"https:\/\/cliente1.publisher.highstack.com.ar\/index.php?rest_route=%2Fwp%2Fv2%2Ftags&post=24430"}],"curies":[{"name":"wp","href":"https:\/\/api.w.org\/{rel}","templated":true}]}}