{"id":24424,"date":"2026-08-31T12:30:18","date_gmt":"2026-08-31T15:30:18","guid":{"rendered":"https:\/\/cliente1.publisher.highstack.com.ar\/?p=24424"},"modified":"2026-08-31T12:30:20","modified_gmt":"2026-08-31T15:30:20","slug":"interna-la-libertad-avanza-pro-mauricio-macri-se-fue-de-gira-en-plena-desconfianza-con-javier-milei","status":"publish","type":"post","link":"https:\/\/cliente1.publisher.highstack.com.ar\/?p=24424","title":{"rendered":"Interna La Libertad Avanza-PRO: Mauricio Macri se fue de gira en plena desconfianza con Javier Milei"},"content":{"rendered":"<p><\/p>\n<div>\t\t<!-- { REGION4 --> <\/p>\n<header class=\"news-headline\">\n<div class=\"news-headline__topics-and-date-wrapper\">    <span class=\"news-headline__publication-date\"> 31 de agosto 2026 &#8211; 12:01<br \/>\n            <\/span><\/div>\n<h2 class=\"news-headline__article-summary\"\/>\n<p id=\"p-1788181003895-73255\" class=\"ignore-parser\"> La Libertad Avanza le pisa la Ciudad a Jorge Macri mientras escenifica una mesa de di\u00e1logo. Hern\u00e1n Lacunza se mostr\u00f3 como candidato presidencial el mismo d\u00eca que Karina Milei mont\u00f3 un encuentro con el macrismo.<\/p>\n<\/header>\n<article class=\"article-body article-body--first-paragraph\" data-td-script-src=\"https:\/\/www.ambito.com\/td\/modulos\/encuestas\/js\/function-embeds-min-version-1788062813.js\">\n<p id=\"p-1788181003996-7813\"><strong> Mauricio Macri<\/strong> parti\u00f3 este s\u00e1bado a la noche rumbo a Estados Unidos. El jefe del <strong>PRO<\/strong> abandon\u00f3 el pa\u00eds en medio de un pico de desconfianza con <strong>Javier Milei<\/strong> luego de reactivar una mesa de di\u00e1logo con <strong>La Libertad Avanza<\/strong> que no logr\u00f3 ning\u00fan resultado concreto.<\/p>\n<\/article>\n<section class=\"suscription-false printed-edition\" style=\"display:none\">\n<p> El contenido al que quiere acceder es exclusivo para suscriptores.<\/p>\n<p>  <span> <button type=\"button\" name=\"button\" class=\"subscribe-btn mercadopago-btn\">suscribirse<\/button><\/span>  <span class=\"btns\"><button type=\"button\" name=\"button\" class=\"subscribe-btn reload-login\"> ya estoy suscripto<\/button><\/span>  <\/p>\n<\/section>\n<article class=\"article-body article-body--second-paragraph\">\n<p id=\"p-1788181261824-25571\">Desde que Karina Milei y Macri hablaron para escenificar una serie de reuniones en la Casa Rosada entre ambos bandos, el v\u00ednculo parece haber empeorado. <strong>M\u00e1s all\u00e1 de las relaciones carnales que el macrismo mantiene con los libertarios<\/strong>, especialmente en las votaciones de la C\u00e1mara de Diputados, no hubo avances en el entendimiento entre ambos espacios. Todo lo contrario.<\/p>\n<\/article>\n<article class=\"article-body article-body--third-paragraph\">\n<p id=\"p-1788181231609-53029\"> <strong>La hermana del Presidente sac\u00f3 a Diego Santilli a caminarle la Ciudad de Buenos Aires al PRO<\/strong>, casi en un acto de campa\u00f1a de LLA. Fue el viernes pasado, apenas un dia despu\u00e9s del encuentro con la comitiva macrista en la Casa Rosada. Una clar\u00edsima se\u00f1al de la precariedad de la mesa di\u00e1logo que, parad\u00f3jicamente, el jefe de gabinete se encarga de coordinar junto a los riojanos Eduardo &#8220;Lule&#8221; Menem y Mart\u00edn Menem con la representaci\u00f3n de los macristas Cristian Ritondo y Fernando de Andreis. Una mesa que, se supone, se arm\u00f3 para fijar los t\u00e9rminos de un acuerdo electoral para 2027.<\/p>\n<\/article>\n<article class=\"article-body article-body--fourth-paragraph\">\n<div contenteditable=\"false\" class=\"embed_cont type_imagen\" id=\"8271705-Libre-845566_wrap\">\n<div id=\"8271705-Libre-845566_content\" class=\"embed_content\"><img decoding=\"async\" fetchpriority=\"low\" loading=\"lazy\" alt=\"Diego Santilli, Eduardo y Mart\u00edn Menem, por La Libertad Avanza. Cristian Ritondo y Fernando de Andreis por el PRO. Luego del encuentro del jueves en la Casa Rosada, la tensi\u00f3n entre ambos espacios volvi\u00f3 a escalar.\" title=\"Diego Santilli, Eduardo y Mart\u00edn Menem, por La Libertad Avanza. Cristian Ritondo y Fernando de Andreis por el PRO. Luego del encuentro del jueves en la Casa Rosada, la tensi\u00f3n entre ambos espacios volvi\u00f3 a escalar.\" width=\"730\" height=\"undefined\" id=\"8271705-Libre-845566_embed\"\/><\/div>\n<div class=\"embed_wrapper-cont\" id=\"p-1788184132173-86895\">\n<div id=\"8271705-Libre-845566_epigrafe\" class=\"embed_epigrafe\">\n<p id=\"p-1788184215183-38953\">Diego Santilli, Eduardo y Mart\u00edn Menem, por La Libertad Avanza. Cristian Ritondo y Fernando de Andreis por el PRO. Luego del encuentro del jueves en la Casa Rosada, la tensi\u00f3n entre ambos espacios volvi\u00f3 a escalar.<\/p>\n<\/div><\/div>\n<\/p><\/div>\n<p id=\"p-1788182431667-23661\">Esa mesa mixta de LLA y PRO ya celebr\u00f3 dos encuentros. El resultados fueron dos fotos, no mucho m\u00e1s. Las reuniones se desarrollan sin agenda concreta y m\u00e1s que nada con el objetivo de no cortar puentes a la espera del cierre de listas. Karina Milei dio el primer paso al llamar a Mauricio Macri para intentar mostrar que el Presidente sigue cont\u00e1ndolo como aliado. El expresidente, por su parte, apuesta a un acuerdo de m\u00ednima para preservar el gobierno de la Ciudad de Buenos Aires en 2027. Pero la hermana del Presidente no ofrece ning\u00fana garant\u00eda.<\/p>\n<\/article>\n<article class=\"article-body article-body--fifth-paragraph\">\n<p id=\"p-1788182581387-96787\">Pilar Ram\u00edrez, mano derecha de Karina en CABA, redobla sus cr\u00edticas contra la gesti\u00f3n de Jorge Macri. \u201c<strong>A Jorge Macri a veces le falta reconocernos el copyright<\/strong>\u201d, lanz\u00f3 Ram\u00edrez en una entrevista radial, al referirse a medidas que el gobierno porte\u00f1o comenz\u00f3 a implementar y que, seg\u00fan sostuvo, hab\u00edan sido impulsadas previamente por los libertarios. <strong>\u201cQueremos entender si el jefe de Gobierno tambi\u00e9n tiene esas prioridades o es solo focus groups y fotos\u201d<\/strong>, plante\u00f3 la dirigente en paralelo a la escenograf\u00eda de armon\u00eda politica que Santilli, los Menem, Ritondo y De Andreis montan semanalmente en Casa Rosada.<\/p>\n<\/article>\n<article class=\"article-body article-body--remaining-paragraph\">\n<h2 id=\"p-1788184830274-41701\">Encuentro con La Libertad Avanza<\/h2>\n<p id=\"p-1788182769219-40466\"><strong>El encuentro bilateral de LLA y PRO del \u00faltimo jueves en Casa Rosada dej\u00f3 al descubierto la falta de<em> affectio societatis<\/em><\/strong>. &#8220;De los distritos que gobierna el PRO no hablamos&#8221;, confes\u00f3 Ritondo. \u00bfQu\u00e9 pensar\u00e1n Jorge Macri y los gobernadores de su partido como Rogelio Frigerio o Ignacio Torres de esa ausencia en la mesa de negocaciones? El jefe de la bancada de diputados nacionales del PRO habl\u00f3 incluso en primera personal del plural como si fuese parte de La Libertad Avanza: &#8220;Aprobamos en el Congreso un conjunto de leyes muy buenas para el pa\u00eds&#8221;.<\/p>\n<p id=\"p-1788183180003-83057\"><strong> En ese contexto, y con el PRO desfigurado, Macri se fue del pa\u00eds. Adem\u00e1s de Estados Unidos tiene previsto visitar Madrid para un compromiso familiar y luego ir\u00e1 a Italia<\/strong>. Las se\u00f1ales en relaci\u00f3n al vinculo con La Libertad Avanza no pueden ser m\u00e1s ambiguas y contradictorias. El expresidente es esc\u00e9ptico frente al llamado de Karina Milei. &#8220;Siempre que nos llamaron no nos terminaron cumpliendo&#8221;, confes\u00f3 ante su mesa chica antes de salir de gira.<\/p>\n<div contenteditable=\"false\" class=\"embed_cont type_imagen\" id=\"8271710-Libre-258830321_wrap\">\n<div id=\"8271710-Libre-258830321_content\" class=\"embed_content\"><img decoding=\"async\" fetchpriority=\"low\" loading=\"lazy\" alt=\"Hern\u00e1n Lacunza junt\u00f3 a Jorge Triaca, Paula Bertol, Mart\u00edn Goerling Lara y a Humberto Schiavoni para una cena donde ratific\u00f3 su candidatura presidencial por el PRO el mismo dia que los macristas Ritondo y De Andreis escenificaban una mesa de acuerdos con LLA en Casa Rosada.\" title=\"Hern\u00e1n Lacunza junt\u00f3 a Jorge Triaca, Paula Bertol, Mart\u00edn Goerling Lara y a Humberto Schiavoni para una cena donde ratific\u00f3 su candidatura presidencial por el PRO el mismo dia que los macristas Ritondo y De Andreis escenificaban una mesa de acuerdos con LLA en Casa Rosada.\" width=\"730\" height=\"undefined\" id=\"8271710-Libre-258830321_embed\"\/><\/div>\n<div class=\"embed_wrapper-cont\" id=\"p-1788184241404-81525\">\n<div id=\"8271710-Libre-258830321_epigrafe\" class=\"embed_epigrafe\">\n<p id=\"p-1788184364455-19303\">Hern\u00e1n Lacunza junt\u00f3 a Jorge Triaca, Paula Bertol, Mart\u00edn Goerling Lara y a Humberto Schiavoni para una cena donde ratific\u00f3 su candidatura presidencial por el PRO el mismo dia que los macristas Ritondo y De Andreis escenificaban una mesa de acuerdos con LLA en Casa Rosada.<\/p>\n<\/div><\/div>\n<\/p><\/div>\n<h2 id=\"p-1788184795743-95894\">Disidentes del PRO<\/h2>\n<p id=\"p-1788183333724-61341\">De hecho, tambi\u00e9n la semana pasada, el mismo d\u00eda de la reuni\u00f3n en Rosada entre Santilli, los Menem, Ritondo y De Andreis, hubo una cena de disidentes del PRO que impulsan la candidatura presidencial de Hern\u00e1n Lacunza. Fue el <strong>jueves por la noche en el restaurante Marcelo<\/strong> en la avenida Callao al 1700. All\u00ed, el exministro de Econom\u00eda de Cambiemos sent\u00f3 al jefe del bloque de senadores nacionales del PRO, el misionero Mart\u00edn Goerling Lara, a su coprovinciano Humberto Schiavoni, al exministro de Trabajo y armado nacional del macrismo, Jorge Triaca, y a la exdiputada Paula Bertol.<\/p>\n<p id=\"p-1788183691910-16851\"><strong>En esa cena se reafirm\u00f3 la voluntad de que Lacunza sea candidato presidencial del PRO para competir contra La Libertad Avanza<\/strong>. Esquema que el propio Lacunza se encarg\u00f3 de dejar en claro luego en una entrevista radial. \u201cYo creo que hay que ir separados, porque hay que ofrecerle a la sociedad alternativas\u201d, afirm\u00f3 sobre las conversaciones entre dirigentes de ambos espacios.<\/p>\n<p id=\"p-1788188186304-3156\">\u201cMi posici\u00f3n es clara, no depende de que alguien se saque una foto: hay que ir separados, dar una alternativa a la gente. El sistema electoral es profundo y sabio para que la gente depure. Hay primarias, primera vuelta, balotaje. Si la gente quiere elegir entre dos, est\u00e1 el balotaje. Si no, es la reacci\u00f3n de la casta, que nadie me compita. Al kirchnerismo hay que ganarle en las urnas, que salga tercero, eso va a estabilizar a la Argentina. En econom\u00eda el gobierno dice que hay que competir. \u00bfY en pol\u00edtica, no? \u00bfNo se pueden tener nuevas ideas, hay que acallar voces disonantes? Que defina el p\u00fablico. Ya tenemos un \u00e1lbum de fotos\u201d, agreg\u00f3.<\/p>\n<\/article>\n<p>\t\t<!-- REGION4 } --><\/div>\n<p><script>\n!function(f,b,e,v,n,t,s)\n{if(f.fbq)return;n=f.fbq=function(){n.callMethod?\nn.callMethod.apply(n,arguments):n.queue.push(arguments)};\nif(!f._fbq)f._fbq=n;n.push=n;n.loaded=!0;n.version='2.0';\nn.queue=[];t=b.createElement(e);t.async=!0;\nt.src=v;s=b.getElementsByTagName(e)[0];\ns.parentNode.insertBefore(t,s)}(window,document,'script',\n'\nfbq('init', '2047048335588113');\nfbq('track', 'PageView');\n<\/script><\/p>\n","protected":false},"excerpt":{"rendered":"<p>31 de agosto 2026 &#8211; 12:01 La Libertad Avanza le pisa la Ciudad a Jorge Macri mientras escenifica una mesa de di\u00e1logo. Hern\u00e1n Lacunza se mostr\u00f3 como candidato presidencial el mismo d\u00eca que Karina Milei mont\u00f3 un encuentro con el macrismo. Mauricio Macri parti\u00f3 este s\u00e1bado a la noche rumbo a Estados Unidos. El jefe [&hellip;]<\/p>\n","protected":false},"author":1,"featured_media":24425,"comment_status":"open","ping_status":"open","sticky":false,"template":"","format":"standard","meta":{"footnotes":""},"categories":[1],"tags":[3],"class_list":["post-24424","post","type-post","status-publish","format-standard","has-post-thumbnail","hentry","category-uncategorized","tag-rogelio-frigerio"],"_links":{"self":[{"href":"https:\/\/cliente1.publisher.highstack.com.ar\/index.php?rest_route=\/wp\/v2\/posts\/24424","targetHints":{"allow":["GET"]}}],"collection":[{"href":"https:\/\/cliente1.publisher.highstack.com.ar\/index.php?rest_route=\/wp\/v2\/posts"}],"about":[{"href":"https:\/\/cliente1.publisher.highstack.com.ar\/index.php?rest_route=\/wp\/v2\/types\/post"}],"author":[{"embeddable":true,"href":"https:\/\/cliente1.publisher.highstack.com.ar\/index.php?rest_route=\/wp\/v2\/users\/1"}],"replies":[{"embeddable":true,"href":"https:\/\/cliente1.publisher.highstack.com.ar\/index.php?rest_route=%2Fwp%2Fv2%2Fcomments&post=24424"}],"version-history":[{"count":1,"href":"https:\/\/cliente1.publisher.highstack.com.ar\/index.php?rest_route=\/wp\/v2\/posts\/24424\/revisions"}],"predecessor-version":[{"id":24426,"href":"https:\/\/cliente1.publisher.highstack.com.ar\/index.php?rest_route=\/wp\/v2\/posts\/24424\/revisions\/24426"}],"wp:featuredmedia":[{"embeddable":true,"href":"https:\/\/cliente1.publisher.highstack.com.ar\/index.php?rest_route=\/wp\/v2\/media\/24425"}],"wp:attachment":[{"href":"https:\/\/cliente1.publisher.highstack.com.ar\/index.php?rest_route=%2Fwp%2Fv2%2Fmedia&parent=24424"}],"wp:term":[{"taxonomy":"category","embeddable":true,"href":"https:\/\/cliente1.publisher.highstack.com.ar\/index.php?rest_route=%2Fwp%2Fv2%2Fcategories&post=24424"},{"taxonomy":"post_tag","embeddable":true,"href":"https:\/\/cliente1.publisher.highstack.com.ar\/index.php?rest_route=%2Fwp%2Fv2%2Ftags&post=24424"}],"curies":[{"name":"wp","href":"https:\/\/api.w.org\/{rel}","templated":true}]}}