{"id":24420,"date":"2026-08-31T12:00:01","date_gmt":"2026-08-31T15:00:01","guid":{"rendered":"https:\/\/cliente1.publisher.highstack.com.ar\/?p=24420"},"modified":"2026-08-31T12:00:01","modified_gmt":"2026-08-31T15:00:01","slug":"polemica-en-el-museo-britanico-por-una-visita-privada-de-peter-thiel-al-tapiz-de-bayeux","status":"publish","type":"post","link":"https:\/\/cliente1.publisher.highstack.com.ar\/?p=24420","title":{"rendered":"Pol\u00e9mica en el Museo Brit\u00e1nico por una visita privada de Peter Thiel al tapiz de Bayeux"},"content":{"rendered":"<div id=\"\">\n<p id=\"p-1788184657998-61637\" class=\"\">El <strong>Museo <\/strong>Brit\u00e1nico <strong>recibi\u00f3 en privado al multimillonario Peter Thiel<\/strong> para una visita al tapiz de Bayeux antes de su apertura al p\u00fablico, una decisi\u00f3n que gener\u00f3 preocupaci\u00f3n entre integrantes del personal por el uso de las limitadas horas de exposici\u00f3n de la fr\u00e1gil pieza.<\/p>\n<\/div>\n<div id=\"\">\n<p id=\"p-1788184657998-98487\" class=\"\">La visita ocurri\u00f3 el <strong>18 de agosto<\/strong> en la sala donde se prepara la exhibici\u00f3n del hist\u00f3rico tapiz. Seg\u00fan confirm\u00f3 una fuente del museo al diario The Guardian, Thiel fue recibido por Charlotte Appleyard, directora de desarrollo de la instituci\u00f3n, durante un recorrido VIP. El presidente del museo, George Osborne, estaba al tanto, aunque no particip\u00f3 del encuentro.<\/p>\n<\/div>\n<div id=\"\">\n<p id=\"p-1788185220022-49236\" class=\"\"> La visita despert\u00f3 cuestionamientos internos debido a que <strong>Thiel no es donante del Museo Brit\u00e1nico<\/strong> ni recibi\u00f3 dinero de la instituci\u00f3n o de sus empresas. Adem\u00e1s, algunos directivos hab\u00edan sido advertidos sobre la posible percepci\u00f3n p\u00fablica de un trato especial hacia el empresario, debido a sus v\u00ednculos con Jeffrey Epstein y al controvertido papel de Palantir en el Estado brit\u00e1nico.<\/p>\n<\/div>\n<div id=\"\">\n<div contenteditable=\"false\" class=\"embed_cont type_imagen\" id=\"8271719-Libre-200198799_wrap\">\n<div id=\"8271719-Libre-200198799_content\" class=\"embed_content\"><img src=\"https:\/\/media.ambito.com\/p\/3c14a24c65e4a009bf6caf245001bc55\/adjuntos\/239\/imagenes\/043\/613\/0043613610\/730x0\/smart\/tapiz-bayeux.jpg\" decoding=\"async\" fetchpriority=\"low\" loading=\"lazy\" alt=\"La visita privada gener\u00f3 preocupaci\u00f3n por el uso de las limitadas horas de exposici\u00f3n a la luz de la pieza.\" title=\"La visita privada gener\u00f3 preocupaci\u00f3n por el uso de las limitadas horas de exposici\u00f3n a la luz de la pieza.\" width=\"730\" height=\"undefined\" id=\"8271719-Libre-200198799_embed\"\/><\/div>\n<div class=\"embed_wrapper-cont\" id=\"p-1788185220022-63229\">\n<div id=\"8271719-Libre-200198799_epigrafe\" class=\"embed_epigrafe\">\n<p id=\"p-1788185491244-32440\">La visita privada gener\u00f3 preocupaci\u00f3n por el uso de las limitadas horas de exposici\u00f3n a la luz de la pieza.<\/p>\n<\/div><\/div>\n<\/p><\/div>\n<h2 id=\"p-1788184657998-72296\">La preocupaci\u00f3n por las horas de exposici\u00f3n<\/h2>\n<p id=\"p-1788184657998-93392\" class=\"\">Uno de los principales motivos de inquietud entre los trabajadores fue el uso de las llamadas <strong>\u201choras lux\u201d<\/strong>, un sistema que combina intensidad lum\u00ednica y tiempo de exposici\u00f3n para controlar el da\u00f1o acumulativo que la luz puede provocar sobre objetos delicados.<\/p>\n<\/div>\n<div id=\"\">\n<p id=\"p-1788184657998-75629\" class=\"\">La galer\u00eda donde se encuentra el tapiz todav\u00eda est\u00e1 en construcci\u00f3n y <strong>el acceso fue limitado a determinados visitantes<\/strong>. Entre quienes pudieron ingresar previamente estuvieron Osborne y su compa\u00f1ero de podcast, Ed Balls, quienes tienen previsto grabar all\u00ed un episodio de Political Currency.<\/p>\n<\/div>\n<div id=\"\">\n<p id=\"p-1788184657998-78695\" class=\"\">El Museo Brit\u00e1nico cuenta con un plan espec\u00edfico para administrar las horas de luz del tapiz, elaborado en coordinaci\u00f3n con especialistas franceses. Seg\u00fan se entiende, <strong>las horas disponibles para el p\u00fablico no fueron reducidas<\/strong> como consecuencia de la visita de Thiel.<\/p>\n<p id=\"p-1788185249258-45077\" class=\"\">El inter\u00e9s por acceder a la pieza hist\u00f3rica es especialmente elevado. Cuando las primeras entradas salieron a la venta durante el verano, <strong>40.000 personas llegaron a formar una fila virtual<\/strong> a media ma\u00f1ana, mientras que la cifra aument\u00f3 hasta casi 80.000 por la tarde. El museo anunci\u00f3 que una nueva tanda de entradas estar\u00e1 disponible el 21 de octubre a las 10.<\/p>\n<div contenteditable=\"false\" class=\"embed_cont type_imagen\" id=\"8216884-Libre-1003016763_wrap\">\n<div id=\"8216884-Libre-1003016763_content\" class=\"embed_content\"><img src=\"https:\/\/media.ambito.com\/p\/16e9a7eefa6fca8f52521e3f3876c622\/adjuntos\/239\/imagenes\/043\/331\/0043331103\/peter-thiel.png?2026-04-27-14-01-22\" decoding=\"async\" fetchpriority=\"high\" loading=\"eager\" crossorigin=\"anonymous\" alt=\"Peter Thiel es fundador de Palantir, una empresa que mantiene importantes contratos con el Estado brit\u00e1nico.\" title=\"Peter Thiel es fundador de Palantir, una empresa que mantiene importantes contratos con el Estado brit\u00e1nico.\" width=\"730\" height=\"410\" id=\"8216884-Libre-1003016763_embed\"\/><\/div>\n<div class=\"embed_wrapper-cont\" id=\"p-1788185249258-15305\">\n<div id=\"8216884-Libre-1003016763_epigrafe\" class=\"embed_epigrafe\">\n<p id=\"p-1788185507523-45096\">Peter Thiel es fundador de Palantir, una empresa que mantiene importantes contratos con el Estado brit\u00e1nico.<\/p>\n<\/div>\n<p>Imagen: Eva Marie Uzcategui\/Bloomberg\/Getty Images<\/p>\n<\/div><\/div>\n<h2 id=\"p-1788184657998-36359\">El papel de Palantir en Reino Unido<\/h2>\n<p id=\"p-1788184657998-89563\" class=\"\">La presencia de Thiel tambi\u00e9n gener\u00f3 cuestionamientos por su relaci\u00f3n con <strong>Palantir<\/strong>, la compa\u00f1\u00eda de software que fund\u00f3 y que desarrolla herramientas de integraci\u00f3n de datos, an\u00e1lisis e inteligencia artificial para gobiernos y grandes empresas.<\/p>\n<p id=\"p-1788184657998-44332\" class=\"\">La firma mantiene numerosos contratos con el Estado brit\u00e1nico. Entre ellos se destaca un acuerdo de <strong>330 millones de libras con el NHS<\/strong>, vigente desde 2023. Palantir tambi\u00e9n trabaja para los ej\u00e9rcitos de Estados Unidos, Israel y Reino Unido.<\/p>\n<p id=\"p-1788184657998-81270\" class=\"\">El uso de sus herramientas de inteligencia artificial para apoyar operaciones militares en Gaza e Ir\u00e1n, redadas migratorias del ICE estadounidense y el acceso a informaci\u00f3n del NHS gener\u00f3 cr\u00edticas y preocupaci\u00f3n.<\/p>\n<div contenteditable=\"false\" class=\"embed_cont type_imagen\" id=\"8216205-Libre-768940269_wrap\" style=\"opacity:1;height:auto;\">\n<div id=\"8216205-Libre-768940269_content\" class=\"embed_content\"><img src=\"https:\/\/media.ambito.com\/p\/3c3794df08ed6d81191b02cfd349b1ef\/adjuntos\/239\/imagenes\/043\/327\/0043327815\/730x0\/smart\/palantir-ia.png\" decoding=\"async\" fetchpriority=\"low\" loading=\"lazy\" alt=\"Palantir tiene un acuerdo de 330 millones de libras con el NHS desde 2023.\" title=\"Palantir tiene un acuerdo de 330 millones de libras con el NHS desde 2023.\" width=\"730\" height=\"undefined\" id=\"8216205-Libre-768940269_embed\"\/><\/div>\n<div class=\"embed_wrapper-cont\" id=\"p-1788185380875-83449\">\n<div id=\"8216205-Libre-768940269_epigrafe\" class=\"embed_epigrafe\">\n<p id=\"p-1788185520104-43018\">Palantir tiene un acuerdo de 330 millones de libras con el NHS desde 2023.<\/p>\n<\/div><\/div>\n<\/p><\/div>\n<p id=\"p-1788185380875-45078\" class=\"\">El mes pasado, un segundo comit\u00e9 parlamentario reclam\u00f3 al Gobierno brit\u00e1nico que <strong>rescinda el contrato de Palantir con el NHS<\/strong>. Los diputados mencionaron la \u201cgrave desconfianza\u201d existente entre ciudadanos y profesionales m\u00e9dicos, cuestionaron las pruebas sobre los beneficios del sistema y se\u00f1alaron que existen herramientas alternativas.<\/p>\n<p id=\"p-1788184657998-33468\" class=\"\">En mayo, el alcalde de Londres, Sadiq Khan, tambi\u00e9n bloque\u00f3 un contrato de <strong>50 millones de libras<\/strong> entre la Polic\u00eda Metropolitana y Palantir. La decisi\u00f3n fue apelada por la compa\u00f1\u00eda ante el Tribunal Superior.<\/p>\n<h2 id=\"p-1788184657998-46097\">Los v\u00ednculos de Thiel con Donald Trump y Jeffrey Epstein<\/h2>\n<p id=\"p-1788184657998-68846\" class=\"\">Thiel tambi\u00e9n se convirti\u00f3 en una figura relevante de la <strong>pol\u00edtica conservadora estadounidense<\/strong>, con v\u00ednculos estrechos con Donald Trump y JD Vance. Adem\u00e1s, financi\u00f3 campa\u00f1as republicanas para las elecciones de mitad de mandato de 2026.<\/p>\n<p id=\"p-1788184657998-79037\" class=\"\">Recientemente hab\u00eda vuelto a ocupar titulares por una serie de conferencias en las que habl\u00f3 sobre <strong>el anticristo y el Armaged\u00f3n<\/strong>.<\/p>\n<p id=\"p-1788185425956-62751\" class=\"\">Su relaci\u00f3n con Jeffrey Epstein tambi\u00e9n volvi\u00f3 a quedar bajo la lupa. Los archivos del financiero muestran que <strong>Thiel mantuvo contacto con Epstein durante a\u00f1os despu\u00e9s de su condena de 2008<\/strong> por solicitar prostituci\u00f3n a una menor.<\/p>\n<div contenteditable=\"false\" class=\"embed_cont type_imagen\" id=\"8265513-Libre-15376041_wrap\">\n<div id=\"8265513-Libre-15376041_content\" class=\"embed_content\"><img src=\"https:\/\/media.ambito.com\/p\/672eeb18b3918fad1851c08047d571cd\/adjuntos\/239\/imagenes\/043\/585\/0043585002\/donald-trump-peter-thiel.png?2026-08-16-13-09-51\" decoding=\"async\" fetchpriority=\"low\" loading=\"lazy\" alt=\"Thiel mantiene v\u00ednculos con figuras de la pol\u00edtica conservadora estadounidense y fue contactado por Jeffrey Epstein durante a\u00f1os.\" title=\"Thiel mantiene v\u00ednculos con figuras de la pol\u00edtica conservadora estadounidense y fue contactado por Jeffrey Epstein durante a\u00f1os.\" width=\"730\" height=\"395\" id=\"8265513-Libre-15376041_embed\"\/><\/div>\n<div class=\"embed_wrapper-cont\" id=\"p-1788185425956-65240\">\n<div id=\"8265513-Libre-15376041_epigrafe\" class=\"embed_epigrafe\">\n<p id=\"p-1788185653932-33738\">Thiel mantiene v\u00ednculos con figuras de la pol\u00edtica conservadora estadounidense y fue contactado por Jeffrey Epstein durante a\u00f1os.<\/p>\n<\/div>\n<p>Politico<\/p>\n<\/div><\/div>\n<p id=\"p-1788184657998-68086\" class=\"\">La Southern Trust Company de Epstein invirti\u00f3 unos u$s40 millones en un fondo de capital riesgo cofundado por Thiel. Adem\u00e1s, una correspondencia de 2018 muestra que Epstein lo invit\u00f3 a visitarlo en el Caribe.<\/p>\n<p id=\"p-1788184657998-72462\">Thiel asegur\u00f3 que <strong>nunca visit\u00f3 la isla de Epstein<\/strong> y no existen indicios de que haya participado en los abusos sexuales o en la trata de personas cometidos por el financiero.<\/p>\n<\/div>\n<p><script>\n!function(f,b,e,v,n,t,s)\n{if(f.fbq)return;n=f.fbq=function(){n.callMethod?\nn.callMethod.apply(n,arguments):n.queue.push(arguments)};\nif(!f._fbq)f._fbq=n;n.push=n;n.loaded=!0;n.version='2.0';\nn.queue=[];t=b.createElement(e);t.async=!0;\nt.src=v;s=b.getElementsByTagName(e)[0];\ns.parentNode.insertBefore(t,s)}(window,document,'script',\n'\nfbq('init', '2047048335588113');\nfbq('track', 'PageView');\n<\/script><\/p>\n","protected":false},"excerpt":{"rendered":"<p>El Museo Brit\u00e1nico recibi\u00f3 en privado al multimillonario Peter Thiel para una visita al tapiz de Bayeux antes de su apertura al p\u00fablico, una decisi\u00f3n que gener\u00f3 preocupaci\u00f3n entre integrantes del personal por el uso de las limitadas horas de exposici\u00f3n de la fr\u00e1gil pieza. La visita ocurri\u00f3 el 18 de agosto en la sala [&hellip;]<\/p>\n","protected":false},"author":1,"featured_media":24421,"comment_status":"open","ping_status":"open","sticky":false,"template":"","format":"standard","meta":{"footnotes":""},"categories":[1],"tags":[],"class_list":["post-24420","post","type-post","status-publish","format-standard","has-post-thumbnail","hentry","category-uncategorized"],"_links":{"self":[{"href":"https:\/\/cliente1.publisher.highstack.com.ar\/index.php?rest_route=\/wp\/v2\/posts\/24420","targetHints":{"allow":["GET"]}}],"collection":[{"href":"https:\/\/cliente1.publisher.highstack.com.ar\/index.php?rest_route=\/wp\/v2\/posts"}],"about":[{"href":"https:\/\/cliente1.publisher.highstack.com.ar\/index.php?rest_route=\/wp\/v2\/types\/post"}],"author":[{"embeddable":true,"href":"https:\/\/cliente1.publisher.highstack.com.ar\/index.php?rest_route=\/wp\/v2\/users\/1"}],"replies":[{"embeddable":true,"href":"https:\/\/cliente1.publisher.highstack.com.ar\/index.php?rest_route=%2Fwp%2Fv2%2Fcomments&post=24420"}],"version-history":[{"count":0,"href":"https:\/\/cliente1.publisher.highstack.com.ar\/index.php?rest_route=\/wp\/v2\/posts\/24420\/revisions"}],"wp:featuredmedia":[{"embeddable":true,"href":"https:\/\/cliente1.publisher.highstack.com.ar\/index.php?rest_route=\/wp\/v2\/media\/24421"}],"wp:attachment":[{"href":"https:\/\/cliente1.publisher.highstack.com.ar\/index.php?rest_route=%2Fwp%2Fv2%2Fmedia&parent=24420"}],"wp:term":[{"taxonomy":"category","embeddable":true,"href":"https:\/\/cliente1.publisher.highstack.com.ar\/index.php?rest_route=%2Fwp%2Fv2%2Fcategories&post=24420"},{"taxonomy":"post_tag","embeddable":true,"href":"https:\/\/cliente1.publisher.highstack.com.ar\/index.php?rest_route=%2Fwp%2Fv2%2Ftags&post=24420"}],"curies":[{"name":"wp","href":"https:\/\/api.w.org\/{rel}","templated":true}]}}