{"id":24416,"date":"2026-08-31T11:37:18","date_gmt":"2026-08-31T14:37:18","guid":{"rendered":"https:\/\/cliente1.publisher.highstack.com.ar\/?p=24416"},"modified":"2026-08-31T11:37:18","modified_gmt":"2026-08-31T14:37:18","slug":"nuevos-montos-aumento-y-bono-de-80-000-para-la-administracion-publica-nacional-las-nuevas-escalas","status":"publish","type":"post","link":"https:\/\/cliente1.publisher.highstack.com.ar\/?p=24416","title":{"rendered":"Nuevos montos Aumento y bono de $80.000 para la administraci\u00f3n p\u00fablica nacional: las nuevas escalas"},"content":{"rendered":"<p>El Gobierno decret\u00f3 el aumento escalonado del personal del Servicio Exterior de la Naci\u00f3n y el personal que se desempe\u00f1a en un cargo extraescalafonario de la Administraci\u00f3n P\u00fablica Nacional. Tambi\u00e9n de tres cargos de la Escuela Nacional de Biblioteciarios y los cargos docentes y bedeles del Insituto Superior de Ense\u00f1anza Radiof\u00f3nica (ISER), que depende del Ente Nacional de Comunicaciones (ENACOM).<\/p>\n<p>Las actualizaciones salariales fueron establecidas a trav\u00e9s del Decreto 834\/2026, publicado este lunes en el Bolet\u00edn Oficial y tambi\u00e9n incluye aumentos para el personal de\u00a0Gendarmer\u00eda, Prefectura, Polic\u00eda Federal, PSA y el Servicio Penitenciario Federal.<\/p>\n<p>\u00a0Retribuci\u00f3n mensual correspondiente a los cargos de Rector o Rectora, Regente y Ayudante de Trabajos Pr\u00e1cticos de la Escuela Nacional de Bibliotecarios de manera escalonada y acumulativa:<\/p>\n<p>\u00a0CARGOSRetribuci\u00f3n mensual a partir del 01\/09\/2026A partir del 01\/10\/2026A partir del 01\/11\/2026A partir del 01\/12\/2026\u00a0RECTOR\u00a0$230.572,12$234.722,42$238.477,98$242.055,15\u00a0REGENTE\u00a0$202.549,07$206.194,95$209.494,07$212.636,48\u00a0AYUDANTE DE TRABAJOS PR\u00c1CTICOS$123.210,35$125.428,14$127.434,99$129.346,51<\/p>\n<p>\u00a0Adicionales Remunerativos y Bonificables aplicables a los cargos docentes y bedeles que se desempe\u00f1an en el Instituto Superiopr de Ense\u00f1anza Radiof\u00f3nica (ISER), tambi\u00e9n escalonados.<\/p>\n<p>\u00a0CARGOAdicional remunerativo y bonificable a partir del 01\/09\/2026A partir del 01\/10\/2026A partir del 01\/11\/2026A partir del 01\/12\/2026\u00a0DOCENTE\u00a0$7.789$7.929$8.056$8.177\u00a0BEDEL\u00a0$57.832$58.873$59.815$60.712<\/p>\n<p>\u00a0 Vi\u00e1ticos del Personal del Servicio Exterior de la Naci\u00f3n y Personal que se desempe\u00f1a en un cargo Extraescalafonario de la Administraci\u00f3n P\u00fablica Nacional:<\/p>\n<p>\u00a0ZONA\u00a0A partir del 01\/09\/2026A partir del 01\/10\/2026A partir 01\/11\/2026A partir 01\/12\/2026NOROESTE (Jujuy, Salta, Tucum\u00e1n, Catamarca y La Rioja)$82.230$83.710$85.049$86.325NORESTE (Misiones, Corrientes, Entre R\u00edos, Formosa y Chaco)$57.422$58.456$59.391$60.282CUYO (San Juan, Mendoza y San Luis)$82.230$83.710$85.049$86.325SUR (Neuqu\u00e9n, R\u00edo Negro, Chubut, Santa Cruz y Tierra del Fuego, Ant\u00e1rtida e Islas del Atl\u00e1ntico Sur)$100.409$102.216$103.851$105.409REGI\u00d3N METROPOLITANA (Ciudad y provincia de Buenos Aires)$57.422$58.456\u00a0$59.391$60.282CENTRO (C\u00f3rdoba, Santiago del Estero, Santa Fe y La Pampa)\u00a0$68.650$69.886$71.004$72.069<\/p>\n<h2>Suma extraordinaria para empleados p\u00fablicos<\/h2>\n<p>Adem\u00e1s de los aumentos escalonados, el Gobierno dispuso el pago de una suma extraordinaria de $80.000 que se acreditar\u00e1 en diciembre.\u00a0<\/p>\n<p>Ser\u00e1 de car\u00e1cter no remunerativo y no bonificable, se pagara por \u00fanica vez al personal permanente y no permanente comprendido dentro del convenio.\u00a0<\/p>\n<p><span class=\"titletext\">noticias relacionadas<\/span><\/p>\n<h2 class=\"title\">El Gobierno aument\u00f3 los sueldos del personal de Fuerzas Armadas: cu\u00e1nto cobran en septiembre<\/h2>\n<h2 class=\"title\">Aumenta el transporte p\u00fablico: cu\u00e1nto sale el boleto m\u00ednimo de colectivo, tren y subte<\/h2>\n<h2 class=\"title\">Para atenuar impacto inflacionario, Milei suspende los aumentos en impuestos a los Combustibles<\/h2>\n<p><\/p>\n","protected":false},"excerpt":{"rendered":"<p>El Gobierno decret\u00f3 el aumento escalonado del personal del Servicio Exterior de la Naci\u00f3n y el personal que se desempe\u00f1a en un cargo extraescalafonario de la Administraci\u00f3n P\u00fablica Nacional. Tambi\u00e9n de tres cargos de la Escuela Nacional de Biblioteciarios y los cargos docentes y bedeles del Insituto Superior de Ense\u00f1anza Radiof\u00f3nica (ISER), que depende del [&hellip;]<\/p>\n","protected":false},"author":1,"featured_media":24417,"comment_status":"open","ping_status":"open","sticky":false,"template":"","format":"standard","meta":{"footnotes":""},"categories":[1],"tags":[4],"class_list":["post-24416","post","type-post","status-publish","format-standard","has-post-thumbnail","hentry","category-uncategorized","tag-entre-rios"],"_links":{"self":[{"href":"https:\/\/cliente1.publisher.highstack.com.ar\/index.php?rest_route=\/wp\/v2\/posts\/24416","targetHints":{"allow":["GET"]}}],"collection":[{"href":"https:\/\/cliente1.publisher.highstack.com.ar\/index.php?rest_route=\/wp\/v2\/posts"}],"about":[{"href":"https:\/\/cliente1.publisher.highstack.com.ar\/index.php?rest_route=\/wp\/v2\/types\/post"}],"author":[{"embeddable":true,"href":"https:\/\/cliente1.publisher.highstack.com.ar\/index.php?rest_route=\/wp\/v2\/users\/1"}],"replies":[{"embeddable":true,"href":"https:\/\/cliente1.publisher.highstack.com.ar\/index.php?rest_route=%2Fwp%2Fv2%2Fcomments&post=24416"}],"version-history":[{"count":0,"href":"https:\/\/cliente1.publisher.highstack.com.ar\/index.php?rest_route=\/wp\/v2\/posts\/24416\/revisions"}],"wp:featuredmedia":[{"embeddable":true,"href":"https:\/\/cliente1.publisher.highstack.com.ar\/index.php?rest_route=\/wp\/v2\/media\/24417"}],"wp:attachment":[{"href":"https:\/\/cliente1.publisher.highstack.com.ar\/index.php?rest_route=%2Fwp%2Fv2%2Fmedia&parent=24416"}],"wp:term":[{"taxonomy":"category","embeddable":true,"href":"https:\/\/cliente1.publisher.highstack.com.ar\/index.php?rest_route=%2Fwp%2Fv2%2Fcategories&post=24416"},{"taxonomy":"post_tag","embeddable":true,"href":"https:\/\/cliente1.publisher.highstack.com.ar\/index.php?rest_route=%2Fwp%2Fv2%2Ftags&post=24416"}],"curies":[{"name":"wp","href":"https:\/\/api.w.org\/{rel}","templated":true}]}}