{"id":24412,"date":"2026-08-31T11:20:33","date_gmt":"2026-08-31T14:20:33","guid":{"rendered":"https:\/\/cliente1.publisher.highstack.com.ar\/?p=24412"},"modified":"2026-08-31T11:20:33","modified_gmt":"2026-08-31T14:20:33","slug":"tengo-miedo-los-indicios-que-apuntan-a-que-fue-intencional-el-incendio-de-un-auto-en-parana","status":"publish","type":"post","link":"https:\/\/cliente1.publisher.highstack.com.ar\/?p=24412","title":{"rendered":"\u201cTengo miedo\u201d: los indicios que apuntan a que fue intencional el incendio de un auto en Paran\u00e1"},"content":{"rendered":"<p><\/p>\n<div>\n<p>La <b>propietaria del auto incendiado en Paran\u00e1 asegur\u00f3 que el fuego fue intencional<\/b> y revel\u00f3 a <i>Elonce<\/i> que hab\u00eda realizado al menos cuatro denuncias previas por situaciones que vincula con el ataque ocurrido durante la ma\u00f1ana de este lunes en Avenida Ram\u00edrez y calle Coronel Pringles. Mientras avanzan las averiguaciones, diferentes indicios son analizados por la Polic\u00eda y todav\u00eda se aguarda el resultado de las pericias de Bomberos Zapadores para establecer oficialmente c\u00f3mo comenzaron las llamas. <\/p>\n<p><!-- is a <br \/>--><\/p>\n<p>\u00a0<\/p>\n<p><!-- is a <br \/>--><\/p>\n<p>El veh\u00edculo afectado es un Renault Megane gris perteneciente a una vecina del barrio Tiro Federal. Al momento del incendio estaba estacionado sobre calle Pringles y era utilizado por su hijo, quien trabaja en un comercio dedicado a la venta de l\u00e1cteos y fiambres ubicado en esa esquina. Las llamas provocaron importantes da\u00f1os en la carrocer\u00eda, especialmente sobre uno de los laterales, y alcanzaron puertas, espejos y otros componentes. <\/p>\n<p><!-- is a <br \/>--><\/p>\n<p>\u00a0<\/p>\n<p><!-- is a <br \/>--><\/p>\n<p>En di\u00e1logo con <i>Elonce<\/i>, la damnificada -que prefiri\u00f3 no revelar su identidad- manifest\u00f3 que teme por su seguridad y sostuvo que el episodio estar\u00eda relacionado con conflictos anteriores. \u201cTengo miedo\u201d, confes\u00f3. Adem\u00e1s, se\u00f1al\u00f3 que hab\u00eda recurrido previamente a la Justicia: \u201cAc\u00e1 lo que tiene que actuar son los jueces\u201d, expres\u00f3 y agreg\u00f3: \u201cHasta una restricci\u00f3n ped\u00ed hace casi un mes y los jueces no autorizan nada\u201d. <\/p>\n<p><!-- is a <br \/>--><\/p>\n<p><!-- is a object --><br \/>\n<!-- embed start --><!-- embed end --><br \/>\n<!-- end object --><\/p>\n<p><!-- is a object --><\/p>\n<h3>La propietaria apunt\u00f3 contra un joven y habl\u00f3 de denuncias previas<\/h3>\n<p><!-- end object --><\/p>\n<p>\u00a0<\/p>\n<p><!-- is a <br \/>--><\/p>\n<p>La mujer atribuy\u00f3 el ataque a un joven de 23 a\u00f1os al que acus\u00f3 de dedicarse a la comercializaci\u00f3n de drogas en la zona. Seg\u00fan asegur\u00f3, ya habr\u00eda presentado al menos cuatro denuncias vinculadas con las personas a las que responsabiliza por lo ocurrido. <\/p>\n<p><!-- is a <br \/>--><\/p>\n<p><!-- is a object --><br \/>\n<!-- embed start --><\/p>\n<figure class=\"embed\">\n<p>    <img decoding=\"async\" src=\"https:\/\/elonce-media.elonce.com\/fotos\/2026\/08\/31\/e_1788183907_81687.webp\" loading=\"lazy\" width=\"600\" height=\"400\" alt=\"El supuesto bid\u00f3n con combustible que habr\u00eda sido arrojado sobre el auto (foto Elonce)\"\/><figcaption>\n            <span>El supuesto bid\u00f3n con combustible que habr\u00eda sido arrojado sobre el auto (foto Elonce)<\/span><br \/>\n        <\/figcaption><\/figure>\n<p><!-- embed end --><br \/>\n<!-- end object --><\/p>\n<p>Otro elemento incorporado a la investigaci\u00f3n surgi\u00f3 durante los primeros minutos posteriores al incendio. Un hombre que se encontraba en el lugar manifest\u00f3 que, seg\u00fan informaci\u00f3n que hab\u00eda recibido, <b>una persona que circulaba en una motocicleta blanca habr\u00eda arrojado un bid\u00f3n con combustible hacia el Renault antes de que comenzaran las llamas<\/b>. <\/p>\n<p><!-- is a <br \/>--><\/p>\n<p>\u00a0<\/p>\n<p><!-- is a <br \/>--><\/p>\n<p>En las inmediaciones del veh\u00edculo tambi\u00e9n se observ\u00f3 un recipiente pl\u00e1stico y l\u00edquido sobre la calzada. Inicialmente se hab\u00eda planteado la posibilidad de que pudiera tratarse de una p\u00e9rdida proveniente del propio autom\u00f3vil, pero el testimonio sobre la presunta intervenci\u00f3n de un motociclista reforz\u00f3 la hip\u00f3tesis de un hecho intencional. De todos modos, ser\u00e1 necesario establecer mediante las pericias si el recipiente encontrado guarda efectivamente relaci\u00f3n con el incendio. <\/p>\n<p><!-- is a <br \/>--><\/p>\n<p>\u00a0<\/p>\n<p><!-- is a <br \/>--><\/p>\n<p>Personal del 911 lleg\u00f3 r\u00e1pidamente a Ram\u00edrez y Pringles y posteriormente intervinieron Bomberos Zapadores, que terminaron de extinguir las llamas. Una vez controlada la situaci\u00f3n comenzaron las primeras actuaciones para determinar el punto de inicio y las posibles causas del fuego. <\/p>\n<p><!-- is a <br \/>--><\/p>\n<p><!-- is a object --><\/p>\n<h3> <\/h3>\n<p><!-- end object --><\/p>\n<p>\u00a0<\/p>\n<p><!-- is a <br \/>--><\/p>\n<p><!-- is a object --><\/p>\n<h3>La Polic\u00eda sigui\u00f3 a un motociclista, pero fue descartado<\/h3>\n<p><!-- end object --><\/p>\n<p>\u00a0<\/p>\n<p><!-- is a <br \/>--><\/p>\n<p>Como parte de las averiguaciones, efectivos policiales comenzaron a revisar los movimientos registrados en las inmediaciones y desplegaron un operativo que posteriormente se traslad\u00f3 hacia la zona de avenida Don Bosco, frente a un hipermercado. All\u00ed fue identificado un motociclista que hab\u00eda sido considerado inicialmente como posible sospechoso. <\/p>\n<p><!-- is a <br \/>--><\/p>\n<p>\u00a0<\/p>\n<p><!-- is a <br \/>--><\/p>\n<p>Seg\u00fan pudo conocer <i>Elonce<\/i> en el lugar, <b>el hombre fue identificado y se le tomaron sus datos, pero posteriormente fue descartado como posible autor del hecho delictivo<\/b>, debido a que los efectivos no encontraron elementos que permitieran relacionarlo con el incendio. Por ese motivo pudo retirarse y no qued\u00f3 detenido. <\/p>\n<p><!-- is a <br \/>--><\/p>\n<p><!-- is a object --><br \/>\n<!-- embed start --><\/p>\n<figure class=\"embed\">\n<p>    <img decoding=\"async\" src=\"https:\/\/elonce-media.elonce.com\/fotos\/2026\/08\/31\/e_1788179666_9157.webp\" loading=\"lazy\" width=\"600\" height=\"400\" alt=\"Auto incendiado en Paran\u00e1 (foto Elonce)\"\/><figcaption>\n            <span>Auto incendiado en Paran\u00e1 (foto Elonce)<\/span><br \/>\n        <\/figcaption><\/figure>\n<p><!-- embed end --><br \/>\n<!-- end object --><\/p>\n<p>\u00a0<\/p>\n<p><!-- is a <br \/>--><\/p>\n<p>El procedimiento gener\u00f3 un importante despliegue policial, con varias unidades trabajando en la zona. El objetivo hab\u00eda sido localizar a una persona que habr\u00eda circulado cerca del Renault en momentos pr\u00f3ximos al inicio del fuego. Sin embargo, las primeras averiguaciones no permitieron establecer una vinculaci\u00f3n entre el motociclista identificado y el episodio investigado. <\/p>\n<p><!-- is a <br \/>--><\/p>\n<p>\u00a0<\/p>\n<p><!-- is a <br \/>--><\/p>\n<p>Las c\u00e1maras de seguridad aparecen ahora como uno de los elementos centrales para reconstruir lo sucedido. En la esquina de Avenida Ram\u00edrez y Coronel Pringles existen dispositivos del sistema 911 que podr\u00edan haber registrado el momento previo al incendio y permitir\u00edan verificar si efectivamente alguien se aproxim\u00f3 al autom\u00f3vil o arroj\u00f3 alg\u00fan elemento. <\/p>\n<p><!-- is a <br \/>--><\/p>\n<p><!-- is a object --><br \/>\n<!-- embed start --><\/p>\n<div class=\"embed embed-video\">\n<p>\n            <iframe loading=\"lazy\" title=\"Buscan al sospechoso por el supuesto incendio intencional de un auto - 31\/08\/26\" width=\"500\" height=\"281\" src=\"https:\/\/www.youtube.com\/embed\/fXeXoyWfCas?feature=oembed\" frameborder=\"0\" allow=\"accelerometer; autoplay; clipboard-write; encrypted-media; gyroscope; picture-in-picture; web-share\" referrerpolicy=\"strict-origin-when-cross-origin\" allowfullscreen><\/iframe>\n        <\/p>\n<p>\n                <span>Auto incendiado en Paran\u00e1: la Polic\u00eda sigui\u00f3 a un motociclista, pero fue descartado<\/span>\n            <\/p>\n<\/p><\/div>\n<p><!-- embed end --><br \/>\n<!-- end object --><\/p>\n<p><!-- is a object --><\/p>\n<h3>Las pericias ser\u00e1n claves para establecer c\u00f3mo comenz\u00f3 el fuego<\/h3>\n<p><!-- end object --><\/p>\n<p>\u00a0<\/p>\n<p><!-- is a <br \/>--><\/p>\n<p>Pese a los testimonios y a la afirmaci\u00f3n de la propietaria, <b>la investigaci\u00f3n todav\u00eda debe determinar t\u00e9cnicamente si el incendio fue provocado<\/b>. Para ello resultar\u00e1 fundamental el informe de Bomberos Zapadores, que deber\u00e1 establecer d\u00f3nde se originaron las llamas y si existen rastros compatibles con la utilizaci\u00f3n de alg\u00fan elemento combustible. <\/p>\n<p><!-- is a <br \/>--><\/p>\n<p>\u00a0<\/p>\n<p><!-- is a <br \/>--><\/p>\n<p>La investigaci\u00f3n tambi\u00e9n deber\u00e1 cotejar el relato de la damnificada y sus denuncias anteriores con las im\u00e1genes de las c\u00e1maras de seguridad y los restantes elementos reunidos durante las actuaciones. De esa manera se buscar\u00e1 establecer si existe una conexi\u00f3n entre los antecedentes denunciados por la mujer y el incendio del Renault Megane. <\/p>\n<p><!-- is a <br \/>--><\/p>\n<p><!-- is a object --><br \/>\n<!-- embed start --><\/p>\n<div class=\"embed embed-video\">\n<p>\n            <iframe loading=\"lazy\" title=\"Un auto se incendi\u00f3 sobre calle Pringles, a metros de Avenida Ram\u00edrez - 31\/08\/26\" width=\"500\" height=\"281\" src=\"https:\/\/www.youtube.com\/embed\/jILVi_SJX3k?feature=oembed\" frameborder=\"0\" allow=\"accelerometer; autoplay; clipboard-write; encrypted-media; gyroscope; picture-in-picture; web-share\" referrerpolicy=\"strict-origin-when-cross-origin\" allowfullscreen><\/iframe>\n        <\/p>\n<p>\n                <span>Un auto ardi\u00f3 en llamas en Paran\u00e1 y se investiga si el incendio fue intencional<\/span>\n            <\/p>\n<\/p><\/div>\n<p><!-- embed end --><br \/>\n<!-- end object --><\/p>\n<p>La propietaria se\u00f1al\u00f3 adem\u00e1s que el autom\u00f3vil no cuenta con la cobertura que le permitir\u00eda afrontar los da\u00f1os ocasionados por un episodio de estas caracter\u00edsticas. El fuego afect\u00f3 severamente al Megane y dej\u00f3 importantes p\u00e9rdidas materiales. <\/p>\n<p><!-- is a <br \/>--><\/p>\n<p>\u00a0<\/p>\n<p><!-- is a <br \/>--><\/p>\n<p>De esta manera, la hip\u00f3tesis de un ataque intencional cobr\u00f3 fuerza a partir del relato de la due\u00f1a del veh\u00edculo, el testimonio sobre una motocicleta blanca y el recipiente observado en las inmediaciones. Sin embargo, <b>la confirmaci\u00f3n sobre el origen del incendio depender\u00e1 de las pericias y del avance de la investigaci\u00f3n policial y judicial<\/b>.<\/p>\n<\/p><\/div>\n","protected":false},"excerpt":{"rendered":"<p>La propietaria del auto incendiado en Paran\u00e1 asegur\u00f3 que el fuego fue intencional y revel\u00f3 a Elonce que hab\u00eda realizado al menos cuatro denuncias previas por situaciones que vincula con el ataque ocurrido durante la ma\u00f1ana de este lunes en Avenida Ram\u00edrez y calle Coronel Pringles. Mientras avanzan las averiguaciones, diferentes indicios son analizados por [&hellip;]<\/p>\n","protected":false},"author":1,"featured_media":24413,"comment_status":"open","ping_status":"open","sticky":false,"template":"","format":"standard","meta":{"footnotes":""},"categories":[1],"tags":[],"class_list":["post-24412","post","type-post","status-publish","format-standard","has-post-thumbnail","hentry","category-uncategorized"],"_links":{"self":[{"href":"https:\/\/cliente1.publisher.highstack.com.ar\/index.php?rest_route=\/wp\/v2\/posts\/24412","targetHints":{"allow":["GET"]}}],"collection":[{"href":"https:\/\/cliente1.publisher.highstack.com.ar\/index.php?rest_route=\/wp\/v2\/posts"}],"about":[{"href":"https:\/\/cliente1.publisher.highstack.com.ar\/index.php?rest_route=\/wp\/v2\/types\/post"}],"author":[{"embeddable":true,"href":"https:\/\/cliente1.publisher.highstack.com.ar\/index.php?rest_route=\/wp\/v2\/users\/1"}],"replies":[{"embeddable":true,"href":"https:\/\/cliente1.publisher.highstack.com.ar\/index.php?rest_route=%2Fwp%2Fv2%2Fcomments&post=24412"}],"version-history":[{"count":0,"href":"https:\/\/cliente1.publisher.highstack.com.ar\/index.php?rest_route=\/wp\/v2\/posts\/24412\/revisions"}],"wp:featuredmedia":[{"embeddable":true,"href":"https:\/\/cliente1.publisher.highstack.com.ar\/index.php?rest_route=\/wp\/v2\/media\/24413"}],"wp:attachment":[{"href":"https:\/\/cliente1.publisher.highstack.com.ar\/index.php?rest_route=%2Fwp%2Fv2%2Fmedia&parent=24412"}],"wp:term":[{"taxonomy":"category","embeddable":true,"href":"https:\/\/cliente1.publisher.highstack.com.ar\/index.php?rest_route=%2Fwp%2Fv2%2Fcategories&post=24412"},{"taxonomy":"post_tag","embeddable":true,"href":"https:\/\/cliente1.publisher.highstack.com.ar\/index.php?rest_route=%2Fwp%2Fv2%2Ftags&post=24412"}],"curies":[{"name":"wp","href":"https:\/\/api.w.org\/{rel}","templated":true}]}}