{"id":24410,"date":"2026-08-31T11:13:34","date_gmt":"2026-08-31T14:13:34","guid":{"rendered":"https:\/\/cliente1.publisher.highstack.com.ar\/?p=24410"},"modified":"2026-08-31T11:13:34","modified_gmt":"2026-08-31T14:13:34","slug":"impacto-economico-y-ambiental-tras-detectar-el-picudo-rojo-en-entre-rios-el-gobierno-amplio-la-emergencia-fitosanitaria-hasta-2028","status":"publish","type":"post","link":"https:\/\/cliente1.publisher.highstack.com.ar\/?p=24410","title":{"rendered":"\u201cImpacto econ\u00f3mico y ambiental\u201d: tras detectar el picudo rojo en Entre R\u00edos, el Gobierno ampli\u00f3 la emergencia fitosanitaria hasta 2028"},"content":{"rendered":"<div class=\"col-12\">\n<div data-tw=\"true\" style=\"display:contents\">\n<div role=\"none\"><\/div>\n<\/div>\n<p class=\"com-paragraph --capital --s\">El Gobierno ampli\u00f3 la <strong>Emergencia Fitosanitaria<\/strong> por el <strong>picudo rojo de las palmeras <\/strong><em><strong>(Rhynchophorus ferrugineus Olivier)<\/strong><\/em> luego de confirmarse la presencia de la plaga en el territorio continental argentino. A trav\u00e9s de una disposici\u00f3n publicada hoy en el <strong>Bolet\u00edn Oficial,<\/strong> el Senasa extendi\u00f3 la medida <strong>hasta el 30 de junio de 2028<\/strong> e incorpor\u00f3 a la provincia de <strong>Entre R\u00edos<\/strong> al \u00e1rea alcanzada por la emergencia, que hasta ahora comprend\u00eda \u00fanicamente la isla Mart\u00edn Garc\u00eda, en la provincia de Buenos Aires.<\/p>\n<div class=\"ln-banner-container --no-app --caja1_mob\">\n<div id=\"caja1_mob\" class=\"ln-banner\" data-slot-group=\"nota\" data-device=\"mobile\" data-subscription=\"false\" data-ad-unit-path=\"\/133919216\/campo_mobile\/Nota\/caja1_mob\" data-targeting='{\"sitio\":\"lanacion\",\"seccion\":\"nota\"}' data-without-hide=\"true\" data-size=\"[[320,100],[300,250],[1,1],[300,450],[320,450]]\" data-sizemap=\"[]\" data-prebid-enabled=\"true\"><\/div>\n<\/div>\n<p class=\"com-paragraph --s\">La decisi\u00f3n fue adoptada por la Direcci\u00f3n Nacional de Protecci\u00f3n Vegetal del Senasa luego de detectar<strong> <\/strong>este mes <strong>ejemplares adultos y juveniles del insecto en palmeras <\/strong>ubicadas en el departamento Uruguay, en Entre R\u00edos, un hallazgo que oblig\u00f3 a activar el plan de contingencia previsto para esta plaga.<\/p>\n<div class=\"ln-banner-container --no-app --middle_1_dsk\">\n<div id=\"middle_1_dsk\" class=\"ln-banner\" data-slot-group=\"nota\" data-device=\"desktop\" data-subscription=\"true\" data-ad-unit-path=\"\/133919216\/campo_desktop\/Nota\/middle_1_dsk\" data-targeting='{\"sitio\":\"lanacion\",\"seccion\":\"nota\"}' data-without-hide=\"true\" data-size=\"[[1,1],[640,360],[640,480],[728,90]]\" data-sizemap=\"[]\" data-prebid-enabled=\"true\"><\/div>\n<\/div>\n<p class=\"com-paragraph --s\">En la disposici\u00f3n, el organismo resolvi\u00f3: \u201cSe declara la <strong>Emergencia Fitosanitaria<\/strong> con respecto a la plaga Picudo Rojo de las Palmeras <em>(Rhynchophorus ferrugineus Olivier) <\/em>hasta el 30 de junio de 2028, debiendo adoptarse y fortalecerse las <strong>tareas de prevenci\u00f3n, vigilancia y control\u201d.<\/strong><\/p>\n<div class=\"content-media\">\n<section role=\"button\" class=\"mod-media   \">\n<figure role=\"button\" tabindex=\"0\" class=\"mod-figure \">\n<div class=\"placeholder \">\n<div class=\"com-image\"><picture><source media=\"(min-width: 768px)\" srcset=\"https:\/\/www.lanacion.com.ar\/resizer\/v2\/la-deteccion-de-la-plaga-en-el-departamento-5RJCAKDHLBFMRPSRY34UMJTHZY.JPG?auth=e4f319cf41b7a69982f8c744f4532f13482e90406af1fe71d5eeb9434a98d143&amp;width=780&amp;height=520&amp;quality=70&amp;smart=true\"><\/source><img class=\"image com-image flex --cover\" decoding=\"async\" fetchpriority=\"low\" loading=\"lazy\" src=\"https:\/\/www.lanacion.com.ar\/resizer\/v2\/la-deteccion-de-la-plaga-en-el-departamento-5RJCAKDHLBFMRPSRY34UMJTHZY.JPG?auth=e4f319cf41b7a69982f8c744f4532f13482e90406af1fe71d5eeb9434a98d143&amp;width=420&amp;height=280&amp;quality=70&amp;smart=true\" width=\"2000\" alt=\"La detecci\u00f3n de la plaga en el departamento Uruguay llev\u00f3 al Senasa a reforzar las acciones de vigilancia y ampliar el \u00e1rea alcanzada por la medida\" height=\"1333\"><\/picture><\/div>\n<\/div><figcaption class=\"mod-figcaption\"><span class=\"com-text --caption --twoxs\">La detecci\u00f3n de la plaga en el departamento Uruguay llev\u00f3 al Senasa a reforzar las acciones de vigilancia y ampliar el \u00e1rea alcanzada por la medida<\/span><\/figcaption><\/figure>\n<\/section>\n<\/div>\n<div class=\"ln-banner-container --no-app --caja2_mob\">\n<div id=\"caja2_mob\" class=\"ln-banner\" data-slot-group=\"nota\" data-device=\"mobile\" data-subscription=\"true\" data-ad-unit-path=\"\/133919216\/campo_mobile\/Nota\/caja2_mob\" data-targeting='{\"sitio\":\"lanacion\",\"seccion\":\"nota\"}' data-without-hide=\"true\" data-size=\"[[320,100],[300,250],[300,450],[1,1],[360,270],[320,180]]\" data-sizemap=\"[]\" data-prebid-enabled=\"true\"><\/div>\n<\/div>\n<p class=\"com-paragraph --s\">La medida reemplaza la emergencia que hab\u00eda sido declarada en febrero pasado exclusivamente para la <strong>isla Mart\u00edn Garc\u00eda <\/strong>y ampl\u00eda ahora el \u00e1rea de aplicaci\u00f3n a una segunda jurisdicci\u00f3n.<\/p>\n<div class=\"ln-banner-container --no-app --middle_2_dsk\">\n<div id=\"middle_2_dsk\" class=\"ln-banner\" data-slot-group=\"nota\" data-device=\"desktop\" data-subscription=\"true\" data-ad-unit-path=\"\/133919216\/campo_desktop\/Nota\/middle_2_dsk\" data-targeting='{\"sitio\":\"lanacion\",\"seccion\":\"nota\"}' data-without-hide=\"true\" data-size=\"[[1,1],[728,90]]\" data-sizemap=\"[]\" data-prebid-enabled=\"true\"><\/div>\n<\/div>\n<p class=\"com-paragraph --s\">De esta manera, el \u00e1rea bajo emergencia fitosanitaria comprende la <strong>provincia de Buenos Aires<\/strong> y la <strong>provincia de Entre R\u00edos<\/strong>, seg\u00fan establece la nueva disposici\u00f3n. La decisi\u00f3n oficial se apoya en la evoluci\u00f3n de la situaci\u00f3n sanitaria registrada durante las \u00faltimas semanas.<\/p>\n<div class=\"ln-banner-container --no-app --caja3_mob\">\n<div id=\"caja3_mob\" class=\"ln-banner\" data-slot-group=\"nota\" data-device=\"mobile\" data-subscription=\"false\" data-ad-unit-path=\"\/133919216\/campo_mobile\/Nota\/caja3_mob\" data-targeting='{\"sitio\":\"lanacion\",\"seccion\":\"nota\"}' data-without-hide=\"true\" data-size=\"[[320,100],[300,250],[1,1],[300,450],[360,270]]\" data-sizemap=\"[]\" data-prebid-enabled=\"true\"><\/div>\n<\/div>\n<div class=\"ln-banner-container --no-app --middle_2_tab\">\n<div id=\"middle_2_tab\" class=\"ln-banner\" data-slot-group=\"nota\" data-device=\"tablet\" data-subscription=\"false\" data-ad-unit-path=\"\/133919216\/campo_tablet\/Nota\/middle_2_tab\" data-targeting='{\"sitio\":\"lanacion\",\"seccion\":\"nota\"}' data-without-hide=\"true\" data-size=\"[[728,90],[640,480],[468,60],[1,1]]\" data-sizemap=\"[]\" data-prebid-enabled=\"true\"><\/div>\n<\/div>\n<p class=\"com-paragraph --s\">Seg\u00fan record\u00f3 el Senasa, en octubre de 2024 se hab\u00eda declarado una <strong>alerta fitosanitaria<\/strong> en todo el territorio nacional con el objetivo de fortalecer las tareas de prevenci\u00f3n, detecci\u00f3n, contenci\u00f3n y erradicaci\u00f3n de la plaga.<\/p>\n<div class=\"content-media\">\n<section role=\"button\" class=\"mod-media   \">\n<figure role=\"button\" tabindex=\"0\" class=\"mod-figure \">\n<div class=\"placeholder \">\n<div class=\"com-image\"><picture><source media=\"(min-width: 768px)\" srcset=\"https:\/\/www.lanacion.com.ar\/resizer\/v2\/en-febrero-de-este-ano-el-organismo-declaro-la-42VSXBJ6VBCJRIRC5Q5RSBKDBI.png?auth=35566a3c0776a1812674512d174fd4419a144dbb3d91fac557b00c28823c8899&amp;width=780&amp;height=466&amp;quality=70&amp;smart=true\"><\/source><img class=\"image com-image flex --cover\" decoding=\"async\" fetchpriority=\"low\" loading=\"lazy\" src=\"https:\/\/www.lanacion.com.ar\/resizer\/v2\/en-febrero-de-este-ano-el-organismo-declaro-la-42VSXBJ6VBCJRIRC5Q5RSBKDBI.png?auth=35566a3c0776a1812674512d174fd4419a144dbb3d91fac557b00c28823c8899&amp;width=420&amp;height=251&amp;quality=70&amp;smart=true\" width=\"1994\" alt=\"En febrero de este a\u00f1o, el organismo declar\u00f3 la emergencia fitosanitaria en la isla Mart\u00edn Garc\u00eda y aprob\u00f3 un Plan de Contingencia que estableci\u00f3 las medidas sanitarias a aplicar ante la detecci\u00f3n del insecto\" height=\"1192\"><\/picture><\/div>\n<\/div><figcaption class=\"mod-figcaption\"><span class=\"com-text --caption --twoxs\">En febrero de este a\u00f1o, el organismo declar\u00f3 la emergencia fitosanitaria en la isla Mart\u00edn Garc\u00eda y aprob\u00f3 un Plan de Contingencia que estableci\u00f3 las medidas sanitarias a aplicar ante la detecci\u00f3n del insecto<\/span><span class=\"com-text --credit --twoxs\">Senasa<\/span><\/figcaption><\/figure>\n<\/section>\n<\/div>\n<p class=\"com-paragraph --s\">Posteriormente, en<strong> febrero de este a\u00f1o, <\/strong>el organismo declar\u00f3 la emergencia fitosanitaria en la isla Mart\u00edn Garc\u00eda y aprob\u00f3 un <strong>Plan de Contingencia<\/strong> que estableci\u00f3 las medidas sanitarias a aplicar ante la detecci\u00f3n del insecto, adem\u00e1s de definir las responsabilidades de los distintos actores involucrados y los principios activos autorizados para las tareas de control. En<strong> junio pasado,<\/strong> esa alerta fue prorrogada hasta junio de 2028 para reforzar las acciones de prevenci\u00f3n y vigilancia.<\/p>\n<div class=\"ln-banner-container --no-app --caja4_mob\">\n<div id=\"caja4_mob\" class=\"ln-banner\" data-slot-group=\"nota\" data-device=\"mobile\" data-subscription=\"false\" data-ad-unit-path=\"\/133919216\/campo_mobile\/Nota\/caja4_mob\" data-targeting='{\"sitio\":\"lanacion\",\"seccion\":\"nota\"}' data-without-hide=\"true\" data-size=\"[[320,100],[300,250],[1,1]]\" data-sizemap=\"[]\" data-prebid-enabled=\"true\"><\/div>\n<\/div>\n<p class=\"com-paragraph --s\">Ahora, el escenario cambi\u00f3 a partir de una nueva detecci\u00f3n. De acuerdo con la disposici\u00f3n,<strong> \u201cen agosto de 2026 se notific\u00f3 a este Servicio Nacional la presencia de palmeras de la especie <\/strong><em><strong>Phoenix canariensis<\/strong><\/em> con<strong> da\u00f1os<\/strong> aparentemente<strong> causados por Picudo Rojo de las Palmeras <\/strong>en el<strong> departamento de Uruguay en la provincia de Entre R\u00edos\u201d.<\/strong><\/p>\n<p class=\"com-paragraph --s\">Tras la inspecci\u00f3n oficial realizada por t\u00e9cnicos del organismo, el laboratorio regional de Chajar\u00ed confirm\u00f3 la compatibilidad de los ejemplares hallados con la especie invasora.<\/p>\n<div class=\"ln-banner-container --no-app --caja6_mob\">\n<div id=\"caja6_mob\" class=\"ln-banner\" data-slot-group=\"nota\" data-device=\"mobile\" data-subscription=\"false\" data-ad-unit-path=\"\/133919216\/campo_mobile\/Nota\/caja6_mob\" data-targeting='{\"sitio\":\"lanacion\",\"seccion\":\"nota\"}' data-without-hide=\"true\" data-size=\"[[300,250],[230,50],[300,450],[1,1],[320,100]]\" data-sizemap=\"[]\" data-prebid-enabled=\"true\"><\/div>\n<\/div>\n<p class=\"com-paragraph --s\">La norma se\u00f1ala que \u201ctras la inspecci\u00f3n Oficial, se detect\u00f3 la presencia de insectos en estado adulto y juvenil cuya identificaci\u00f3n en Laboratorio Regional Chajar\u00ed del Servicio Nacional de Sanidad y Calidad Agroalimentaria result\u00f3 compatible con <em><strong>Rhynchophorus Ferrugineus Olivier,<\/strong><\/em><em> <\/em>raz\u00f3n por la cual corresponde dar inicio al <strong>Plan de Contingencia en la zona afectada\u201d.<\/strong><\/p>\n<p class=\"com-paragraph --s\">Ese hallazgo marc\u00f3 un punto de inflexi\u00f3n porque dej\u00f3 de tratarse de un foco aislado en la isla Mart\u00edn Garc\u00eda para registrarse por primera vez en territorio continental. Por ese motivo, el Senasa consider\u00f3 necesario ampliar la emergencia. <\/p>\n<div class=\"ln-banner-container --no-app --caja7_mob\">\n<div id=\"caja7_mob\" class=\"ln-banner\" data-slot-group=\"nota\" data-device=\"mobile\" data-subscription=\"true\" data-ad-unit-path=\"\/133919216\/campo_mobile\/Nota\/caja7_mob\" data-targeting='{\"sitio\":\"lanacion\",\"seccion\":\"nota\"}' data-without-hide=\"true\" data-size=\"[[300,250],[320,50],[300,450],[1,1],[320,100]]\" data-sizemap=\"[]\" data-prebid-enabled=\"true\"><\/div>\n<\/div>\n<p class=\"com-paragraph --s\">En los fundamentos de la disposici\u00f3n, el organismo sostuvo que \u201cante el desarrollo actual de acciones de contingencia en la isla Mart\u00edn Garc\u00eda en la provincia de Buenos Aires y tras el hallazgo de la plaga en territorio continental en la provincia de Entre R\u00edos, corresponde ampliar el \u00e1rea bajo Emergencia Fitosanitaria, a fin de fortalecer las medidas de prevenci\u00f3n, vigilancia y control\u201d.<\/p>\n<p class=\"com-paragraph --s\">Asimismo, indic\u00f3 que tambi\u00e9n resultaba necesario <strong>\u201cprorrogar la duraci\u00f3n de la declaratoria de emergencia oportunamente declarada a fin de dar continuidad a las acciones en terreno\u201d.<\/strong><\/p>\n<div class=\"ln-banner-container --no-app --caja8_mob\">\n<div id=\"caja8_mob\" class=\"ln-banner\" data-slot-group=\"nota\" data-device=\"mobile\" data-subscription=\"true\" data-ad-unit-path=\"\/133919216\/campo_mobile\/Nota\/caja8_mob\" data-targeting='{\"sitio\":\"lanacion\",\"seccion\":\"nota\"}' data-without-hide=\"true\" data-size=\"[[300,250],[320,50],[300,450],[1,1],[320,100]]\" data-sizemap=\"[]\" data-prebid-enabled=\"true\"><\/div>\n<\/div>\n<p class=\"com-paragraph --s\">Semanas atr\u00e1s, el Senasa tambi\u00e9n hab\u00eda incorporado al picudo rojo de las palmeras dentro del marco reglamentario de plagas de inter\u00e9s nacional. En esa resoluci\u00f3n, record\u00f3 la disposici\u00f3n publicada hoy, el organismo declar\u00f3 a <em><strong>Rhynchophorus ferrugineus Olivie<\/strong><\/em><strong>r<\/strong> como <strong>\u201cPlaga Cuarentenaria Ausente en el Territorio Nacional, <\/strong>cuya introducci\u00f3n y dispersi\u00f3n causar\u00edan da\u00f1os para la producci\u00f3n agr\u00edcola, silv\u00edcola o para la flora silvestre con <strong>impactos econ\u00f3micos, ambientales o sociales\u201d.<\/strong><\/p>\n<div data-fusion-lazy-id=\"f0fpQTDZ9Hvw1FA\"><\/div>\n<div class=\"ln-banner-container --no-app --caja5_mob\">\n<div id=\"caja5_mob\" class=\"ln-banner\" data-slot-group=\"nota\" data-device=\"mobile\" data-subscription=\"false\" data-ad-unit-path=\"\/133919216\/campo_mobile\/Nota\/caja5_mob\" data-targeting='{\"sitio\":\"lanacion\",\"seccion\":\"nota\"}' data-without-hide=\"true\" data-size='[[320,100],[300,250],[1,1],[\" fluid\"]]' data-sizemap=\"[]\" data-prebid-enabled=\"true\"><\/div>\n<\/div>\n<div data-fusion-lazy-id=\"f0f68JH1aHvw1CG\"><\/div>\n<div class=\"ln-banner-container --no-app --middle_3_dsk\">\n<div id=\"middle_3_dsk\" class=\"ln-banner\" data-slot-group=\"nota\" data-device=\"desktop\" data-subscription=\"true\" data-ad-unit-path=\"\/133919216\/campo_desktop\/Nota\/middle_3_dsk\" data-targeting='{\"sitio\":\"lanacion\",\"seccion\":\"nota\"}' data-without-hide=\"true\" data-size=\"[[1,1],[728,90],[640,360],[728,360]]\" data-sizemap=\"[]\" data-prebid-enabled=\"true\"><\/div>\n<\/div>\n<\/div>\n","protected":false},"excerpt":{"rendered":"<p>El Gobierno ampli\u00f3 la Emergencia Fitosanitaria por el picudo rojo de las palmeras (Rhynchophorus ferrugineus Olivier) luego de confirmarse la presencia de la plaga en el territorio continental argentino. A trav\u00e9s de una disposici\u00f3n publicada hoy en el Bolet\u00edn Oficial, el Senasa extendi\u00f3 la medida hasta el 30 de junio de 2028 e incorpor\u00f3 a [&hellip;]<\/p>\n","protected":false},"author":1,"featured_media":24411,"comment_status":"open","ping_status":"open","sticky":false,"template":"","format":"standard","meta":{"footnotes":""},"categories":[1],"tags":[],"class_list":["post-24410","post","type-post","status-publish","format-standard","has-post-thumbnail","hentry","category-uncategorized"],"_links":{"self":[{"href":"https:\/\/cliente1.publisher.highstack.com.ar\/index.php?rest_route=\/wp\/v2\/posts\/24410","targetHints":{"allow":["GET"]}}],"collection":[{"href":"https:\/\/cliente1.publisher.highstack.com.ar\/index.php?rest_route=\/wp\/v2\/posts"}],"about":[{"href":"https:\/\/cliente1.publisher.highstack.com.ar\/index.php?rest_route=\/wp\/v2\/types\/post"}],"author":[{"embeddable":true,"href":"https:\/\/cliente1.publisher.highstack.com.ar\/index.php?rest_route=\/wp\/v2\/users\/1"}],"replies":[{"embeddable":true,"href":"https:\/\/cliente1.publisher.highstack.com.ar\/index.php?rest_route=%2Fwp%2Fv2%2Fcomments&post=24410"}],"version-history":[{"count":0,"href":"https:\/\/cliente1.publisher.highstack.com.ar\/index.php?rest_route=\/wp\/v2\/posts\/24410\/revisions"}],"wp:featuredmedia":[{"embeddable":true,"href":"https:\/\/cliente1.publisher.highstack.com.ar\/index.php?rest_route=\/wp\/v2\/media\/24411"}],"wp:attachment":[{"href":"https:\/\/cliente1.publisher.highstack.com.ar\/index.php?rest_route=%2Fwp%2Fv2%2Fmedia&parent=24410"}],"wp:term":[{"taxonomy":"category","embeddable":true,"href":"https:\/\/cliente1.publisher.highstack.com.ar\/index.php?rest_route=%2Fwp%2Fv2%2Fcategories&post=24410"},{"taxonomy":"post_tag","embeddable":true,"href":"https:\/\/cliente1.publisher.highstack.com.ar\/index.php?rest_route=%2Fwp%2Fv2%2Ftags&post=24410"}],"curies":[{"name":"wp","href":"https:\/\/api.w.org\/{rel}","templated":true}]}}