{"id":24408,"date":"2026-08-31T11:03:50","date_gmt":"2026-08-31T14:03:50","guid":{"rendered":"https:\/\/cliente1.publisher.highstack.com.ar\/?p=24408"},"modified":"2026-08-31T11:03:50","modified_gmt":"2026-08-31T14:03:50","slug":"ajuste-la-obra-publica-sigue-en-caida-en-las-provincias-crece-la-tension-entre-la-casa-rosada-y-los-gobernadores","status":"publish","type":"post","link":"https:\/\/cliente1.publisher.highstack.com.ar\/?p=24408","title":{"rendered":"Ajuste. La obra p\u00fablica sigue en ca\u00edda en las provincias: crece la tensi\u00f3n entre la Casa Rosada y los gobernadores"},"content":{"rendered":"<section id=\"cuerpo__nota\" class=\"cuerpo__nota\">\n<div class=\"row\">\n<div class=\"col-12 col-desksm-1\">\n<div class=\"mod-share-container --no-app py-12 mb-16 mb-0_l sticky float-l_l z-101 transition transition-all transition-duration-250 top-73_min1024\">\n<div class=\"mod-share flex flex-column mb-0 p-0_l gap-24\"><\/div>\n<\/div>\n<\/div>\n<div class=\"col-deskxl-10 offset-deskxl-1 col-desksm-11\">\n<div class=\"row\">\n<div class=\"col-12\">\n<p class=\"com-paragraph --capital --s\">C\u00d3RDOBA.- La <strong>obra p\u00fablica<\/strong> se consolid\u00f3 como una de las principales variables del ajuste fiscal del gobierno de <strong>Javier Milei<\/strong>. El gasto de capital cay\u00f3 hasta <strong>0,4% del PBI <\/strong>en los dos primeros a\u00f1os de gesti\u00f3n,<strong> <\/strong>menos de una cuarta parte del nivel que hab\u00eda alcanzado en el per\u00edodo anterior. Es un tema de <strong>tironeo permanente entre la Casa Rosada y los gobernadores<\/strong> y sigue en la mesa de negociaciones de cara a los votos que el oficialismo necesita en el Congreso para sus proyectos prioritarios; entre ellos, la reforma electoral.<\/p>\n<p class=\"com-paragraph --s\">En los primeros siete meses del a\u00f1o, seg\u00fan datos de la consultora LCG, fundada por<strong> Mart\u00edn Lousteau<\/strong>, el gasto de capital acumula una <strong>ca\u00edda cercana al 10% real interanual<\/strong>. Un an\u00e1lisis de los datos abiertos del presupuesto determina que hay <strong>1241 proyectos activos<\/strong>, que en conjunto cuentan con un cr\u00e9dito vigente de <strong>$2,6 billones,<\/strong> equivalente al <strong>0,2% del PBI<\/strong>. El presupuesto inicial contemplaba $2,9 billones, pero ese monto fue recortado en alrededor de 10% desde comienzos de a\u00f1o.<\/p>\n<p class=\"com-paragraph --s\">El nivel de ejecuci\u00f3n tambi\u00e9n es bajo: entre enero y julio solo <strong>435 proyectos \u2212el 35% del total\u2212 registraron pagos<\/strong>, por unos $700.000 millones. Es decir, se ejecut\u00f3 <strong>26% del cr\u00e9dito vigente<\/strong>.<\/p>\n<p class=\"com-paragraph --s\">El mapa cambia significativamente cuando se separan las obras que la Naci\u00f3n financia mediante transferencias a las provincias de aquellas que ejecuta directamente. En el primer segmento, <strong>Tucum\u00e1n, Catamarca, Salta y San Luis concentran los recursos.<\/strong><\/p>\n<div class=\"content-media\">\n<section role=\"button\" class=\"mod-media   \">\n<figure role=\"button\" tabindex=\"0\" class=\"mod-figure \">\n<div class=\"placeholder \">\n<div class=\"com-image\"><picture><source media=\"(min-width: 768px)\" srcset=\"https:\/\/www.lanacion.com.ar\/resizer\/v2\/el-presidente-javier-milei-y-la-secretaria-AIBI47JDVVGOJAKRMCPCYRLKYA.jpg?auth=c64e20bcc94bb736804ee359a34f99d88c65aa5c467cf857764ff4b2647fc46c&amp;width=780&amp;height=585&amp;quality=70&amp;smart=true\"><\/source><img class=\"image com-image flex --cover\" decoding=\"async\" fetchpriority=\"low\" loading=\"lazy\" src=\"https:\/\/www.lanacion.com.ar\/resizer\/v2\/el-presidente-javier-milei-y-la-secretaria-AIBI47JDVVGOJAKRMCPCYRLKYA.jpg?auth=c64e20bcc94bb736804ee359a34f99d88c65aa5c467cf857764ff4b2647fc46c&amp;width=420&amp;height=315&amp;quality=70&amp;smart=true\" width=\"1200\" alt=\"El presidente Javier Milei y la secretaria general de la Presidencia, Karina Milei, junto a los gobernadores Gustavo S\u00e1enz (Salta), Marcelo Orrego (San Juan), Carlos Sadir (Jujuy), Alfredo Cornejo (Mendoza) y Juan Pablo Vald\u00e9s (Corrientes)\" height=\"900\"><\/picture><\/div>\n<\/div><figcaption class=\"mod-figcaption\"><span class=\"com-text --caption --twoxs\">El presidente Javier Milei y la secretaria general de la Presidencia, Karina Milei, junto a los gobernadores Gustavo S\u00e1enz (Salta), Marcelo Orrego (San Juan), Carlos Sadir (Jujuy), Alfredo Cornejo (Mendoza) y Juan Pablo Vald\u00e9s (Corrientes)<\/span><span class=\"com-text --credit --twoxs\">Presidencia<\/span><\/figcaption><\/figure>\n<\/section>\n<\/div>\n<p class=\"com-paragraph --s\">Entre enero y julio, la Naci\u00f3n transfiri\u00f3 a las provincias <strong>$500.000 millones destinados a gastos de capital<\/strong>, 52% menos en t\u00e9rminos reales que en el mismo per\u00edodo de 2025. M\u00e1s all\u00e1 del total, otro factor clave es que <strong>cuatro distritos concentraron 70% de todo el monto<\/strong>.<\/p>\n<p class=\"com-paragraph --s\">Esas cuatro jurisdicciones est\u00e1n gobernadas por <strong>aliados al oficialismo nacional<\/strong> o que, al menos, son negociadores permanentes con la Rosada. Se trata de <strong>Osvaldo Jaldo (Tucum\u00e1n); Ra\u00fal Jalil (Catamarca); Gustavo S\u00e1enz (Salta) y Claudio Poggi (San Luis)<\/strong>.<\/p>\n<p class=\"com-paragraph --s\">Tucum\u00e1n, con $11.686 millones, es la principal receptora, pero aun as\u00ed, la motosierra pas\u00f3 por el monto. Lo que recibi\u00f3 este a\u00f1o est\u00e1 <strong>47% por debajo en t\u00e9rminos reales del mismo per\u00edodo de 2025<\/strong>. Desde la consultora indican que la provincia ya hab\u00eda sido beneficiada el a\u00f1o pasado y la base de comparaci\u00f3n es \u201celevada\u201d, siempre teniendo en cuenta los recursos que distribuye Milei. El caso de <strong>Catamarca<\/strong> ($10.377 millones) tiene otra particularidad. Medidas en t\u00e9rminos <strong>per c\u00e1pita<\/strong>, <strong>los recursos superan en m\u00e1s de 23 veces el promedio nacional<\/strong>: $23.558 por habitante.<\/p>\n<p class=\"com-paragraph --s\">Si la lupa se pone por tipo de proyecto, Tucum\u00e1n concentr\u00f3 recursos en obras de transporte de energ\u00eda el\u00e9ctrica financiadas por el Fondo Nacional de la Energ\u00eda El\u00e9ctrica (FNEE) y en la repavimentaci\u00f3n de la calzada de la ex Ruta Nacional 7, en lo que constituye uno de los pocos giros de la Direcci\u00f3n Nacional de Vialidad hacia las provincias.<\/p>\n<div class=\"content-media\">\n<section role=\"button\" class=\"mod-media   \">\n<figure role=\"button\" tabindex=\"0\" class=\"mod-figure \">\n<div class=\"placeholder \">\n<div class=\"com-image\"><picture><source media=\"(min-width: 768px)\" srcset=\"https:\/\/www.lanacion.com.ar\/resizer\/v2\/los-gobernadores-claudio-poggi-juan-pablo-valdez-CY4WAXM7IRB4RGJ3OPD4ZNC4OY.jpg?auth=22f53238580da21fc16a0cfb1befae33c4bc13757fe85300e49bfe0ff5ba4018&amp;width=780&amp;height=585&amp;quality=70&amp;smart=true\"><\/source><img class=\"image com-image flex --cover\" decoding=\"async\" fetchpriority=\"low\" loading=\"lazy\" src=\"https:\/\/www.lanacion.com.ar\/resizer\/v2\/los-gobernadores-claudio-poggi-juan-pablo-valdez-CY4WAXM7IRB4RGJ3OPD4ZNC4OY.jpg?auth=22f53238580da21fc16a0cfb1befae33c4bc13757fe85300e49bfe0ff5ba4018&amp;width=420&amp;height=315&amp;quality=70&amp;smart=true\" width=\"1600\" alt=\"Los gobernadores Claudio Poggi, Juan Pablo Valdez, Rogelio Frigerio y Alfredo Cornejo\" height=\"1200\"><\/picture><\/div>\n<\/div><figcaption class=\"mod-figcaption\"><span class=\"com-text --caption --twoxs\">Los gobernadores Claudio Poggi, Juan Pablo Valdez, Rogelio Frigerio y Alfredo Cornejo<\/span><\/figcaption><\/figure>\n<\/section>\n<\/div>\n<p class=\"com-paragraph --s\">Catamarca y Salta ($6348 millones) recibieron fondos casi exclusivamente para programas de <strong>agua potable y alcantarillado<\/strong>, mientras que <strong>San Luis<\/strong> ($5224 millones) concentr\u00f3 los fondos en <strong>vivienda y urbanismo<\/strong>.<\/p>\n<div data-tw=\"true\" style=\"display:contents\">\n<h3 class=\"font-primary text-subheading-lg text-left container-center-100 mb-8\"><span>Las que quedaron afuera<\/span><\/h3>\n<\/div>\n<p class=\"com-paragraph --s\">En el otro extremo del mapa aparecen seis provincias para las que no hubo casi nada: <strong>Tierra del Fuego, Santa Cruz, San Juan, Chubut, C\u00f3rdoba y Misiones ($1 mill\u00f3n)<\/strong>. De la comparaci\u00f3n con 2025 surge que solo seis jurisdicciones recibieron m\u00e1s dinero que en todo el a\u00f1o pasado; son <strong>San Luis, Catamarca, Santa Fe ($2682 millones), Buenos Aires ($4132 millones), Salta y Jujuy ($3319 millones)<\/strong>.<\/p>\n<p class=\"com-paragraph --s\">El resto tuvo ca\u00eddas o directamente qued\u00f3 sin transferencias significativas. En el caso de las que pr\u00e1cticamente no recibieron fondos, el antecedente es que tampoco hab\u00edan estado entre las principales beneficiarias el a\u00f1o pasado. Desde LCG se\u00f1alan que parte de la diferencia es que en varias tuvo relevancia en 2025 la aplicaci\u00f3n del <strong>Fondo Nacional para la Educaci\u00f3n T\u00e9cnico Profesional<\/strong>, una partida que no aparece en este 2026.<\/p>\n<p class=\"com-paragraph --s\">El ministro <strong>Luis Caputo <\/strong>est\u00e1 convencido de que las concesiones y privatizaciones de rutas son la forma para cambiar los corredores argentinos. \u201c<strong>Al final del mandato va a parecer otro pa\u00eds\u201d<\/strong>, repiti\u00f3 en las \u00faltimas semanas. La apuesta es a un sistema financiado al 100% por el sector privado mediante peajes. Ya se inici\u00f3 el proceso de concesi\u00f3n sobre <strong>9000 kil\u00f3metros<\/strong> y se proyecta licitar otros <strong>12000 kil\u00f3metros adicionales<\/strong>. <\/p>\n<p class=\"com-paragraph --s\">Pese al entusiasmo del ministro, lo cierto es que las primeras licitaciones se centraron en <strong>bacheos y corte de pasto en banquinas<\/strong>, no en la renovaci\u00f3n de los tramos, que muestran un deterioro creciente.<\/p>\n<p class=\"com-paragraph --s\">Esta pol\u00edtica de concesi\u00f3n de infraestructura se complementa adem\u00e1s con la reciente apertura de la licitaci\u00f3n para privatizar por 50 a\u00f1os las l\u00edneas ferroviarias del Belgrano Cargas.<\/p>\n<div data-tw=\"true\" style=\"display:contents\">\n<h2 class=\"font-primary font-w-bold text-subheading-lg text-left container-center-100 mb-8\"><span>Traspasos<\/span><\/h2>\n<\/div>\n<p class=\"com-paragraph --s\">Frente a la menor disponibilidad de fondos nacionales, los gobiernos subnacionales comenzaron a buscar mecanismos para hacerse cargo de las obras, aun con presupuestos y capacidad financiera limitados. <\/p>\n<p class=\"com-paragraph --s\">Uno de los mecanismos es el <strong>traspaso de obras e infraestructura nacional a las provincias<\/strong>. El cambio supone que las administraciones provinciales asuman los costos de terminar obras paralizadas, mantenerlas o ampliarlas.<\/p>\n<div class=\"content-media\">\n<section role=\"button\" class=\"mod-media   \">\n<figure role=\"button\" tabindex=\"0\" class=\"mod-figure \">\n<div class=\"placeholder \">\n<div class=\"com-image\"><picture><source media=\"(min-width: 768px)\" srcset=\"https:\/\/www.lanacion.com.ar\/resizer\/v2\/lsmtyhk5gfb3ri22fb4g2dtmwm-el-gobierno-recibio-a-LSMTYHK5GFB3RI22FB4G2DTMWM.jpeg?auth=6911a8662da78bdf434267fd891bc28080870ede47bf7d5ba52ebb58c505da23&amp;width=780&amp;height=520&amp;quality=70&amp;smart=true\"><\/source><img class=\"image com-image flex --cover\" decoding=\"async\" fetchpriority=\"low\" loading=\"lazy\" src=\"https:\/\/www.lanacion.com.ar\/resizer\/v2\/lsmtyhk5gfb3ri22fb4g2dtmwm-el-gobierno-recibio-a-LSMTYHK5GFB3RI22FB4G2DTMWM.jpeg?auth=6911a8662da78bdf434267fd891bc28080870ede47bf7d5ba52ebb58c505da23&amp;width=420&amp;height=280&amp;quality=70&amp;smart=true\" width=\"1600\" alt=\"Reuni\u00f3n en la Casa Rosada del jefe de Gabinete, Diego Santilli, con los gobernadores  Maximiliano Pullaro (Santa Fe), Mart\u00edn Llaryora (C\u00f3rdoba) y Rogelio Frigerio (Entre R\u00edos)\" height=\"1066\"><\/picture><\/div>\n<\/div><figcaption class=\"mod-figcaption\"><span class=\"com-text --caption --twoxs\">Reuni\u00f3n en la Casa Rosada del jefe de Gabinete, Diego Santilli, con los gobernadores  Maximiliano Pullaro (Santa Fe), Mart\u00edn Llaryora (C\u00f3rdoba) y Rogelio Frigerio (Entre R\u00edos)<\/span><span class=\"com-text --credit --twoxs\">Presidencia<\/span><\/figcaption><\/figure>\n<\/section>\n<\/div>\n<p class=\"com-paragraph --s\"><strong>Santa Fe<\/strong>, por ejemplo, hace poco asumi\u00f3 durante 20 a\u00f1os la administraci\u00f3n, el mantenimiento y la ejecuci\u00f3n de obras de la <strong>Ruta Nacional A012<\/strong>, que pasan a sostenerse con recursos provinciales. <\/p>\n<p class=\"com-paragraph --s\">El caso de <strong>Chubut<\/strong> muestra otra modalidad: hubo traspaso de obras viales inconclusas, entre ellas la autov\u00eda de la Ruta 3 entre Puerto Madryn y Trelew y trabajos sobre la Ruta 40. A cambio, la provincia obtuvo una reducci\u00f3n y reestructuraci\u00f3n de obligaciones con la Naci\u00f3n, con una quita cercana al 50%.<\/p>\n<p class=\"com-paragraph --s\">En este esquema, la Naci\u00f3n deja de ocupar el papel que hist\u00f3ricamente tuvo como principal financiador y ejecutor de grandes proyectos de infraestructura y las provincias deben negociar, seleccionar prioridades y, en algunos casos, hacerse cargo.<\/p>\n<div data-tw=\"true\" style=\"display:contents\">\n<h2 class=\"font-primary font-w-bold text-subheading-lg text-left container-center-100 mb-8\"><span>Otro desplome<\/span><\/h2>\n<\/div>\n<p class=\"com-paragraph --s\">El otro componente es la <strong>obra p\u00fablica que ejecuta directamente el Estado nacional<\/strong>. All\u00ed la contracci\u00f3n es todav\u00eda m\u00e1s marcada: <strong>el gasto devengado en los primeros siete meses del a\u00f1o cae 38% real interanual<\/strong>.<\/p>\n<p class=\"com-paragraph --s\">La funci\u00f3n Transporte contin\u00faa siendo la principal, aunque perdi\u00f3 participaci\u00f3n, concentra 43% de los recursos devengados, dos puntos porcentuales menos que en el mismo per\u00edodo del 2025. Le siguen Ciencia, Tecnolog\u00eda e Innovaci\u00f3n, con 21%, explicada principalmente por la construcci\u00f3n del <strong>Reactor RA-10<\/strong>, y Defensa, con 10%, fundamentalmente a trav\u00e9s del Fondo Nacional de la Defensa (Fondef).<\/p>\n<p class=\"com-paragraph --s\">Pero incluso en estas \u00e1reas centrales el grado de ejecuci\u00f3n presupuestaria es bajo. Ninguna de las tres supera el 45% del cr\u00e9dito vigente ejecutado. En Transporte, particularmente, llega apenas al <strong>36%<\/strong>. En ese apartado, el programa de <strong>Mantenimiento por Administraci\u00f3n y Atenci\u00f3n de Emergencias en Rutas Varias<\/strong> constituye el principal destino, con $24.100 millones devengados y 42% de ejecuci\u00f3n. Es un programa con presencia en todo el pa\u00eds, menos en CABA.<\/p>\n<p class=\"com-paragraph --s\">La provincia de Buenos Aires aparece como la m\u00e1s beneficiada en Transporte, con <strong>19% del total: $29.693 millones devengados<\/strong>. Sin embargo, solo 8% corresponde al mantenimiento de rutas. Una parte importante est\u00e1 vinculada con la construcci\u00f3n de la Autopista Presidente Juan Domingo Per\u00f3n, que recibi\u00f3 $9300 millones, y con las etapas III y IV del Programa MAS, que concentraron otros $10.300 millones. Le siguen <strong>Misiones, Santiago del Estero y Entre R\u00edos.<\/strong><\/p>\n<div data-fusion-lazy-id=\"f0fpQTDZ9Hvw1FA\"><\/div>\n<div data-fusion-lazy-id=\"f0f68JH1aHvw1CG\"><\/div>\n<\/div>\n<\/div>\n<\/div>\n<\/div>\n<\/section>\n<p><\/p>\n","protected":false},"excerpt":{"rendered":"<p>C\u00d3RDOBA.- La obra p\u00fablica se consolid\u00f3 como una de las principales variables del ajuste fiscal del gobierno de Javier Milei. El gasto de capital cay\u00f3 hasta 0,4% del PBI en los dos primeros a\u00f1os de gesti\u00f3n, menos de una cuarta parte del nivel que hab\u00eda alcanzado en el per\u00edodo anterior. Es un tema de tironeo [&hellip;]<\/p>\n","protected":false},"author":1,"featured_media":24409,"comment_status":"open","ping_status":"open","sticky":false,"template":"","format":"standard","meta":{"footnotes":""},"categories":[1],"tags":[4,3],"class_list":["post-24408","post","type-post","status-publish","format-standard","has-post-thumbnail","hentry","category-uncategorized","tag-entre-rios","tag-rogelio-frigerio"],"_links":{"self":[{"href":"https:\/\/cliente1.publisher.highstack.com.ar\/index.php?rest_route=\/wp\/v2\/posts\/24408","targetHints":{"allow":["GET"]}}],"collection":[{"href":"https:\/\/cliente1.publisher.highstack.com.ar\/index.php?rest_route=\/wp\/v2\/posts"}],"about":[{"href":"https:\/\/cliente1.publisher.highstack.com.ar\/index.php?rest_route=\/wp\/v2\/types\/post"}],"author":[{"embeddable":true,"href":"https:\/\/cliente1.publisher.highstack.com.ar\/index.php?rest_route=\/wp\/v2\/users\/1"}],"replies":[{"embeddable":true,"href":"https:\/\/cliente1.publisher.highstack.com.ar\/index.php?rest_route=%2Fwp%2Fv2%2Fcomments&post=24408"}],"version-history":[{"count":0,"href":"https:\/\/cliente1.publisher.highstack.com.ar\/index.php?rest_route=\/wp\/v2\/posts\/24408\/revisions"}],"wp:featuredmedia":[{"embeddable":true,"href":"https:\/\/cliente1.publisher.highstack.com.ar\/index.php?rest_route=\/wp\/v2\/media\/24409"}],"wp:attachment":[{"href":"https:\/\/cliente1.publisher.highstack.com.ar\/index.php?rest_route=%2Fwp%2Fv2%2Fmedia&parent=24408"}],"wp:term":[{"taxonomy":"category","embeddable":true,"href":"https:\/\/cliente1.publisher.highstack.com.ar\/index.php?rest_route=%2Fwp%2Fv2%2Fcategories&post=24408"},{"taxonomy":"post_tag","embeddable":true,"href":"https:\/\/cliente1.publisher.highstack.com.ar\/index.php?rest_route=%2Fwp%2Fv2%2Ftags&post=24408"}],"curies":[{"name":"wp","href":"https:\/\/api.w.org\/{rel}","templated":true}]}}