{"id":24403,"date":"2026-08-31T10:43:11","date_gmt":"2026-08-31T13:43:11","guid":{"rendered":"https:\/\/cliente1.publisher.highstack.com.ar\/?p=24403"},"modified":"2026-08-31T10:43:11","modified_gmt":"2026-08-31T13:43:11","slug":"tornado-en-localidad-misionera-volo-techos-derribo-postes-y-dejo-a-familias-afectadas","status":"publish","type":"post","link":"https:\/\/cliente1.publisher.highstack.com.ar\/?p=24403","title":{"rendered":"Tornado en localidad misionera vol\u00f3 techos, derrib\u00f3 postes y dej\u00f3 a familias afectadas"},"content":{"rendered":"<p><\/p>\n<div>\n<p>Un <b>posible tornado golpe\u00f3 El Soberbio durante un fuerte temporal<\/b> registrado en la ma\u00f1ana de este lunes y provoc\u00f3 importantes da\u00f1os en diferentes sectores de la localidad misionera. El fen\u00f3meno estuvo acompa\u00f1ado por intensas r\u00e1fagas de viento y abundantes precipitaciones en pocos minutos, con un saldo preliminar de al menos tres familias afectadas, voladuras de techos, ca\u00edda de postes e interrupciones en el suministro el\u00e9ctrico. <\/p>\n<p><!-- is a <br \/>--><\/p>\n<p>\u00a0<\/p>\n<p><!-- is a <br \/>--><\/p>\n<p>El episodio se produjo aproximadamente entre las 7:15 y las 7:30. El intendente de El Soberbio, Ricardo Leiva, calific\u00f3 al fen\u00f3meno como un tornado, aunque todav\u00eda se realizaban relevamientos para determinar la magnitud de los da\u00f1os. Las precipitaciones continuaban y complicaban las tareas de los equipos desplegados en distintos sectores. <\/p>\n<p><!-- is a <br \/>--><\/p>\n<p>\u00a0<\/p>\n<p><!-- is a <br \/>--><\/p>\n<p>\u201cHemos tenido un tornado y tambi\u00e9n lluvias muy abundantes en pocos minutos, que tambi\u00e9n han provocado algunas inundaciones, pero principalmente lo que m\u00e1s ha da\u00f1ado fue el tornado\u201d, manifest\u00f3 Leiva. Hasta el momento, la caracterizaci\u00f3n del fen\u00f3meno corresponde a lo se\u00f1alado por el jefe comunal y no se inform\u00f3 una confirmaci\u00f3n por parte de un organismo meteorol\u00f3gico. <\/p>\n<p><!-- is a <br \/>--><\/p>\n<p><!-- is a object --><br \/>\n<!-- embed start --><\/p>\n<figure class=\"embed\">\n<p>    <img decoding=\"async\" src=\"https:\/\/elonce-media.elonce.com\/fotos\/2026\/08\/31\/e_1788181866_36761.webp\" loading=\"lazy\" width=\"600\" height=\"400\" alt=\"Posible tornado caus\u00f3 importantes da\u00f1os en El Soberbio (foto Misiones online)\"\/><figcaption>\n            <span>Posible tornado caus\u00f3 importantes da\u00f1os en El Soberbio (foto Misiones online)<\/span><br \/>\n        <\/figcaption><\/figure>\n<p><!-- embed end --><br \/>\n<!-- end object --><\/p>\n<p><!-- is a object --><\/p>\n<h3>Voladuras de techos, postes ca\u00eddos y cortes de energ\u00eda<\/h3>\n<p><!-- end object --><\/p>\n<p>\u00a0<\/p>\n<p><!-- is a <br \/>--><\/p>\n<p>El temporal caus\u00f3 da\u00f1os en viviendas, comercios y diferentes servicios. De acuerdo con el relevamiento inicial, se produjeron ca\u00eddas de postes telef\u00f3nicos y del tendido el\u00e9ctrico, adem\u00e1s de estructuras utilizadas para brindar conectividad a internet. Tambi\u00e9n se registraron voladuras de techos. <\/p>\n<p><!-- is a <br \/>--><\/p>\n<p>\u00a0<\/p>\n<p><!-- is a <br \/>--><\/p>\n<p>Las primeras evaluaciones contabilizaban <b>tres familias afectadas dentro del casco urbano<\/b>, adem\u00e1s de comercios que sufrieron consecuencias por las fuertes r\u00e1fagas. Sin embargo, las autoridades todav\u00eda no hab\u00edan conseguido determinar qu\u00e9 ocurri\u00f3 en colonias y parajes rurales, por lo que el n\u00famero de damnificados podr\u00eda modificarse a medida que avance el relevamiento. <\/p>\n<p><!-- is a <br \/>--><\/p>\n<p>\u00a0<\/p>\n<p><!-- is a <br \/>--><\/p>\n<p>Entre los sectores afectados se encuentra la avenida San Mart\u00edn, donde hubo voladuras de techos en establecimientos comerciales. En avenida Rivadavia se reportaron postes telef\u00f3nicos derribados, mientras que en inmediaciones del barrio Maracan\u00e1 y la terminal de \u00f3mnibus tambi\u00e9n se registraron da\u00f1os en el tendido el\u00e9ctrico. <\/p>\n<p><!-- is a <br \/>--><\/p>\n<p><!-- is a object --><br \/>\n<!-- embed start --><\/p>\n<figure class=\"embed\">\n<p>    <img decoding=\"async\" src=\"https:\/\/elonce-media.elonce.com\/fotos\/2026\/08\/31\/e_1788181866_15905.webp\" loading=\"lazy\" width=\"600\" height=\"400\" alt=\"Posible tornado caus\u00f3 importantes da\u00f1os en El Soberbio (foto Misiones online)\"\/><figcaption>\n            <span>Posible tornado caus\u00f3 importantes da\u00f1os en El Soberbio (foto Misiones online)<\/span><br \/>\n        <\/figcaption><\/figure>\n<p><!-- embed end --><br \/>\n<!-- end object --><\/p>\n<p>Como consecuencia del fen\u00f3meno, <b>El Soberbio qued\u00f3 sin suministro de energ\u00eda el\u00e9ctrica<\/b> y cuadrillas de Energ\u00eda de Misiones comenzaron a recorrer las instalaciones para establecer el alcance de las aver\u00edas. Seg\u00fan se inform\u00f3, el temporal afect\u00f3 l\u00edneas de media tensi\u00f3n que abastecen al casco urbano y tambi\u00e9n a sectores rurales y colonias. <\/p>\n<p><!-- is a <br \/>--><\/p>\n<p>\u00a0<\/p>\n<p><!-- is a <br \/>--><\/p>\n<p>Los trabajos se concentran inicialmente en recuperar las redes de media tensi\u00f3n para luego avanzar sobre las instalaciones de baja tensi\u00f3n y atender situaciones particulares de los usuarios. La ca\u00edda de postes y otros elementos de infraestructura complicaba la normalizaci\u00f3n del servicio. <\/p>\n<p><!-- is a <br \/>--><\/p>\n<p><!-- is a object --><br \/>\n<!-- embed start --><!-- embed end --><br \/>\n<!-- end object --><\/p>\n<p><!-- is a object --><\/p>\n<h3>Activaron un comit\u00e9 de crisis<\/h3>\n<p><!-- end object --><\/p>\n<p>\u00a0<\/p>\n<p><!-- is a <br \/>--><\/p>\n<p>Frente a la magnitud del temporal, se activ\u00f3 un esquema de trabajo conjunto entre diferentes organismos. <b>Polic\u00eda, Bomberos y cuadrillas municipales<\/b> se desplegaron para despejar sectores afectados, evaluar los da\u00f1os y asistir a las familias damnificadas. <\/p>\n<p><!-- is a <br \/>--><\/p>\n<p>\u00a0<\/p>\n<p><!-- is a <br \/>--><\/p>\n<p>Leiva se\u00f1al\u00f3 que todav\u00eda no existe una estimaci\u00f3n definitiva de las p\u00e9rdidas y anticip\u00f3 que, una vez completado el relevamiento, podr\u00edan solicitar colaboraci\u00f3n al Gobierno provincial. \u201cTodav\u00eda no hicimos una evaluaci\u00f3n clara de los da\u00f1os que ha provocado y ah\u00ed seguramente, si tenemos que pedir ayuda, seguramente lo vamos a hacer\u201d, expres\u00f3. <\/p>\n<p><!-- is a <br \/>--><\/p>\n<p><!-- is a object --><br \/>\n<!-- embed start --><!-- embed end --><br \/>\n<!-- end object --><\/p>\n<p>El episodio ocurri\u00f3 pocos d\u00edas despu\u00e9s de otra situaci\u00f3n meteorol\u00f3gica adversa en la zona. Durante el fin de semana, una fuerte granizada hab\u00eda obligado al municipio a brindar asistencia a <b>m\u00e1s de 14 familias<\/b>, por lo que las nuevas consecuencias del temporal profundizaron la preocupaci\u00f3n de las autoridades. <\/p>\n<p><!-- is a <br \/>--><\/p>\n<p>\u00a0<\/p>\n<p><!-- is a <br \/>--><\/p>\n<p>El intendente advirti\u00f3 adem\u00e1s que existe inquietud ante la posibilidad de nuevos fen\u00f3menos severos durante los pr\u00f3ximos meses. Seg\u00fan explic\u00f3, el municipio cuenta con herramientas y procedimientos principalmente orientados a afrontar inundaciones, mientras que un episodio con vientos de semejante intensidad representa otro tipo de desaf\u00edo. <\/p>\n<p><!-- is a <br \/>--><\/p>\n<p>\u00a0<\/p>\n<p><!-- is a <br \/>--><\/p>\n<p>\u201cEstamos preparados m\u00e1s para el tema de la inundaci\u00f3n y no tanto con esto que hoy nos sorprendi\u00f3: el tornado, por ejemplo, o una lluvia que no s\u00e9 cu\u00e1ndo ha ca\u00eddo en tan poco tiempo\u201d, indic\u00f3 Leiva, quien mencion\u00f3 a septiembre, octubre y noviembre como meses en los que ser\u00e1 necesario mantener especial atenci\u00f3n sobre las condiciones meteorol\u00f3gicas. <\/p>\n<p><!-- is a <br \/>--><\/p>\n<p><!-- is a object --><br \/>\n<!-- embed start --><!-- embed end --><br \/>\n<!-- end object --><\/p>\n<p>Otro punto que comenzar\u00e1 a evaluarse una vez que mejoren las condiciones es el <b>impacto sobre la producci\u00f3n rural<\/b>. El jefe comunal se\u00f1al\u00f3 que todav\u00eda no existe un panorama completo sobre las colonias, pero consider\u00f3 que las p\u00e9rdidas productivas podr\u00edan convertirse en una de las consecuencias m\u00e1s importantes del fen\u00f3meno. \u201cEl da\u00f1o productivo va a ser lo m\u00e1s complicado que vamos a tener en la zona\u201d, sostuvo. <\/p>\n<p><!-- is a <br \/>--><\/p>\n<p>\u00a0<\/p>\n<p><!-- is a <br \/>--><\/p>\n<p>Mientras contin\u00faan las tareas de asistencia y restituci\u00f3n de servicios, las autoridades pidieron a los habitantes mantenerse atentos ante la continuidad de las precipitaciones. \u201cHay que prepararse nom\u00e1s y ojal\u00e1 Dios quiera que lo \u00fanico que uno no quiere perder es vida; el resto de los materiales uno sabe, se va a recuperar\u201d, expres\u00f3 el intendente.<\/p>\n<\/p><\/div>\n","protected":false},"excerpt":{"rendered":"<p>Un posible tornado golpe\u00f3 El Soberbio durante un fuerte temporal registrado en la ma\u00f1ana de este lunes y provoc\u00f3 importantes da\u00f1os en diferentes sectores de la localidad misionera. El fen\u00f3meno estuvo acompa\u00f1ado por intensas r\u00e1fagas de viento y abundantes precipitaciones en pocos minutos, con un saldo preliminar de al menos tres familias afectadas, voladuras de [&hellip;]<\/p>\n","protected":false},"author":1,"featured_media":24404,"comment_status":"open","ping_status":"open","sticky":false,"template":"","format":"standard","meta":{"footnotes":""},"categories":[1],"tags":[],"class_list":["post-24403","post","type-post","status-publish","format-standard","has-post-thumbnail","hentry","category-uncategorized"],"_links":{"self":[{"href":"https:\/\/cliente1.publisher.highstack.com.ar\/index.php?rest_route=\/wp\/v2\/posts\/24403","targetHints":{"allow":["GET"]}}],"collection":[{"href":"https:\/\/cliente1.publisher.highstack.com.ar\/index.php?rest_route=\/wp\/v2\/posts"}],"about":[{"href":"https:\/\/cliente1.publisher.highstack.com.ar\/index.php?rest_route=\/wp\/v2\/types\/post"}],"author":[{"embeddable":true,"href":"https:\/\/cliente1.publisher.highstack.com.ar\/index.php?rest_route=\/wp\/v2\/users\/1"}],"replies":[{"embeddable":true,"href":"https:\/\/cliente1.publisher.highstack.com.ar\/index.php?rest_route=%2Fwp%2Fv2%2Fcomments&post=24403"}],"version-history":[{"count":0,"href":"https:\/\/cliente1.publisher.highstack.com.ar\/index.php?rest_route=\/wp\/v2\/posts\/24403\/revisions"}],"wp:featuredmedia":[{"embeddable":true,"href":"https:\/\/cliente1.publisher.highstack.com.ar\/index.php?rest_route=\/wp\/v2\/media\/24404"}],"wp:attachment":[{"href":"https:\/\/cliente1.publisher.highstack.com.ar\/index.php?rest_route=%2Fwp%2Fv2%2Fmedia&parent=24403"}],"wp:term":[{"taxonomy":"category","embeddable":true,"href":"https:\/\/cliente1.publisher.highstack.com.ar\/index.php?rest_route=%2Fwp%2Fv2%2Fcategories&post=24403"},{"taxonomy":"post_tag","embeddable":true,"href":"https:\/\/cliente1.publisher.highstack.com.ar\/index.php?rest_route=%2Fwp%2Fv2%2Ftags&post=24403"}],"curies":[{"name":"wp","href":"https:\/\/api.w.org\/{rel}","templated":true}]}}