{"id":24401,"date":"2026-08-31T10:33:07","date_gmt":"2026-08-31T13:33:07","guid":{"rendered":"https:\/\/cliente1.publisher.highstack.com.ar\/?p=24401"},"modified":"2026-08-31T10:33:07","modified_gmt":"2026-08-31T13:33:07","slug":"preocupacion-por-el-super-nino-un-sector-golpeado-alerta-que-las-lluvias-paralizaran-la-actividad","status":"publish","type":"post","link":"https:\/\/cliente1.publisher.highstack.com.ar\/?p=24401","title":{"rendered":"Preocupaci\u00f3n por el \u201cS\u00faper Ni\u00f1o\u201d: un sector golpeado alerta que las lluvias paralizar\u00e1n la actividad"},"content":{"rendered":"<p><\/p>\n<div class=\"sc-45461e9c-0 eqiBeF container-text text-embed \" id=\"element-body-0\">\n<p>El pron\u00f3stico de la llegada de una temporada de fuertes lluvias conocido como &#8220;El Ni\u00f1o&#8221; o &#8220;S\u00faper Ni\u00f1o&#8221; por su marcada intensidad <strong>inquieta no solo al campo<\/strong>, el principal generador de d\u00f3lares en la Argentina, sino tambi\u00e9n a los directivos de uno de los sectores m\u00e1s golpeados por el modelo econ\u00f3mico de Javier Milei, que es la construcci\u00f3n.<\/p>\n<\/div>\n<div class=\"sc-45461e9c-0 eqiBeF container-text text-embed \" id=\"element-body-1\">\n<p>La actividad, generalmente al aire libre, se paraliza por cuestiones de seguridad cuando hay lluvias y hasta puede impactar en los balances de las empresas si se suceden varios d\u00edas sin poder trabajar.<\/p>\n<\/div>\n<div class=\"sc-45461e9c-0 eqiBeF container-text text-embed \" id=\"element-body-2\">\n<p>Un punto cr\u00edtico es la log\u00edstica del traslado de la arena para la fractura hidr\u00e1ulica en los campos petroleros de Vaca Muerta, desde Entre R\u00edos hasta Neuqu\u00e9n, seg\u00fan advirti\u00f3 el consultor Roberto Lino Blanco.<\/p>\n<\/div>\n<div class=\"sc-45461e9c-0 eqiBeF container-text text-embed \" id=\"element-body-3\">\n<p>Por ahora, el temor a El Ni\u00f1o es solamente un comentario en voz baja en la industria y no forma parte de la agenda de las empresas -de hecho, todav\u00eda no se discuti\u00f3 en la c\u00e1mara-, que discurre entre las tareas que generan las concesiones de 9.000 kil\u00f3metros de rutas nacionales (que se terminaron de firmar esta semana), los proyectos de energ\u00eda y las expectativas por el crecimiento de la miner\u00eda.<\/p>\n<\/div>\n<div class=\"sc-45461e9c-0 eqiBeF container-text text-embed \" id=\"element-body-4\">\n<p>Adem\u00e1s, se sum\u00f3 este mi\u00e9rcoles el anuncio oficial de que se impulsar\u00e1n a los cr\u00e9ditos hipotecarios, que es el motor que podr\u00eda definitivamente reactivar a la construcci\u00f3n.<\/p>\n<\/div>\n<div class=\"sc-45461e9c-0 eqiBeF container-text text-embed \" id=\"element-body-5\">\n<p>De acuerdo a los datos del Instituto Nacional de Estad\u00edstica y Censos (Indec), <strong>en el primer semestre la actividad de la construcci\u00f3n creci\u00f3 un 2,8%<\/strong> frente al mismo per\u00edodo del a\u00f1o anterior. As\u00ed, se mantiene por encima de las etapas m\u00e1s cr\u00edticas de la pandemia y el inicio del ajuste de Milei, pero muy por debajo de su din\u00e1mica durante los \u00faltimos 15 a\u00f1os.<\/p>\n<\/div>\n<div class=\"sc-45461e9c-0 eqiBeF container-text text-embed \" id=\"element-body-6\">\n<p>Hacia adelante, el 71,1% de las empresas que realizan principalmente obras privadas prev\u00e9 que el nivel de actividad del sector no cambiar\u00e1 durante este trimestre, mientras que 16,8% estima que disminuir\u00e1 y 12,1%, que aumentar\u00e1; y entre las empresas dedicadas a la obra p\u00fablica, 52,8% opina que el nivel de actividad no cambiar\u00e1, mientras que 29,2% cree que disminuir\u00e1 y 18,0%, que aumentar\u00e1.<\/p>\n<\/div>\n<div class=\"sc-45461e9c-0 eqiBeF container-text text-embed \" id=\"element-body-7\">\n<p>Por su lado, los despachos de cemento mostraron en julio una ca\u00edda interanual de 8,2% y acumulan en el a\u00f1o una baja de 3,6%. Las compa\u00f1\u00edas como Loma Negra, Holcim, PCR y Cementos Avellaneda conf\u00edan en que durante el segundo semestre se dar\u00e1 vuelta la actividad y terminar\u00e1n el a\u00f1o estables.<\/p>\n<\/div>\n<div class=\"sc-45461e9c-0 eqiBeF container-text text-embed \" id=\"element-body-8\">\n<p>Las dudas se producen en un escenario donde el gasto p\u00fablico en Vialidad est\u00e1 un 80% real (descontando el efecto de la inflaci\u00f3n) por debajo de 2023 y en los menores niveles en los \u00faltimos 30 a\u00f1os, seg\u00fan la Asociaci\u00f3n Civil por la Igualdad y la Justicia (ACIJ). En este 2026 est\u00e1n presupuestados unos $ 563.000 millones.<\/p>\n<\/div>\n<div class=\"sc-45461e9c-0 eqiBeF container-text text-embed \" id=\"element-body-9\">\n<p>Asimismo, m\u00e1s de la mitad de las rutas nacionales se encuentran en &#8220;regular&#8221; o &#8220;mal&#8221; estado.<\/p>\n<\/div>\n","protected":false},"excerpt":{"rendered":"<p>El pron\u00f3stico de la llegada de una temporada de fuertes lluvias conocido como &#8220;El Ni\u00f1o&#8221; o &#8220;S\u00faper Ni\u00f1o&#8221; por su marcada intensidad inquieta no solo al campo, el principal generador de d\u00f3lares en la Argentina, sino tambi\u00e9n a los directivos de uno de los sectores m\u00e1s golpeados por el modelo econ\u00f3mico de Javier Milei, que [&hellip;]<\/p>\n","protected":false},"author":1,"featured_media":24402,"comment_status":"open","ping_status":"open","sticky":false,"template":"","format":"standard","meta":{"footnotes":""},"categories":[1],"tags":[4],"class_list":["post-24401","post","type-post","status-publish","format-standard","has-post-thumbnail","hentry","category-uncategorized","tag-entre-rios"],"_links":{"self":[{"href":"https:\/\/cliente1.publisher.highstack.com.ar\/index.php?rest_route=\/wp\/v2\/posts\/24401","targetHints":{"allow":["GET"]}}],"collection":[{"href":"https:\/\/cliente1.publisher.highstack.com.ar\/index.php?rest_route=\/wp\/v2\/posts"}],"about":[{"href":"https:\/\/cliente1.publisher.highstack.com.ar\/index.php?rest_route=\/wp\/v2\/types\/post"}],"author":[{"embeddable":true,"href":"https:\/\/cliente1.publisher.highstack.com.ar\/index.php?rest_route=\/wp\/v2\/users\/1"}],"replies":[{"embeddable":true,"href":"https:\/\/cliente1.publisher.highstack.com.ar\/index.php?rest_route=%2Fwp%2Fv2%2Fcomments&post=24401"}],"version-history":[{"count":0,"href":"https:\/\/cliente1.publisher.highstack.com.ar\/index.php?rest_route=\/wp\/v2\/posts\/24401\/revisions"}],"wp:featuredmedia":[{"embeddable":true,"href":"https:\/\/cliente1.publisher.highstack.com.ar\/index.php?rest_route=\/wp\/v2\/media\/24402"}],"wp:attachment":[{"href":"https:\/\/cliente1.publisher.highstack.com.ar\/index.php?rest_route=%2Fwp%2Fv2%2Fmedia&parent=24401"}],"wp:term":[{"taxonomy":"category","embeddable":true,"href":"https:\/\/cliente1.publisher.highstack.com.ar\/index.php?rest_route=%2Fwp%2Fv2%2Fcategories&post=24401"},{"taxonomy":"post_tag","embeddable":true,"href":"https:\/\/cliente1.publisher.highstack.com.ar\/index.php?rest_route=%2Fwp%2Fv2%2Ftags&post=24401"}],"curies":[{"name":"wp","href":"https:\/\/api.w.org\/{rel}","templated":true}]}}