{"id":24400,"date":"2026-08-31T10:13:17","date_gmt":"2026-08-31T13:13:17","guid":{"rendered":"https:\/\/cliente1.publisher.highstack.com.ar\/?p=24400"},"modified":"2026-08-31T10:13:17","modified_gmt":"2026-08-31T13:13:17","slug":"la-justicia-electoral-de-brasil-suspendio-una-campana-de-lula-da-silva-contra-flavio-bolsonaro","status":"publish","type":"post","link":"https:\/\/cliente1.publisher.highstack.com.ar\/?p=24400","title":{"rendered":"La Justicia Electoral de Brasil suspendi\u00f3 una campa\u00f1a de Lula da Silva contra Fl\u00e1vio Bolsonaro"},"content":{"rendered":"<div id=\"\">\n<p id=\"p-1788178241067-24478\">El Tribunal Superior Electoral (TSE) de <strong>Brasil <\/strong>orden\u00f3 <strong>suspender una pieza de campa\u00f1a <\/strong>de <strong>Luiz In\u00e1cio Lula da Silva<\/strong> contra <strong>Fl\u00e1vio Bolsonaro<\/strong>, luego de considerar que difund\u00eda acusaciones de manera descontextualizada. La medida fue dispuesta por la ministra Estela Aranha, quien cuestion\u00f3 el contenido del anuncio y su posible impacto sobre los votantes.<\/p>\n<\/div>\n<div id=\"\">\n<p id=\"p-1788178703499-88658\" class=\"\">La resoluci\u00f3n fue dictada este domingo 30 de agosto por <strong>Estela Aranha<\/strong>, ministra del TSE, a partir de una demanda presentada por Fl\u00e1vio Bolsonaro, senador del Partido Liberal (PL) y candidato al Palacio de Planalto.<\/p>\n<\/div>\n<div id=\"\">\n<p id=\"p-1788178703499-14191\" class=\"\"> La pieza, titulada <strong>\u201cConoce el curr\u00edculum de Fl\u00e1vio Bolsonaro\u201d<\/strong>, hab\u00eda sido difundida por la campa\u00f1a de Lula y tambi\u00e9n form\u00f3 parte del primer programa electoral televisivo del presidente, emitido el s\u00e1bado 29 de agosto.<\/p>\n<\/div>\n<div id=\"\">\n<p id=\"p-1788179743732-40503\" class=\"\">El anuncio utilizaba el formato de un supuesto curr\u00edculum para presentar una serie de acusaciones contra Fl\u00e1vio. Entre ellas, lo se\u00f1alaba como <strong>\u201cempleado fantasma\u201d<\/strong>, lo vinculaba con acusaciones de lavado de dinero y organizaci\u00f3n criminal en el caso de la <strong>\u201crachadinha\u201d,<\/strong> afirmaba que hab\u00eda sido homenajeado como<strong> \u201cl\u00edder del mayor grupo de sicarios de R\u00edo de Janeiro\u201d<\/strong> y sosten\u00eda que hab\u00eda sido captado por la Polic\u00eda Federal pidiendo 134 millones en el esc\u00e1ndalo del Banco Master.<\/p>\n<\/div>\n<div id=\"\">\n<div contenteditable=\"false\" class=\"embed_cont type_imagen\" id=\"8271653-Libre-1367914629_wrap\">\n<div id=\"8271653-Libre-1367914629_content\" class=\"embed_content\"><img src=\"https:\/\/media.ambito.com\/p\/92fe6737658d9d4cadf87dfde03f9b16\/adjuntos\/239\/imagenes\/043\/613\/0043613231\/730x0\/smart\/flavio-bolsonaro.jpg\" decoding=\"async\" fetchpriority=\"low\" loading=\"lazy\" alt=\"\" title=\"\" width=\"730\" height=\"undefined\" id=\"8271653-Libre-1367914629_embed\"\/><\/div>\n<\/p><\/div>\n<h2 id=\"p-1788178703499-56285\">La Justicia cuestion\u00f3 c\u00f3mo se presentaron las acusaciones<\/h2>\n<p id=\"p-1788178703499-49881\" class=\"\">En su decisi\u00f3n, Aranha sostuvo que el material <strong>\u201cexcede los l\u00edmites de la cr\u00edtica pol\u00edtica admisible\u201d<\/strong> y cuestion\u00f3 que la pieza construyera una relaci\u00f3n entre Fl\u00e1vio y organizaciones criminales sin aportar elementos suficientes para respaldarla.<\/p>\n<\/div>\n<div id=\"\">\n<p id=\"p-1788178703499-5744\" class=\"\">Seg\u00fan la ministra, el anuncio presenta una narrativa sobre la supuesta participaci\u00f3n del senador en delitos <strong>\u201csin indicar ning\u00fan dato concreto, investigaci\u00f3n formal o acusaci\u00f3n legal que respalde las alegaciones\u201d<\/strong>.<\/p>\n<p id=\"p-1788178703499-16410\" class=\"\">Uno de los principales puntos analizados fue la referencia al caso de la <strong>\u201crachadinha\u201d<\/strong>. Aranha consider\u00f3 que la campa\u00f1a parte de un hecho ver\u00eddico al mencionar que Fl\u00e1vio fue acusado, pero se\u00f1al\u00f3 que omite informaci\u00f3n relevante: la acusaci\u00f3n fue desestimada y <strong>no hubo una condena<\/strong> contra el senador.<\/p>\n<p id=\"p-1788179975001-73605\" class=\"\">Para la magistrada, esa omisi\u00f3n modifica el sentido de la informaci\u00f3n presentada al electorado. El anuncio, seg\u00fan su interpretaci\u00f3n, transmite una situaci\u00f3n que <strong>\u201cno se corresponde con la realidad\u201d<\/strong> al presentar a Fl\u00e1vio como acusado de lavado de dinero y crimen organizado. Por ese motivo, calific\u00f3 la manera en que se utiliz\u00f3 el antecedente como una <strong>\u201cgrave descontextualizaci\u00f3n\u201d<\/strong>.<\/p>\n<div contenteditable=\"false\" class=\"embed_cont type_imagen\" id=\"8167032-Libre-1238588001_wrap\">\n<div id=\"8167032-Libre-1238588001_content\" class=\"embed_content\"><img src=\"https:\/\/media.ambito.com\/p\/00485fed8e32d44c474204f6e6875210\/adjuntos\/239\/imagenes\/043\/043\/0043043283\/lula-da-silva.jpg?2025-12-20-11-29-48\" decoding=\"async\" fetchpriority=\"high\" loading=\"eager\" crossorigin=\"anonymous\" alt=\"\" title=\"\" width=\"730\" height=\"410\" id=\"8167032-Libre-1238588001_embed\"\/><\/div>\n<\/p><\/div>\n<h2 id=\"p-1788178703499-69311\">Qu\u00e9 resolvi\u00f3 el Tribunal Electoral<\/h2>\n<p id=\"p-1788178703499-42550\" class=\"\">La resoluci\u00f3n tambi\u00e9n hizo foco en el formato elegido por la campa\u00f1a. Para Aranha, presentar las acusaciones como si fueran parte de un <strong>curr\u00edculum con apariencia documental<\/strong> puede generar una percepci\u00f3n equivocada en el votante sobre la existencia, el alcance y el significado de los hechos mencionados.<\/p>\n<p id=\"p-1788178703499-98170\" class=\"\">A partir de la orden judicial, <strong>Lula y su coalici\u00f3n no podr\u00e1n continuar difundiendo el material de campa\u00f1a<\/strong> hasta que el caso sea resuelto. Adem\u00e1s, el TSE dispuso que las cadenas de televisi\u00f3n sean notificadas de inmediato para garantizar el cumplimiento de la medida.<\/p>\n<p id=\"p-1788178703499-68959\" class=\"\">La presentaci\u00f3n judicial hab\u00eda sido realizada por <strong>Fl\u00e1vio Bolsonaro<\/strong>, quien adem\u00e1s solicit\u00f3 que se le otorgue el derecho de r\u00e9plica. Como parte del procedimiento, Aranha le orden\u00f3 presentar en un plazo de 24 horas el texto que pretende utilizar para responder al contenido difundido por la campa\u00f1a de Lula.<\/p>\n<p id=\"p-1788178703499-43786\">Despu\u00e9s de esa presentaci\u00f3n, <strong>Lula y la coalici\u00f3n ser\u00e1n citados para presentar su defensa<\/strong>. Finalmente, el expediente ser\u00e1 enviado a la Fiscal\u00eda General Electoral para que realice la revisi\u00f3n correspondiente.<\/p>\n<\/div>\n<p><script>\n!function(f,b,e,v,n,t,s)\n{if(f.fbq)return;n=f.fbq=function(){n.callMethod?\nn.callMethod.apply(n,arguments):n.queue.push(arguments)};\nif(!f._fbq)f._fbq=n;n.push=n;n.loaded=!0;n.version='2.0';\nn.queue=[];t=b.createElement(e);t.async=!0;\nt.src=v;s=b.getElementsByTagName(e)[0];\ns.parentNode.insertBefore(t,s)}(window,document,'script',\n'\nfbq('init', '2047048335588113');\nfbq('track', 'PageView');\n<\/script><\/p>\n","protected":false},"excerpt":{"rendered":"<p>El Tribunal Superior Electoral (TSE) de Brasil orden\u00f3 suspender una pieza de campa\u00f1a de Luiz In\u00e1cio Lula da Silva contra Fl\u00e1vio Bolsonaro, luego de considerar que difund\u00eda acusaciones de manera descontextualizada. La medida fue dispuesta por la ministra Estela Aranha, quien cuestion\u00f3 el contenido del anuncio y su posible impacto sobre los votantes. La resoluci\u00f3n [&hellip;]<\/p>\n","protected":false},"author":1,"featured_media":22392,"comment_status":"open","ping_status":"open","sticky":false,"template":"","format":"standard","meta":{"footnotes":""},"categories":[1],"tags":[],"class_list":["post-24400","post","type-post","status-publish","format-standard","has-post-thumbnail","hentry","category-uncategorized"],"_links":{"self":[{"href":"https:\/\/cliente1.publisher.highstack.com.ar\/index.php?rest_route=\/wp\/v2\/posts\/24400","targetHints":{"allow":["GET"]}}],"collection":[{"href":"https:\/\/cliente1.publisher.highstack.com.ar\/index.php?rest_route=\/wp\/v2\/posts"}],"about":[{"href":"https:\/\/cliente1.publisher.highstack.com.ar\/index.php?rest_route=\/wp\/v2\/types\/post"}],"author":[{"embeddable":true,"href":"https:\/\/cliente1.publisher.highstack.com.ar\/index.php?rest_route=\/wp\/v2\/users\/1"}],"replies":[{"embeddable":true,"href":"https:\/\/cliente1.publisher.highstack.com.ar\/index.php?rest_route=%2Fwp%2Fv2%2Fcomments&post=24400"}],"version-history":[{"count":0,"href":"https:\/\/cliente1.publisher.highstack.com.ar\/index.php?rest_route=\/wp\/v2\/posts\/24400\/revisions"}],"wp:featuredmedia":[{"embeddable":true,"href":"https:\/\/cliente1.publisher.highstack.com.ar\/index.php?rest_route=\/wp\/v2\/media\/22392"}],"wp:attachment":[{"href":"https:\/\/cliente1.publisher.highstack.com.ar\/index.php?rest_route=%2Fwp%2Fv2%2Fmedia&parent=24400"}],"wp:term":[{"taxonomy":"category","embeddable":true,"href":"https:\/\/cliente1.publisher.highstack.com.ar\/index.php?rest_route=%2Fwp%2Fv2%2Fcategories&post=24400"},{"taxonomy":"post_tag","embeddable":true,"href":"https:\/\/cliente1.publisher.highstack.com.ar\/index.php?rest_route=%2Fwp%2Fv2%2Ftags&post=24400"}],"curies":[{"name":"wp","href":"https:\/\/api.w.org\/{rel}","templated":true}]}}