{"id":24398,"date":"2026-08-31T10:07:00","date_gmt":"2026-08-31T13:07:00","guid":{"rendered":"https:\/\/cliente1.publisher.highstack.com.ar\/?p=24398"},"modified":"2026-08-31T10:07:00","modified_gmt":"2026-08-31T13:07:00","slug":"un-auto-ardio-en-llamas-en-parana-y-se-investiga-si-el-incendio-fue-intencional","status":"publish","type":"post","link":"https:\/\/cliente1.publisher.highstack.com.ar\/?p=24398","title":{"rendered":"Un auto ardi\u00f3 en llamas en Paran\u00e1 y se investiga si el incendio fue intencional"},"content":{"rendered":"<p><\/p>\n<div>\n<p>Un <b>auto se incendi\u00f3 en Avenida Ram\u00edrez y calle Coronel Pringles<\/b>, en Paran\u00e1, durante la ma\u00f1ana de este lunes y registr\u00f3 importantes da\u00f1os materiales como consecuencia de las llamas. Bomberos Zapadores trabajaron para extinguir el fuego y comenzaron las tareas destinadas a determinar su origen, mientras surgi\u00f3 en el lugar una versi\u00f3n que plantea la posibilidad de que el episodio haya sido intencional.  <\/p>\n<p><!-- is a <br \/>--><\/p>\n<p>\u00a0<\/p>\n<p><!-- is a <br \/>--><\/p>\n<p>El hecho ocurri\u00f3 en una transitada intersecci\u00f3n de la capital entrerriana y fue registrado por <i>Elonce<\/i> pocos minutos despu\u00e9s de iniciado el incendio. El veh\u00edculo, un Renault Megane de color gris, hab\u00eda quedado estacionado sobre calle Coronel Pringles, a metros de Avenida Ram\u00edrez, y pertenecer\u00eda a un trabajador que se encontraba desempe\u00f1ando tareas en un comercio ubicado en las inmediaciones.  <\/p>\n<p><!-- is a <br \/>--><\/p>\n<p>\u00a0<\/p>\n<p><!-- is a <br \/>--><\/p>\n<p>Las llamas provocaron importantes da\u00f1os en la carrocer\u00eda y alcanzaron especialmente uno de los laterales del autom\u00f3vil. Puertas, espejos y otras partes exteriores quedaron afectadas por las altas temperaturas, mientras una intensa columna de humo pudo observarse durante los primeros minutos. Personal del 911 lleg\u00f3 r\u00e1pidamente al lugar y posteriormente intervinieron Bomberos Zapadores, que completaron las tareas para extinguir el fuego.  <\/p>\n<p><!-- is a <br \/>--><\/p>\n<p><!-- is a object --><br \/>\n<!-- embed start --><\/p>\n<figure class=\"embed\">\n<p>    <img decoding=\"async\" src=\"https:\/\/elonce-media.elonce.com\/fotos\/2026\/08\/31\/e_1788179666_9157.webp\" loading=\"lazy\" width=\"600\" height=\"400\" alt=\"Un auto ardi\u00f3 en llamas en Paran\u00e1 (foto Elonce)\"\/><figcaption>\n            <span>Un auto ardi\u00f3 en llamas en Paran\u00e1 (foto Elonce)<\/span><br \/>\n        <\/figcaption><\/figure>\n<p><!-- embed end --><br \/>\n<!-- end object --><\/p>\n<p><!-- is a object --><\/p>\n<h3>Un testimonio abri\u00f3 la hip\u00f3tesis de un incendio intencional<\/h3>\n<p><!-- end object --><\/p>\n<p>\u00a0<\/p>\n<p><!-- is a <br \/>--><\/p>\n<p>En un primer momento no exist\u00edan precisiones sobre las causas del incendio y se evaluaba la posibilidad de alg\u00fan desperfecto originado en el propio veh\u00edculo. Sin embargo, durante la cobertura de <i>Elonce<\/i> surgi\u00f3 un testimonio que abri\u00f3 otra l\u00ednea: un hombre que se encontraba en el lugar manifest\u00f3 que, seg\u00fan le hab\u00edan comentado, <b>una persona que circulaba en una moto blanca habr\u00eda arrojado un bid\u00f3n con nafta hacia el autom\u00f3vil antes del incendio<\/b>.  <\/p>\n<p><!-- is a <br \/>--><\/p>\n<p>\u00a0<\/p>\n<p><!-- is a <br \/>--><\/p>\n<p>En las inmediaciones del Renault Megane pod\u00eda observarse un recipiente pl\u00e1stico, aunque hasta el momento no se confirm\u00f3 oficialmente qu\u00e9 conten\u00eda ni si efectivamente guarda relaci\u00f3n con el inicio del fuego.  <\/p>\n<p><!-- is a <br \/>--><\/p>\n<p>\u00a0<\/p>\n<p><!-- is a <br \/>--><\/p>\n<p>La presencia de l\u00edquido sobre la calzada tambi\u00e9n llam\u00f3 la atenci\u00f3n de quienes se encontraban en el lugar. Inicialmente se consider\u00f3 que podr\u00eda tratarse de combustible proveniente del propio autom\u00f3vil, pero el testimonio recogido posteriormente plante\u00f3 la posibilidad de que hubiera sido arrojado desde el exterior. Esa circunstancia deber\u00e1 ser establecida mediante las pericias correspondientes.  <\/p>\n<p><!-- is a <br \/>--><\/p>\n<p>\u00a0<\/p>\n<p><!-- is a <br \/>--><\/p>\n<p>Por el momento, <b>no existe confirmaci\u00f3n oficial de que el veh\u00edculo haya sido incendiado de manera intencional<\/b>. Los Bomberos Zapadores deber\u00e1n examinar el Renault Megane para determinar d\u00f3nde comenz\u00f3 el fuego, qu\u00e9 elementos pudieron provocarlo y si existen indicios compatibles con la intervenci\u00f3n de terceros.  <\/p>\n<p><!-- is a <br \/>--><\/p>\n<p><!-- is a object --><br \/>\n<!-- embed start --><\/p>\n<figure class=\"embed\">\n<p>    <img decoding=\"async\" src=\"https:\/\/elonce-media.elonce.com\/fotos\/2026\/08\/31\/e_1788179666_23809.webp\" loading=\"lazy\" width=\"600\" height=\"400\" alt=\"Un auto ardi\u00f3 en llamas en Paran\u00e1 (foto Elonce)\"\/><figcaption>\n            <span>Un auto ardi\u00f3 en llamas en Paran\u00e1 (foto Elonce)<\/span><br \/>\n        <\/figcaption><\/figure>\n<p><!-- embed end --><br \/>\n<!-- end object --><\/p>\n<p><!-- is a object --><\/p>\n<h3>Las c\u00e1maras del 911 podr\u00edan ser claves<\/h3>\n<p><!-- end object --><\/p>\n<p>\u00a0<\/p>\n<p><!-- is a <br \/>--><\/p>\n<p>Otro elemento que podr\u00eda resultar importante para esclarecer lo ocurrido es la presencia de <b>c\u00e1maras de seguridad del sistema 911 en esa intersecci\u00f3n de Avenida Ram\u00edrez<\/b>. En caso de que los dispositivos hayan registrado el momento previo al incendio, las im\u00e1genes permitir\u00edan verificar si alguna persona se aproxim\u00f3 al autom\u00f3vil antes de que comenzaran las llamas.  <\/p>\n<p><!-- is a <br \/>--><\/p>\n<p>\u00a0<\/p>\n<p><!-- is a <br \/>--><\/p>\n<p>Vecinos y comerciantes consultados por <i>Elonce<\/i> se\u00f1alaron que observaron el veh\u00edculo cuando el incendio ya se encontraba avanzado y no pudieron aportar precisiones sobre c\u00f3mo se hab\u00eda iniciado. S\u00ed confirmaron que el Renault Megane pertenec\u00eda a un hombre que trabaja habitualmente en un comercio de la zona y que sol\u00eda dejar el autom\u00f3vil estacionado en las inmediaciones.  <\/p>\n<p><!-- is a <br \/>--><\/p>\n<p>\u00a0<\/p>\n<p><!-- is a <br \/>--><\/p>\n<p>\u201cSolo vimos el auto incendiado\u201d, manifest\u00f3 uno de los vecinos consultados, quien indic\u00f3 que toda la secuencia se desarroll\u00f3 r\u00e1pidamente. El propietario se encontrar\u00eda trabajando en un establecimiento comercial dedicado a la venta de l\u00e1cteos y fiambres ubicado en esa esquina.  <\/p>\n<p><!-- is a <br \/>--><\/p>\n<p><!-- is a object --><br \/>\n<!-- embed start --><\/p>\n<div class=\"embed embed-video\">\n<p>\n            <iframe loading=\"lazy\" title=\"Un auto se incendi\u00f3 sobre calle Pringles, a metros de Avenida Ram\u00edrez - 31\/08\/26\" width=\"500\" height=\"281\" src=\"https:\/\/www.youtube.com\/embed\/jILVi_SJX3k?feature=oembed\" frameborder=\"0\" allow=\"accelerometer; autoplay; clipboard-write; encrypted-media; gyroscope; picture-in-picture; web-share\" referrerpolicy=\"strict-origin-when-cross-origin\" allowfullscreen><\/iframe>\n        <\/p>\n<p>\n                <span>Un auto ardi\u00f3 en llamas en Paran\u00e1 y se investiga si el incendio fue intencional<\/span>\n            <\/p>\n<\/p><\/div>\n<p><!-- embed end --><br \/>\n<!-- end object --><\/p>\n<p>El tr\u00e1nsito habitual y la presencia de numerosos comercios hicieron que el incendio generara preocupaci\u00f3n entre vecinos y personas que circulaban por el sector. Una vez extinguidas las llamas, los Bomberos Zapadores comenzaron las primeras tareas sobre el veh\u00edculo, que qued\u00f3 con importantes da\u00f1os.  <\/p>\n<p><!-- is a <br \/>--><\/p>\n<p>\u00a0<\/p>\n<p><!-- is a <br \/>--><\/p>\n<p>La investigaci\u00f3n deber\u00e1 determinar ahora <b>si el incendio se produjo por una falla mec\u00e1nica o el\u00e9ctrica o si, como plantea el testimonio recogido en el lugar, existi\u00f3 una acci\u00f3n intencional<\/b>. En ese sentido, las pericias sobre el Renault Megane, el an\u00e1lisis del recipiente encontrado en las inmediaciones y la revisi\u00f3n de las c\u00e1maras de seguridad ser\u00e1n elementos centrales para reconstruir lo sucedido.<\/p>\n<\/p><\/div>\n","protected":false},"excerpt":{"rendered":"<p>Un auto se incendi\u00f3 en Avenida Ram\u00edrez y calle Coronel Pringles, en Paran\u00e1, durante la ma\u00f1ana de este lunes y registr\u00f3 importantes da\u00f1os materiales como consecuencia de las llamas. Bomberos Zapadores trabajaron para extinguir el fuego y comenzaron las tareas destinadas a determinar su origen, mientras surgi\u00f3 en el lugar una versi\u00f3n que plantea la [&hellip;]<\/p>\n","protected":false},"author":1,"featured_media":24399,"comment_status":"open","ping_status":"open","sticky":false,"template":"","format":"standard","meta":{"footnotes":""},"categories":[1],"tags":[],"class_list":["post-24398","post","type-post","status-publish","format-standard","has-post-thumbnail","hentry","category-uncategorized"],"_links":{"self":[{"href":"https:\/\/cliente1.publisher.highstack.com.ar\/index.php?rest_route=\/wp\/v2\/posts\/24398","targetHints":{"allow":["GET"]}}],"collection":[{"href":"https:\/\/cliente1.publisher.highstack.com.ar\/index.php?rest_route=\/wp\/v2\/posts"}],"about":[{"href":"https:\/\/cliente1.publisher.highstack.com.ar\/index.php?rest_route=\/wp\/v2\/types\/post"}],"author":[{"embeddable":true,"href":"https:\/\/cliente1.publisher.highstack.com.ar\/index.php?rest_route=\/wp\/v2\/users\/1"}],"replies":[{"embeddable":true,"href":"https:\/\/cliente1.publisher.highstack.com.ar\/index.php?rest_route=%2Fwp%2Fv2%2Fcomments&post=24398"}],"version-history":[{"count":0,"href":"https:\/\/cliente1.publisher.highstack.com.ar\/index.php?rest_route=\/wp\/v2\/posts\/24398\/revisions"}],"wp:featuredmedia":[{"embeddable":true,"href":"https:\/\/cliente1.publisher.highstack.com.ar\/index.php?rest_route=\/wp\/v2\/media\/24399"}],"wp:attachment":[{"href":"https:\/\/cliente1.publisher.highstack.com.ar\/index.php?rest_route=%2Fwp%2Fv2%2Fmedia&parent=24398"}],"wp:term":[{"taxonomy":"category","embeddable":true,"href":"https:\/\/cliente1.publisher.highstack.com.ar\/index.php?rest_route=%2Fwp%2Fv2%2Fcategories&post=24398"},{"taxonomy":"post_tag","embeddable":true,"href":"https:\/\/cliente1.publisher.highstack.com.ar\/index.php?rest_route=%2Fwp%2Fv2%2Ftags&post=24398"}],"curies":[{"name":"wp","href":"https:\/\/api.w.org\/{rel}","templated":true}]}}