{"id":24389,"date":"2026-08-31T09:33:42","date_gmt":"2026-08-31T12:33:42","guid":{"rendered":"https:\/\/cliente1.publisher.highstack.com.ar\/?p=24389"},"modified":"2026-08-31T09:33:42","modified_gmt":"2026-08-31T12:33:42","slug":"un-detenido-con-dosis-de-cocaina-heroina-y-metanfetamina-en-una-plaza-de-parana","status":"publish","type":"post","link":"https:\/\/cliente1.publisher.highstack.com.ar\/?p=24389","title":{"rendered":"Un detenido con dosis de coca\u00edna, hero\u00edna y metanfetamina en una plaza de Paran\u00e1"},"content":{"rendered":"<p><\/p>\n<div>\n<p>Un hombre <b>fue detenido con coca\u00edna, hero\u00edna, marihuana, anfetaminas y metanfetamina\/MDMA<\/b> durante un procedimiento realizado este domingo por la tarde en inmediaciones de Plaza Mart\u00edn Fierro, en Paran\u00e1. La intervenci\u00f3n se produjo cuando efectivos que desarrollaban recorridas preventivas observaron al sujeto y decidieron identificarlo.  <\/p>\n<p><!-- is a <br \/>--><\/p>\n<p>\u00a0<\/p>\n<p><!-- is a <br \/>--><\/p>\n<p>De acuerdo con la informaci\u00f3n policial, durante el procedimiento los funcionarios realizaron un palpado preventivo y advirtieron que el hombre llevaba consigo varios envoltorios que conten\u00edan diferentes sustancias. Ante esa situaci\u00f3n, fue demorado y se solicit\u00f3 la intervenci\u00f3n de personal especializado de Drogas Peligrosas.  <\/p>\n<p><!-- is a <br \/>--><\/p>\n<p>\u00a0<\/p>\n<p><!-- is a <br \/>--><\/p>\n<p>Los agentes realizaron posteriormente las pruebas y pesajes correspondientes sobre las sustancias encontradas. Como resultado del procedimiento, se inform\u00f3 el secuestro de <b>coca\u00edna, hero\u00edna, marihuana, anfetaminas y metanfetamina\/MDMA<\/b>, adem\u00e1s de dos tel\u00e9fonos celulares y un pendrive. La informaci\u00f3n proporcionada no precis\u00f3 las cantidades de cada una de las sustancias incautadas.  <\/p>\n<p><!-- is a <br \/>--><\/p>\n<p><!-- is a object --><br \/>\n<!-- embed start --><\/p>\n<figure class=\"embed\">\n<p>    <img decoding=\"async\" src=\"https:\/\/elonce-media.elonce.com\/fotos\/2026\/08\/31\/e_1788178105_25137.webp\" loading=\"lazy\" width=\"600\" height=\"400\" alt=\"Detenido con drogas en Paran\u00e1 (foto Polic\u00eda de Entre R\u00edos)\"\/><figcaption>\n            <span>Detenido con drogas en Paran\u00e1 (foto Polic\u00eda de Entre R\u00edos)<\/span><br \/>\n        <\/figcaption><\/figure>\n<p><!-- embed end --><br \/>\n<!-- end object --><\/p>\n<p>Una vez concluidas las actuaciones en el lugar, se comunic\u00f3 lo sucedido a la Fiscal\u00eda interviniente, desde donde se dispuso la detenci\u00f3n del hombre. Posteriormente fue trasladado y qued\u00f3 alojado en Alcaid\u00eda, mientras que las sustancias y los dispositivos encontrados fueron formalmente secuestrados y quedaron vinculados a la investigaci\u00f3n.  <\/p>\n<p><!-- is a <br \/>--><\/p>\n<p>\u00a0<\/p>\n<p><!-- is a <br \/>--><\/p>\n<p>El procedimiento form\u00f3 parte de los operativos de seguridad y prevenci\u00f3n desarrollados durante la jornada del domingo. La actuaci\u00f3n continuar\u00e1 ahora en el \u00e1mbito judicial, donde deber\u00e1 determinarse la situaci\u00f3n procesal del detenido y las circunstancias relacionadas con la tenencia de las sustancias secuestradas.  <\/p>\n<p><!-- is a <br \/>--><\/p>\n<p><!-- is a object --><br \/>\n<!-- embed start --><!-- embed end --><br \/>\n<!-- end object --><\/p>\n<p>En otro operativo realizado durante la misma tarde, efectivos que efectuaban recorridas preventivas observaron a <b>dos hombres que trasladaban dos chapones publicitarios<\/b> en inmediaciones de las calles Peyret y Damicis. La situaci\u00f3n llam\u00f3 la atenci\u00f3n de los funcionarios debido a que previamente se hab\u00edan recibido reiterados llamados relacionados con la sustracci\u00f3n de elementos similares.  <\/p>\n<p><!-- is a <br \/>--><\/p>\n<p><!-- is a object --><br \/>\n<!-- embed start --><\/p>\n<figure class=\"embed\">\n<p>    <img decoding=\"async\" src=\"https:\/\/elonce-media.elonce.com\/fotos\/2026\/08\/31\/e_1788178105_36014.webp\" loading=\"lazy\" width=\"600\" height=\"400\" alt=\"Detenidos por robo en Paran\u00e1 (foto Polic\u00eda de Entre R\u00edos)\"\/><figcaption>\n            <span>Detenidos por robo en Paran\u00e1 (foto Polic\u00eda de Entre R\u00edos)<\/span><br \/>\n        <\/figcaption><\/figure>\n<p><!-- embed end --><br \/>\n<!-- end object --><\/p>\n<p>Seg\u00fan se indic\u00f3 oficialmente, los chapones encontrados guardar\u00edan relaci\u00f3n con elementos divisorios que hab\u00edan sido sustra\u00eddos de un predio ubicado en esa zona. Ante esa circunstancia, los dos hombres fueron demorados y se dio intervenci\u00f3n a la Fiscal\u00eda correspondiente.  <\/p>\n<p><!-- is a <br \/>--><\/p>\n<p>\u00a0<\/p>\n<p><!-- is a <br \/>--><\/p>\n<p>Por disposici\u00f3n judicial, ambos quedaron alojados en la <b>Alcaid\u00eda de Tribunales<\/b>, mientras que los elementos fueron recuperados y puestos a disposici\u00f3n de las autoridades. Las actuaciones buscar\u00e1n determinar ahora si efectivamente los chapones secuestrados corresponden a los denunciados previamente como sustra\u00eddos.  <\/p>\n<p><!-- is a <br \/>--><\/p>\n<p>\u00a0<\/p>\n<p><!-- is a <br \/>--><\/p>\n<p>De esta manera, los operativos preventivos realizados durante la tarde del domingo derivaron en <b>tres personas detenidas o demoradas en dos procedimientos diferentes<\/b>: uno relacionado con el hallazgo de distintas sustancias y otro vinculado con la presunta sustracci\u00f3n de elementos de un predio.<\/p>\n<\/p><\/div>\n","protected":false},"excerpt":{"rendered":"<p>Un hombre fue detenido con coca\u00edna, hero\u00edna, marihuana, anfetaminas y metanfetamina\/MDMA durante un procedimiento realizado este domingo por la tarde en inmediaciones de Plaza Mart\u00edn Fierro, en Paran\u00e1. La intervenci\u00f3n se produjo cuando efectivos que desarrollaban recorridas preventivas observaron al sujeto y decidieron identificarlo. \u00a0 De acuerdo con la informaci\u00f3n policial, durante el procedimiento los [&hellip;]<\/p>\n","protected":false},"author":1,"featured_media":24390,"comment_status":"open","ping_status":"open","sticky":false,"template":"","format":"standard","meta":{"footnotes":""},"categories":[1],"tags":[],"class_list":["post-24389","post","type-post","status-publish","format-standard","has-post-thumbnail","hentry","category-uncategorized"],"_links":{"self":[{"href":"https:\/\/cliente1.publisher.highstack.com.ar\/index.php?rest_route=\/wp\/v2\/posts\/24389","targetHints":{"allow":["GET"]}}],"collection":[{"href":"https:\/\/cliente1.publisher.highstack.com.ar\/index.php?rest_route=\/wp\/v2\/posts"}],"about":[{"href":"https:\/\/cliente1.publisher.highstack.com.ar\/index.php?rest_route=\/wp\/v2\/types\/post"}],"author":[{"embeddable":true,"href":"https:\/\/cliente1.publisher.highstack.com.ar\/index.php?rest_route=\/wp\/v2\/users\/1"}],"replies":[{"embeddable":true,"href":"https:\/\/cliente1.publisher.highstack.com.ar\/index.php?rest_route=%2Fwp%2Fv2%2Fcomments&post=24389"}],"version-history":[{"count":0,"href":"https:\/\/cliente1.publisher.highstack.com.ar\/index.php?rest_route=\/wp\/v2\/posts\/24389\/revisions"}],"wp:featuredmedia":[{"embeddable":true,"href":"https:\/\/cliente1.publisher.highstack.com.ar\/index.php?rest_route=\/wp\/v2\/media\/24390"}],"wp:attachment":[{"href":"https:\/\/cliente1.publisher.highstack.com.ar\/index.php?rest_route=%2Fwp%2Fv2%2Fmedia&parent=24389"}],"wp:term":[{"taxonomy":"category","embeddable":true,"href":"https:\/\/cliente1.publisher.highstack.com.ar\/index.php?rest_route=%2Fwp%2Fv2%2Fcategories&post=24389"},{"taxonomy":"post_tag","embeddable":true,"href":"https:\/\/cliente1.publisher.highstack.com.ar\/index.php?rest_route=%2Fwp%2Fv2%2Ftags&post=24389"}],"curies":[{"name":"wp","href":"https:\/\/api.w.org\/{rel}","templated":true}]}}