{"id":24387,"date":"2026-08-31T09:30:07","date_gmt":"2026-08-31T12:30:07","guid":{"rendered":"https:\/\/cliente1.publisher.highstack.com.ar\/?p=24387"},"modified":"2026-08-31T09:30:07","modified_gmt":"2026-08-31T12:30:07","slug":"concretaron-reparaciones-en-escuela-de-san-victor-para-mejorar-las-condiciones-de-aprendizaje","status":"publish","type":"post","link":"https:\/\/cliente1.publisher.highstack.com.ar\/?p=24387","title":{"rendered":"Concretaron reparaciones en escuela de San V\u00edctor para mejorar las condiciones de aprendizaje"},"content":{"rendered":"<p>En el marco de la planificaci\u00f3n de obras en materia de infraestructura educativa, el Ministerio de Planeamiento e Infraestructura concret\u00f3 trabajos de reparaci\u00f3n en el establecimiento ubicado en la localidad de San V\u00edctor, Distrito Manantiales, departamento Feliciano. La intervenci\u00f3n alcanz\u00f3 una superficie de 1.000 mt2, entre espacios cubiertos y semicubiertos, y beneficia a una matr\u00edcula de m\u00e1s de 100 estudiantes de los niveles inicial, primario y secundario.<\/p>\n<p>La obra permiti\u00f3 dar respuesta a distintas necesidades edilicias del establecimiento y mejorar las condiciones en las que estudiantes y docentes desarrollan sus actividades diarias. Con una inversi\u00f3n de 35 millones de pesos, los trabajos se orientaron a garantizar espacios m\u00e1s seguros, funcionales y adecuados.<\/p>\n<p>En este sentido, el ministro de Planeamiento e Infraestructura, Hern\u00e1n Jacob, destac\u00f3 que &#8220;cada obra que se concreta en una escuela representa una inversi\u00f3n en la formaci\u00f3n y en el futuro de los entrerrianos&#8221;. Se\u00f1al\u00f3 adem\u00e1s que &#8220;a trav\u00e9s de una planificaci\u00f3n sostenida y de la inversi\u00f3n en infraestructura educativa, se busca dar respuestas concretas a problemas edilicios que presentan distintos establecimientos del territorio provincial, con mejoras en los espacios donde aprenden los chicos&#8221;.<\/p>\n<p>Entre los trabajos realizados se incluyeron la reparaci\u00f3n de muros y revoques afectados por humedad, la reconstrucci\u00f3n de sectores espec\u00edficos y el recambio de cielorrasos en galer\u00edas, SUM, cocina y \u00e1reas administrativas. Tambi\u00e9n se adecu\u00f3 la instalaci\u00f3n el\u00e9ctrica con la incorporaci\u00f3n de luminarias LED y se realizaron mejoras en los sanitarios, mediante el reemplazo de ca\u00f1er\u00edas, grifer\u00edas y mochilas de descarga.<\/p>\n<p>Asimismo, se llevaron a cabo el recambio de aberturas deterioradas por nuevas estructuras de aluminio, tareas de mantenimiento en cubiertas y desag\u00fces pluviales y trabajos de pintura en los sectores intervenidos. La obra estuvo a cargo de la firma D\u00edaz C\u00e9sar Eduardo.<\/p>\n","protected":false},"excerpt":{"rendered":"<p>Se realizaron obras de reaparaci\u00f3n en el edificio que alberga la escuela primaria N\u00b0 14 Mart\u00edn Fierro y la escuela secundaria N\u00b0 1 Jos\u00e9 Hern\u00e1ndez, en San V\u00edctor. Con una inversi\u00f3n de 35 millones de pesos, se ejecutaron intervenciones edilicias para fortalecer la seguridad y funcionamiento del establecimiento.<\/p>\n","protected":false},"author":0,"featured_media":24388,"comment_status":"open","ping_status":"open","sticky":false,"template":"","format":"standard","meta":{"footnotes":""},"categories":[2225,2284],"tags":[2227],"class_list":["post-24387","post","type-post","status-publish","format-standard","has-post-thumbnail","hentry","category-locales","category-san-victor","tag-obras-e-infraestructura"],"_links":{"self":[{"href":"https:\/\/cliente1.publisher.highstack.com.ar\/index.php?rest_route=\/wp\/v2\/posts\/24387","targetHints":{"allow":["GET"]}}],"collection":[{"href":"https:\/\/cliente1.publisher.highstack.com.ar\/index.php?rest_route=\/wp\/v2\/posts"}],"about":[{"href":"https:\/\/cliente1.publisher.highstack.com.ar\/index.php?rest_route=\/wp\/v2\/types\/post"}],"replies":[{"embeddable":true,"href":"https:\/\/cliente1.publisher.highstack.com.ar\/index.php?rest_route=%2Fwp%2Fv2%2Fcomments&post=24387"}],"version-history":[{"count":0,"href":"https:\/\/cliente1.publisher.highstack.com.ar\/index.php?rest_route=\/wp\/v2\/posts\/24387\/revisions"}],"wp:featuredmedia":[{"embeddable":true,"href":"https:\/\/cliente1.publisher.highstack.com.ar\/index.php?rest_route=\/wp\/v2\/media\/24388"}],"wp:attachment":[{"href":"https:\/\/cliente1.publisher.highstack.com.ar\/index.php?rest_route=%2Fwp%2Fv2%2Fmedia&parent=24387"}],"wp:term":[{"taxonomy":"category","embeddable":true,"href":"https:\/\/cliente1.publisher.highstack.com.ar\/index.php?rest_route=%2Fwp%2Fv2%2Fcategories&post=24387"},{"taxonomy":"post_tag","embeddable":true,"href":"https:\/\/cliente1.publisher.highstack.com.ar\/index.php?rest_route=%2Fwp%2Fv2%2Ftags&post=24387"}],"curies":[{"name":"wp","href":"https:\/\/api.w.org\/{rel}","templated":true}]}}