{"id":24381,"date":"2026-08-31T08:53:03","date_gmt":"2026-08-31T11:53:03","guid":{"rendered":"https:\/\/cliente1.publisher.highstack.com.ar\/?p=24381"},"modified":"2026-08-31T08:53:03","modified_gmt":"2026-08-31T11:53:03","slug":"basural-de-la-paz-el-municipio-respondio-tras-el-fallo-del-stj-y-la-denuncia-vecinal","status":"publish","type":"post","link":"https:\/\/cliente1.publisher.highstack.com.ar\/?p=24381","title":{"rendered":"Basural de La Paz: el municipio respondi\u00f3 tras el fallo del STJ y la denuncia vecinal"},"content":{"rendered":"<p><\/p>\n<div class=\"body-noticia clearfix text-formatted field field--name-body field--type-text-with-summary field--label-hidden field__item\">\n<p dir=\"ltr\">El secretario de Obras y Servicios P\u00fablicos de La Paz, Nicol\u00e1s Merlo \u2014de quien depende la Direcci\u00f3n de Ambiente municipal\u2014, brind\u00f3 la respuesta oficial del municipio tras la denuncia de vecinos autoconvocados sobre la situaci\u00f3n del basural ubicado en la Chacra 96, que fue publicada por<strong> AN\u00c1LISIS<\/strong> d\u00edas atr\u00e1s.<\/p>\n<\/p>\n<div data-entity-type=\"node\" data-entity-uuid=\"945f7749-1bc8-46fd-9c89-912bf1826b48\" data-embed-button=\"node\" data-entity-embed-display=\"view_mode:node.titulo\" data-langcode=\"es\" data-entity-embed-display-settings=\"[]\" class=\"embedded-entity\">\n<article data-history-node-id=\"375868\" class=\"node node--type-noticia node--view-mode-titulo ds-1col clearfix\">\n<p>  <a href=\"https:\/\/www.analisisdigital.com.ar\/judiciales\/2026\/08\/28\/vecinos-de-la-paz-denuncian-que-el-municipio-no-usa-1180-millones-para-sanear-el-basural\" class=\"field-group-link embedcard2\" hreflang=\"es\"><\/p>\n<div class=\"cont-title\">\n<div class=\"field field--name-node-title field--type-ds field--label-hidden field__item\">\n<h3>\n  Vecinos de La Paz denuncian que el Municipio no usa $1.180 millones para sanear el basural<br \/>\n<\/h3>\n<\/div><\/div>\n<p><\/a><\/p>\n<\/article>\n<\/div>\n<p><\/p>\n<p dir=\"ltr\">En di\u00e1logo con<strong> <\/strong><em>Un martillo para darle forma &#8211; Radio Plaza<\/em>, Merlo confirm\u00f3 el dato judicial central: &#8220;Hace dos d\u00edas el Superior Tribunal de Justicia hizo lugar a una apelaci\u00f3n presentada por la municipalidad y revoc\u00f3 la sentencia de primera instancia y rechaz\u00f3 la acci\u00f3n de amparo&#8221;. El funcionario explic\u00f3 que, m\u00e1s all\u00e1 de esa resoluci\u00f3n, el municipio viene trabajando desde este a\u00f1o con una consultora ambiental \u2014M\u00e1s Ambiente, integrada por el licenciado en Gesti\u00f3n Ambiental Eduardo Ch\u00e1vez y el t\u00e9cnico superior en Saneamiento Ambiental y Seguridad e Higiene Luis Jauch\u2014 con una planificaci\u00f3n espec\u00edfica para el saneamiento del vertedero. &#8220;El fallo nos permite seguir trabajando y el norte nuestro es una mejor gesti\u00f3n de residuos&#8221;, sostuvo.<\/p>\n<h2>El plan de saneamiento: de vertedero a planta de transferencia<\/h2>\n<p dir=\"ltr\">Merlo detall\u00f3 que dentro de esa planificaci\u00f3n se est\u00e1 trabajando en transformar la actual planta de reciclaje \u2014donde hoy se procesa la recolecci\u00f3n diferenciada\u2014 en una planta de transferencia y reciclaje, que recibir\u00eda el 100% de los residuos como primer eslab\u00f3n del proceso de disposici\u00f3n final. A partir de ah\u00ed, explic\u00f3, se desarrollar\u00eda compost urbano, dado que, seg\u00fan las estad\u00edsticas que maneja el municipio, &#8220;el 50% de los residuos pr\u00e1cticamente se puede trabajar con hacer compost&#8221; y hasta &#8220;un 30% del restante es factible de recuperarlo&#8221;. El resto, precis\u00f3, es rechazo que deber\u00eda derivarse a un relleno sanitario, una infraestructura que La Paz no tiene actualmente \u2014a diferencia de Concordia y Gualeguaych\u00fa, las \u00fanicas dos ciudades de la provincia que cuentan con uno\u2014, y por eso el municipio mantiene un vertedero controlado.<\/p>\n<figure role=\"group\" class=\"caption caption-img\">\n<img decoding=\"async\" data-entity-type=\"file\" data-entity-uuid=\"d67f3d4a-e3d5-4662-8fbb-08c23b6dedfd\" height=\"475\" src=\"https:\/\/www.analisisdigital.com.ar\/sites\/default\/files\/imagenes\/inline-images\/image_127.png\" width=\"707\" loading=\"lazy\"><figcaption>Nicol\u00e1s Merlo, secretario de Obras P\u00fablicas de La Paz.<\/figcaption><\/figure>\n<p dir=\"ltr\">Sobre la posibilidad de contar con un relleno sanitario propio, Merlo explic\u00f3 que existe una mesa de gobernanza regional conformada junto a otros municipios del departamento para avanzar en esa direcci\u00f3n, aunque reconoci\u00f3 que el proceso todav\u00eda no logr\u00f3 destrabarse porque la principal complicaci\u00f3n \u2014m\u00e1s all\u00e1 de lo econ\u00f3mico\u2014 es encontrar un sitio adecuado. Detall\u00f3 que una de las condiciones para instalar un relleno sanitario es no tener arroyos cercanos, algo especialmente dif\u00edcil en la provincia. Cont\u00f3 que el municipio ya se reuni\u00f3 con inmobiliarias de la zona para buscar un predio de aproximadamente 20 hect\u00e1reas, que permitir\u00eda un relleno con una vida \u00fatil de 20 a\u00f1os, y remarc\u00f3 que este a\u00f1o no registraron focos \u00edgneos en el predio, &#8220;que es una de las grandes complicaciones que tienen en la disposici\u00f3n final de los vertederos&#8221;.<\/p>\n<h2>El uso de los fondos: la respuesta directa a la denuncia vecinal<\/h2>\n<p dir=\"ltr\">Consultado puntualmente sobre el reclamo de los vecinos respecto de los fondos previstos en la ordenanza de emergencia ambiental \u2014vinculados a los intereses de los plazos fijos municipales\u2014, Merlo fue categ\u00f3rico en rechazar que se trate de una cuesti\u00f3n de disponibilidad de dinero: &#8220;No es as\u00ed&#8221;, respondi\u00f3. Explic\u00f3 que la emergencia ambiental ya hab\u00eda sido decretada antes de que se resolviera el amparo, y que en esa ordenanza se establec\u00eda que el 20% del presupuesto de obras p\u00fablicas deb\u00eda destinarse al tratamiento de residuos. Sin embargo, plante\u00f3 que ese porcentaje resulta insuficiente frente a la magnitud de la obra necesaria: &#8220;La proyecci\u00f3n que tiene hacer un relleno sanitario, dentro del presupuesto que tenemos, no me alcanza ni todo el presupuesto, ni siquiera el 20% lo estamos ocupando para hacer el tratamiento, y el presupuesto de toda mi secretar\u00eda no alcanza para desarrollar el relleno sanitario&#8221;. Por eso, insisti\u00f3, el primer paso indispensable es conseguir el terreno adecuado, lo que a su criterio habilitar\u00eda adem\u00e1s una soluci\u00f3n compartida con otros municipios de la regi\u00f3n, en articulaci\u00f3n con la Direcci\u00f3n de Ambiente de la provincia.<\/p>\n<p dir=\"ltr\">El funcionario busc\u00f3 adem\u00e1s explicar en t\u00e9rminos sencillos la escala de la obra pendiente: compar\u00f3 un relleno sanitario con &#8220;una f\u00e1brica&#8221;, que requiere maquinaria pesada \u2014como una topadora\u2014, un cerco perimetral completo sobre 20 hect\u00e1reas y un galp\u00f3n, una infraestructura de costo elevado que, para el volumen de residuos que genera La Paz por s\u00ed sola, resultar\u00eda ineficiente si no se piensa a escala regional.<\/p>\n<h2>&#8220;El fallo no nos cambia nada en lo que venimos trabajando&#8221;<\/h2>\n<p dir=\"ltr\">Consultado sobre c\u00f3mo contin\u00faa la situaci\u00f3n de cara a los vecinos preocupados por el tema, Merlo remarc\u00f3 que la resoluci\u00f3n judicial no modifica el rumbo de la gesti\u00f3n municipal: &#8220;El fallo no nos cambia nada en lo que nosotros venimos trabajando, es m\u00e1s, nos pone m\u00e1s en foco y nos pone m\u00e1s responsabilidad de que tenemos que seguir en el camino que venimos y tratar de darle respuesta a esos vecinos&#8221;.\u00a0<\/p>\n<\/p>\n<div data-entity-type=\"node\" data-entity-uuid=\"84e1c30c-9a2b-42ad-8d73-0dddcac1f497\" data-embed-button=\"node\" data-entity-embed-display=\"view_mode:node.titulo\" data-langcode=\"es\" data-entity-embed-display-settings=\"[]\" class=\"embedded-entity\">\n<article data-history-node-id=\"372171\" class=\"node node--type-noticia node--view-mode-titulo ds-1col clearfix\">\n<p>  <a href=\"https:\/\/www.analisisdigital.com.ar\/locales\/2026\/06\/18\/la-paz-la-justicia-avalo-un-amparo-y-ordeno-la-clausura-del-basural-local\" class=\"field-group-link embedcard2\" hreflang=\"es\"><\/p>\n<div class=\"cont-title\">\n<div class=\"field field--name-node-title field--type-ds field--label-hidden field__item\">\n<h3>\n  La Paz: la Justicia aval\u00f3 un amparo y orden\u00f3 la clausura del basural local<br \/>\n<\/h3>\n<\/div><\/div>\n<p><\/a><\/p>\n<\/article>\n<\/div>\n<p><\/p>\n<p dir=\"ltr\">Reconoci\u00f3 expl\u00edcitamente la validez del reclamo: &#8220;La problem\u00e1tica que ellos viven es real&#8221;, dijo, y detall\u00f3 una serie de acciones ya en marcha para reducir el impacto del vertedero mientras se avanza hacia una soluci\u00f3n de fondo: incorporaci\u00f3n de m\u00e1s maquinaria, un proyecto para conformar domos que permitan un manejo m\u00e1s controlado de los residuos, la construcci\u00f3n de un cerco perimetral completo \u2014dado que, admiti\u00f3, hoy el vertedero est\u00e1 abierto\u2014, la instalaci\u00f3n de c\u00e1maras de vigilancia, la pr\u00f3xima incorporaci\u00f3n de un sereno para reforzar el control, y la implementaci\u00f3n de una cortina forestal en todo el predio.<\/p>\n<\/div>\n","protected":false},"excerpt":{"rendered":"<p>El secretario de Obras y Servicios P\u00fablicos de La Paz, Nicol\u00e1s Merlo \u2014de quien depende la Direcci\u00f3n de Ambiente municipal\u2014, brind\u00f3 la respuesta oficial del municipio tras la denuncia de vecinos autoconvocados sobre la situaci\u00f3n del basural ubicado en la Chacra 96, que fue publicada por AN\u00c1LISIS d\u00edas atr\u00e1s. Vecinos de La Paz denuncian que [&hellip;]<\/p>\n","protected":false},"author":1,"featured_media":24382,"comment_status":"open","ping_status":"open","sticky":false,"template":"","format":"standard","meta":{"footnotes":""},"categories":[1],"tags":[],"class_list":["post-24381","post","type-post","status-publish","format-standard","has-post-thumbnail","hentry","category-uncategorized"],"_links":{"self":[{"href":"https:\/\/cliente1.publisher.highstack.com.ar\/index.php?rest_route=\/wp\/v2\/posts\/24381","targetHints":{"allow":["GET"]}}],"collection":[{"href":"https:\/\/cliente1.publisher.highstack.com.ar\/index.php?rest_route=\/wp\/v2\/posts"}],"about":[{"href":"https:\/\/cliente1.publisher.highstack.com.ar\/index.php?rest_route=\/wp\/v2\/types\/post"}],"author":[{"embeddable":true,"href":"https:\/\/cliente1.publisher.highstack.com.ar\/index.php?rest_route=\/wp\/v2\/users\/1"}],"replies":[{"embeddable":true,"href":"https:\/\/cliente1.publisher.highstack.com.ar\/index.php?rest_route=%2Fwp%2Fv2%2Fcomments&post=24381"}],"version-history":[{"count":0,"href":"https:\/\/cliente1.publisher.highstack.com.ar\/index.php?rest_route=\/wp\/v2\/posts\/24381\/revisions"}],"wp:featuredmedia":[{"embeddable":true,"href":"https:\/\/cliente1.publisher.highstack.com.ar\/index.php?rest_route=\/wp\/v2\/media\/24382"}],"wp:attachment":[{"href":"https:\/\/cliente1.publisher.highstack.com.ar\/index.php?rest_route=%2Fwp%2Fv2%2Fmedia&parent=24381"}],"wp:term":[{"taxonomy":"category","embeddable":true,"href":"https:\/\/cliente1.publisher.highstack.com.ar\/index.php?rest_route=%2Fwp%2Fv2%2Fcategories&post=24381"},{"taxonomy":"post_tag","embeddable":true,"href":"https:\/\/cliente1.publisher.highstack.com.ar\/index.php?rest_route=%2Fwp%2Fv2%2Ftags&post=24381"}],"curies":[{"name":"wp","href":"https:\/\/api.w.org\/{rel}","templated":true}]}}