{"id":24368,"date":"2026-08-31T06:27:12","date_gmt":"2026-08-31T09:27:12","guid":{"rendered":"https:\/\/cliente1.publisher.highstack.com.ar\/?p=24368"},"modified":"2026-08-31T06:27:12","modified_gmt":"2026-08-31T09:27:12","slug":"venta-del-inmueble-rural-el-nuevo-mapa-fiscal-para-personas-sucesiones-y-empresas-familiares","status":"publish","type":"post","link":"https:\/\/cliente1.publisher.highstack.com.ar\/?p=24368","title":{"rendered":"Venta del inmueble rural: el nuevo mapa fiscal para personas, sucesiones y empresas familiares"},"content":{"rendered":"<div class=\"col-12\">\n<div data-tw=\"true\" style=\"display:contents\">\n<div role=\"none\"><\/div>\n<\/div>\n<p class=\"com-paragraph --capital --s\">La decisi\u00f3n de <strong>vender un campo rara vez es puramente financiera; suele condensar d\u00e9cadas de esfuerzo productivo familiar<\/strong>, proyectos de recambio generacional o la necesidad estrat\u00e9gica de <strong>reconfigurar la escala del negocio agropecuario. <\/strong>Sin embargo, en el instante en que se pasa de<strong> la decisi\u00f3n \u00edntima a la firma del boleto, una pregunta elemental pero determinante asalta al producto<\/strong>r: \u00bfcu\u00e1nto se queda el Estado de esta operaci\u00f3n?<\/p>\n<div class=\"ln-banner-container --no-app --caja1_mob\">\n<div id=\"caja1_mob\" class=\"ln-banner\" data-slot-group=\"nota\" data-device=\"mobile\" data-subscription=\"false\" data-ad-unit-path=\"\/133919216\/campo_mobile\/Nota\/caja1_mob\" data-targeting='{\"sitio\":\"lanacion\",\"seccion\":\"nota\"}' data-without-hide=\"true\" data-size=\"[[320,100],[300,250],[1,1],[300,450],[320,450]]\" data-sizemap=\"[]\" data-prebid-enabled=\"true\"><\/div>\n<\/div>\n<p class=\"com-paragraph --s\">Durante d\u00e9cadas,<strong> la respuesta estuvo atada a un r\u00e9gimen r\u00edgido: el hist\u00f3rico Impuesto a la Transferencia de Inmuebles (ITI), que reten\u00eda el 1,5% sobre el precio de venta en la escriban\u00eda mediante la tramitaci\u00f3n previa del \u201cCertificado de No Retenci\u00f3n\u201d. La derogaci\u00f3n definitiva del ITI a mediados de 2024 elimin\u00f3 esa fricci\u00f3n formal. <\/strong>No obstante, el esquema de gravabilidad para personas humanas y sucesiones indivisas acaba de experimentar una transformaci\u00f3n estructural de m\u00e1xima relevancia con la sanci\u00f3n de la <strong>Ley 27.802<\/strong> (publicada el 6 de marzo de 2026).<\/p>\n<div class=\"ln-banner-container --no-app --middle_1_dsk\">\n<div id=\"middle_1_dsk\" class=\"ln-banner\" data-slot-group=\"nota\" data-device=\"desktop\" data-subscription=\"true\" data-ad-unit-path=\"\/133919216\/campo_desktop\/Nota\/middle_1_dsk\" data-targeting='{\"sitio\":\"lanacion\",\"seccion\":\"nota\"}' data-without-hide=\"true\" data-size=\"[[1,1],[640,360],[640,480],[728,90]]\" data-sizemap=\"[]\" data-prebid-enabled=\"true\"><\/div>\n<\/div>\n<p class=\"com-paragraph --s\"><strong>1. El gran giro legislativo: la ley 27.802 y la exenci\u00f3n desde el 1\u00b0 de enero de 2026<\/strong><\/p>\n<p class=\"com-paragraph --s\">Hasta esta reforma, <strong>la ley 27.430 <\/strong>manten\u00eda alcanzadas por el <strong>impuesto cedular del 15%<\/strong> a todas las enajenaciones de inmuebles adquiridos a partir del 1\u00b0 de enero de 2018. Sin embargo, la <strong>ley 27.802<\/strong> introdujo una modificaci\u00f3n de profundo impacto para el sector inmobiliario y rural:<\/p>\n<div class=\"ln-banner-container --no-app --caja2_mob\">\n<div id=\"caja2_mob\" class=\"ln-banner\" data-slot-group=\"nota\" data-device=\"mobile\" data-subscription=\"true\" data-ad-unit-path=\"\/133919216\/campo_mobile\/Nota\/caja2_mob\" data-targeting='{\"sitio\":\"lanacion\",\"seccion\":\"nota\"}' data-without-hide=\"true\" data-size=\"[[320,100],[300,250],[300,450],[1,1],[360,270],[320,180]]\" data-sizemap=\"[]\" data-prebid-enabled=\"true\"><\/div>\n<\/div>\n<p class=\"com-paragraph --s\"><strong>\u00b7 Exenci\u00f3n total a partir del 1\u00b0 de enero de 2026:<\/strong> La ley consagra que, a partir del 1\u00b0 de enero de 2026, las ganancias obtenidas por personas humanas y sucesiones indivisas derivadas de la venta de inmuebles adquiridos con posterioridad al 01\/01\/2018 quedan <strong>completamente exentas del impuesto a las ganancias<\/strong>.<\/p>\n<div class=\"ln-banner-container --no-app --middle_2_dsk\">\n<div id=\"middle_2_dsk\" class=\"ln-banner\" data-slot-group=\"nota\" data-device=\"desktop\" data-subscription=\"true\" data-ad-unit-path=\"\/133919216\/campo_desktop\/Nota\/middle_2_dsk\" data-targeting='{\"sitio\":\"lanacion\",\"seccion\":\"nota\"}' data-without-hide=\"true\" data-size=\"[[1,1],[728,90]]\" data-sizemap=\"[]\" data-prebid-enabled=\"true\"><\/div>\n<\/div>\n<p class=\"com-paragraph --s\"><strong>\u00b7 Condici\u00f3n de no habitualidad (operaciones ocasionales):<\/strong> La norma exige expresamente que la enajenaci\u00f3n revista car\u00e1cter <em>ocasional<\/em> y que no forme parte de una actividad habitual o profesional de compraventa o loteo inmobiliario. Para <strong>el productor agropecuario tradicional, la familia de campo o los cond\u00f3minos civiles,<\/strong> esta condici\u00f3n se cumple de pleno derecho.<\/p>\n<div class=\"ln-banner-container --no-app --caja3_mob\">\n<div id=\"caja3_mob\" class=\"ln-banner\" data-slot-group=\"nota\" data-device=\"mobile\" data-subscription=\"false\" data-ad-unit-path=\"\/133919216\/campo_mobile\/Nota\/caja3_mob\" data-targeting='{\"sitio\":\"lanacion\",\"seccion\":\"nota\"}' data-without-hide=\"true\" data-size=\"[[320,100],[300,250],[1,1],[300,450],[360,270]]\" data-sizemap=\"[]\" data-prebid-enabled=\"true\"><\/div>\n<\/div>\n<div class=\"ln-banner-container --no-app --middle_2_tab\">\n<div id=\"middle_2_tab\" class=\"ln-banner\" data-slot-group=\"nota\" data-device=\"tablet\" data-subscription=\"false\" data-ad-unit-path=\"\/133919216\/campo_tablet\/Nota\/middle_2_tab\" data-targeting='{\"sitio\":\"lanacion\",\"seccion\":\"nota\"}' data-without-hide=\"true\" data-size=\"[[728,90],[640,480],[468,60],[1,1]]\" data-sizemap=\"[]\" data-prebid-enabled=\"true\"><\/div>\n<\/div>\n<div class=\"content-media\">\n<section role=\"button\" class=\"mod-media   \">\n<figure role=\"button\" tabindex=\"0\" class=\"mod-figure \">\n<div class=\"placeholder \">\n<div class=\"com-image\"><picture><source media=\"(min-width: 768px)\" srcset=\"https:\/\/www.lanacion.com.ar\/resizer\/v2\/en-el-ambito-agropecuario-una-porcion-sustancial-SEGAQWKSWRHNVD5ZRADVOD6YSQ.jpg?auth=43ec0d4b5ac24ccf8c44a7490de0c704884164fa09f60b26da9d11a862bffab9&amp;width=780&amp;height=520&amp;quality=70&amp;smart=true\"><\/source><img class=\"image com-image flex --cover\" decoding=\"async\" fetchpriority=\"low\" loading=\"lazy\" src=\"https:\/\/www.lanacion.com.ar\/resizer\/v2\/en-el-ambito-agropecuario-una-porcion-sustancial-SEGAQWKSWRHNVD5ZRADVOD6YSQ.jpg?auth=43ec0d4b5ac24ccf8c44a7490de0c704884164fa09f60b26da9d11a862bffab9&amp;width=420&amp;height=280&amp;quality=70&amp;smart=true\" width=\"2000\" alt=\"En el \u00e1mbito agropecuario, una porci\u00f3n sustancial de las operaciones se formaliza en el marco de transmisiones hereditarias\" height=\"1333\"><\/picture><\/div>\n<\/div><figcaption class=\"mod-figcaption\"><span class=\"com-text --caption --twoxs\">En el \u00e1mbito agropecuario, una porci\u00f3n sustancial de las operaciones se formaliza en el marco de transmisiones hereditarias<\/span><span class=\"com-text --credit --twoxs\">Freepik<\/span><\/figcaption><\/figure>\n<\/section>\n<\/div>\n<p class=\"com-paragraph --s\"><strong>\u00b7 Inmuebles adquiridos antes de 2018:<\/strong> Cabe recordar que los campos adquiridos con anterioridad al 31 de diciembre de 2017 ya se encontraban fuera del impuesto cedular por expresa disposici\u00f3n legal de origen y, <strong>al no existir m\u00e1s el ITI, su venta goza de una neutralidad tributaria federal absoluta (0% Ganancias y 0% ITI)<\/strong>.<\/p>\n<p class=\"com-paragraph --s\">\u201cA partir del 1\u00b0 de enero de 2026, <strong>la Ley 27.802 libera del impuesto cedular a las ventas de campos adquiridos post-2018, <\/strong>siempre que se trate de operaciones ocasionales. El mapa tributario federal para personas humanas y sucesiones queda as\u00ed unificado en la exenci\u00f3n&#8221;.<\/p>\n<div class=\"ln-banner-container --no-app --caja4_mob\">\n<div id=\"caja4_mob\" class=\"ln-banner\" data-slot-group=\"nota\" data-device=\"mobile\" data-subscription=\"false\" data-ad-unit-path=\"\/133919216\/campo_mobile\/Nota\/caja4_mob\" data-targeting='{\"sitio\":\"lanacion\",\"seccion\":\"nota\"}' data-without-hide=\"true\" data-size=\"[[320,100],[300,250],[1,1]]\" data-sizemap=\"[]\" data-prebid-enabled=\"true\"><\/div>\n<\/div>\n<p class=\"com-paragraph --s\"><strong>2. Sucesiones indivisas: subrogaci\u00f3n y plena protecci\u00f3n de la exenci\u00f3n<\/strong><\/p>\n<p class=\"com-paragraph --s\">En el \u00e1mbito agropecuario, una porci\u00f3n sustancial de las operaciones se formaliza en el marco de transmisiones hereditarias. \u00bfC\u00f3mo impacta el nuevo marco en las sucesiones?<\/p>\n<div class=\"ln-banner-container --no-app --caja6_mob\">\n<div id=\"caja6_mob\" class=\"ln-banner\" data-slot-group=\"nota\" data-device=\"mobile\" data-subscription=\"false\" data-ad-unit-path=\"\/133919216\/campo_mobile\/Nota\/caja6_mob\" data-targeting='{\"sitio\":\"lanacion\",\"seccion\":\"nota\"}' data-without-hide=\"true\" data-size=\"[[300,250],[230,50],[300,450],[1,1],[320,100]]\" data-sizemap=\"[]\" data-prebid-enabled=\"true\"><\/div>\n<\/div>\n<p class=\"com-paragraph --s\">Rige plenamente el <strong>principio de subrogaci\u00f3n y continuidad patrimonial<\/strong>: la sucesi\u00f3n indivisa \u2014o los propios herederos al adjudicar y vender\u2014 asume la condici\u00f3n fiscal del causante:<\/p>\n<p class=\"com-paragraph --s\"><strong>\u00b7 Causante con compra pre-2018:<\/strong> venta totalmente no gravada (sin ITI ni Ganancias).<\/p>\n<div class=\"ln-banner-container --no-app --caja7_mob\">\n<div id=\"caja7_mob\" class=\"ln-banner\" data-slot-group=\"nota\" data-device=\"mobile\" data-subscription=\"true\" data-ad-unit-path=\"\/133919216\/campo_mobile\/Nota\/caja7_mob\" data-targeting='{\"sitio\":\"lanacion\",\"seccion\":\"nota\"}' data-without-hide=\"true\" data-size=\"[[300,250],[320,50],[300,450],[1,1],[320,100]]\" data-sizemap=\"[]\" data-prebid-enabled=\"true\"><\/div>\n<\/div>\n<p class=\"com-paragraph --s\"><strong>\u00b7 Causante con compra post-2018 vendida a partir de 2026:<\/strong> Amparada plenamente por la <strong>exenci\u00f3n de la ley 27.802<\/strong> (0% Ganancias), en la medida en que la sucesi\u00f3n no desarrolle una actividad habitual de intermediaci\u00f3n inmobiliaria.<\/p>\n<p class=\"com-paragraph --s\"><strong>3. La explotaci\u00f3n unipersonal: balance y venta\/reemplazo<\/strong><\/p>\n<div class=\"ln-banner-container --no-app --caja8_mob\">\n<div id=\"caja8_mob\" class=\"ln-banner\" data-slot-group=\"nota\" data-device=\"mobile\" data-subscription=\"true\" data-ad-unit-path=\"\/133919216\/campo_mobile\/Nota\/caja8_mob\" data-targeting='{\"sitio\":\"lanacion\",\"seccion\":\"nota\"}' data-without-hide=\"true\" data-size=\"[[300,250],[320,50],[300,450],[1,1],[320,100]]\" data-sizemap=\"[]\" data-prebid-enabled=\"true\"><\/div>\n<\/div>\n<p class=\"com-paragraph --s\">Una distinci\u00f3n t\u00e9cnica fundamental se presenta cuando el campo estaba afectado al activo de una <strong>explotaci\u00f3n unipersonal<\/strong> <strong>(el productor registrado como persona f\u00edsica que explota el campo por cuenta propia, con balance comercial y CUIT activa)<\/strong>.<\/p>\n<p class=\"com-paragraph --s\">En estos supuestos contin\u00faa rigiendo la <strong>teor\u00eda del balance (tercera categor\u00eda)<\/strong>: al tratarse de un bien de uso de una empresa en marcha, la ganancia integra el resultado impositivo general corporativo. No obstante, <strong>el titular mantiene la valiosa herramienta de la<\/strong> <strong>venta y reemplazo (art. 71 de la Ley de Ganancias)<\/strong>, que le permite diferir \u00edntegramente el tributo si reinvierte el producido de la venta en otra fracci\u00f3n de campo o en infraestructura y maquinarias dentro del lapso de un a\u00f1o.<\/p>\n<div class=\"ln-banner-container --no-app --caja9_mob\">\n<div id=\"caja9_mob\" class=\"ln-banner\" data-slot-group=\"nota\" data-device=\"mobile\" data-subscription=\"true\" data-ad-unit-path=\"\/133919216\/campo_mobile\/Nota\/caja9_mob\" data-targeting='{\"sitio\":\"lanacion\",\"seccion\":\"nota\"}' data-without-hide=\"true\" data-size=\"[[300,250],[320,50],[300,450],[1,1],[320,100]]\" data-sizemap=\"[]\" data-prebid-enabled=\"true\"><\/div>\n<\/div>\n<p class=\"com-paragraph --s\"><strong>Cuadro de s\u00edntesis: tratamiento fiscal comparado (ventas desde 2026)<\/strong><\/p>\n<div class=\"content-media\">\n<section role=\"button\" class=\"mod-media   \">\n<figure role=\"button\" tabindex=\"0\" class=\"mod-figure \">\n<div class=\"placeholder \">\n<div class=\"com-image\"><picture><source media=\"(min-width: 768px)\" srcset=\"https:\/\/www.lanacion.com.ar\/resizer\/v2\/cuadro-de-sintesis-tratamiento-fiscal-comparado-WWLKC6V4PNHG3MH7LFK4HYJIDA.png?auth=5575c8f541bc3472dffc384f6ab1a6c1538d5e9fe4c3b1d1126902abae695611&amp;width=780&amp;height=520&amp;quality=70&amp;smart=true\"><\/source><img class=\"image com-image flex --cover\" decoding=\"async\" fetchpriority=\"low\" loading=\"lazy\" src=\"https:\/\/www.lanacion.com.ar\/resizer\/v2\/cuadro-de-sintesis-tratamiento-fiscal-comparado-WWLKC6V4PNHG3MH7LFK4HYJIDA.png?auth=5575c8f541bc3472dffc384f6ab1a6c1538d5e9fe4c3b1d1126902abae695611&amp;width=420&amp;height=280&amp;quality=70&amp;smart=true\" width=\"2000\" alt=\"Cuadro de S\u00edntesis: Tratamiento Fiscal Comparado (Ventas desde 2026)\" height=\"1333\"><\/picture><\/div>\n<\/div><figcaption class=\"mod-figcaption\"><span class=\"com-text --caption --twoxs\">Cuadro de S\u00edntesis: Tratamiento Fiscal Comparado (Ventas desde 2026)<\/span><\/figcaption><\/figure>\n<\/section>\n<\/div>\n<p class=\"com-paragraph --s\"><strong>4. El frente provincial y checklist de cierre<\/strong><\/p>\n<p class=\"com-paragraph --s\">Con el frente federal despejado de grav\u00e1menes para personas humanas a partir de 2026, la planificaci\u00f3n debe enfocarse en los costos locales y la instrumentaci\u00f3n notarial:<\/p>\n<p class=\"com-paragraph --s\"><strong>\u00b7 Acreditar la ocasionalidad:<\/strong> Documentar en las actuaciones notariales que la venta corresponde a un acto de administraci\u00f3n patrimonial civil y no a una habitualidad comercial.<\/p>\n<p class=\"com-paragraph --s\"><strong>\u00b7 Impuesto de Sellos provincial:<\/strong> Sigue vigente (tasas del 1% al 3,5%, seg\u00fan la provincia, sobre el precio pactado o VIR\/aval\u00fao, el mayor).<\/p>\n<p class=\"com-paragraph --s\"><strong>\u00b7 Discriminaci\u00f3n de rubros:<\/strong> Desglosar en boleto y escritura el valor de la tierra libre respecto de mejoras (alambrados, silos, molinos) y sementeras en pie.<\/p>\n<p class=\"com-paragraph --s\"><strong>\u00b7 Bienes Personales:<\/strong> Ratificar la exenci\u00f3n objetiva de inmuebles rurales para personas humanas (art. 21, inc. i, Ley de Bienes Personales).<\/p>\n<p class=\"com-paragraph --s\">La confluencia entre la derogaci\u00f3n del ITI y la exenci\u00f3n consagrada por la Ley 27.802 abre una ventana hist\u00f3rica de previsibilidad y desahogo fiscal para las familias de campo. <strong>Conocer estas reglas con precisi\u00f3n t\u00e9cnica asegura que el fruto de generaciones de trabajo conserve su valor<\/strong> y contin\u00fae impulsando el desarrollo productivo argentino.<\/p>\n<p class=\"com-paragraph --s\"><em><strong>El autor socio de Trist\u00e1n y Asociados<\/strong><\/em><\/p>\n<div data-fusion-lazy-id=\"f0fpQTDZ9Hvw1FA\"><\/div>\n<div class=\"ln-banner-container --no-app --caja5_mob\">\n<div id=\"caja5_mob\" class=\"ln-banner\" data-slot-group=\"nota\" data-device=\"mobile\" data-subscription=\"false\" data-ad-unit-path=\"\/133919216\/campo_mobile\/Nota\/caja5_mob\" data-targeting='{\"sitio\":\"lanacion\",\"seccion\":\"nota\"}' data-without-hide=\"true\" data-size='[[320,100],[300,250],[1,1],[\" fluid\"]]' data-sizemap=\"[]\" data-prebid-enabled=\"true\"><\/div>\n<\/div>\n<div data-fusion-lazy-id=\"f0f68JH1aHvw1CG\"><\/div>\n<div class=\"ln-banner-container --no-app --middle_3_dsk\">\n<div id=\"middle_3_dsk\" class=\"ln-banner\" data-slot-group=\"nota\" data-device=\"desktop\" data-subscription=\"true\" data-ad-unit-path=\"\/133919216\/campo_desktop\/Nota\/middle_3_dsk\" data-targeting='{\"sitio\":\"lanacion\",\"seccion\":\"nota\"}' data-without-hide=\"true\" data-size=\"[[1,1],[728,90],[640,360],[728,360]]\" data-sizemap=\"[]\" data-prebid-enabled=\"true\"><\/div>\n<\/div>\n<\/div>\n","protected":false},"excerpt":{"rendered":"<p>La decisi\u00f3n de vender un campo rara vez es puramente financiera; suele condensar d\u00e9cadas de esfuerzo productivo familiar, proyectos de recambio generacional o la necesidad estrat\u00e9gica de reconfigurar la escala del negocio agropecuario. Sin embargo, en el instante en que se pasa de la decisi\u00f3n \u00edntima a la firma del boleto, una pregunta elemental pero [&hellip;]<\/p>\n","protected":false},"author":1,"featured_media":24369,"comment_status":"open","ping_status":"open","sticky":false,"template":"","format":"standard","meta":{"footnotes":""},"categories":[1],"tags":[],"class_list":["post-24368","post","type-post","status-publish","format-standard","has-post-thumbnail","hentry","category-uncategorized"],"_links":{"self":[{"href":"https:\/\/cliente1.publisher.highstack.com.ar\/index.php?rest_route=\/wp\/v2\/posts\/24368","targetHints":{"allow":["GET"]}}],"collection":[{"href":"https:\/\/cliente1.publisher.highstack.com.ar\/index.php?rest_route=\/wp\/v2\/posts"}],"about":[{"href":"https:\/\/cliente1.publisher.highstack.com.ar\/index.php?rest_route=\/wp\/v2\/types\/post"}],"author":[{"embeddable":true,"href":"https:\/\/cliente1.publisher.highstack.com.ar\/index.php?rest_route=\/wp\/v2\/users\/1"}],"replies":[{"embeddable":true,"href":"https:\/\/cliente1.publisher.highstack.com.ar\/index.php?rest_route=%2Fwp%2Fv2%2Fcomments&post=24368"}],"version-history":[{"count":0,"href":"https:\/\/cliente1.publisher.highstack.com.ar\/index.php?rest_route=\/wp\/v2\/posts\/24368\/revisions"}],"wp:featuredmedia":[{"embeddable":true,"href":"https:\/\/cliente1.publisher.highstack.com.ar\/index.php?rest_route=\/wp\/v2\/media\/24369"}],"wp:attachment":[{"href":"https:\/\/cliente1.publisher.highstack.com.ar\/index.php?rest_route=%2Fwp%2Fv2%2Fmedia&parent=24368"}],"wp:term":[{"taxonomy":"category","embeddable":true,"href":"https:\/\/cliente1.publisher.highstack.com.ar\/index.php?rest_route=%2Fwp%2Fv2%2Fcategories&post=24368"},{"taxonomy":"post_tag","embeddable":true,"href":"https:\/\/cliente1.publisher.highstack.com.ar\/index.php?rest_route=%2Fwp%2Fv2%2Ftags&post=24368"}],"curies":[{"name":"wp","href":"https:\/\/api.w.org\/{rel}","templated":true}]}}