{"id":24361,"date":"2026-08-31T02:18:22","date_gmt":"2026-08-31T05:18:22","guid":{"rendered":"https:\/\/cliente1.publisher.highstack.com.ar\/?p=24361"},"modified":"2026-08-31T02:18:22","modified_gmt":"2026-08-31T05:18:22","slug":"incendio-de-pastizales-afecto-una-zona-de-forestacion-en-cercanias-a-la-ruta-nacional-12","status":"publish","type":"post","link":"https:\/\/cliente1.publisher.highstack.com.ar\/?p=24361","title":{"rendered":"Incendio de pastizales afect\u00f3 una zona de forestaci\u00f3n en cercan\u00edas a la Ruta Nacional 12"},"content":{"rendered":"<p><\/p>\n<div>\n<p>Un<b> incendio de pastizales<\/b> y desechos de forestaci\u00f3n se registr\u00f3 este domingo por la noche en la zona del Paso a Nivel de M\u00e9danos, a unos 200 metros campo adentro desde la Ruta Nacional N.\u00ba 12, a la altura del kil\u00f3metro 189. <\/p>\n<p><!-- is a <br \/>--><\/p>\n<p><!-- is a object --><br \/>\n<!-- embed start --><!-- embed end --><br \/>\n<!-- end object --><\/p>\n<p>\u00a0<\/p>\n<p><!-- is a <br \/>--><\/p>\n<p>El aviso fue recibido por los Bomberos Voluntarios de Ceibas a las 20:03. Al llegar al lugar, la dotaci\u00f3n del Destacamento Uno M\u00e9danos constat\u00f3 que la quema se encontraba activa desde aproximadamente el mediod\u00eda y afectaba una importante cantidad de ramas y residuos derivados de trabajos de forestaci\u00f3n.  <\/p>\n<p><!-- is a <br \/>--><\/p>\n<p><!-- is a object --><br \/>\n<!-- embed start --><\/p>\n<figure class=\"embed\">\n<p>    <img decoding=\"async\" src=\"https:\/\/elonce-media.elonce.com\/fotos\/2026\/08\/31\/e_1788145281_10323.webp\" loading=\"lazy\" width=\"600\" height=\"400\" alt=\"Foto: Bomberos Voluntarios de Ceibas\"\/><figcaption>\n            <span>Foto: Bomberos Voluntarios de Ceibas<\/span><br \/>\n        <\/figcaption><\/figure>\n<p><!-- embed end --><br \/>\n<!-- end object --><\/p>\n<p>Los bomberos acudieron a bordo del M\u00f3vil N.\u00ba 30, equipado con un kit forestal, y trabajaron con l\u00ednea de agua, mochilas forestales y herramientas de zapa.  <\/p>\n<p><!-- is a <br \/>--><\/p>\n<p><!-- is a object --><br \/>\n<!-- embed start --><!-- embed end --><br \/>\n<!-- end object --><\/p>\n<p><!-- is a object --><\/p>\n<h3>Controlaron el per\u00edmetro para evitar la propagaci\u00f3n<\/h3>\n<p><!-- end object --><\/p>\n<p>\u00a0<\/p>\n<p><!-- is a <br \/>--><\/p>\n<p>El \u00e1rea afectada fue estimada en aproximadamente 200 metros de largo por 100 metros de ancho. El fuego se concentraba principalmente en ramas y otros desechos de forestaci\u00f3n acumulados en el terreno.  <\/p>\n<p><!-- is a <br \/>--><\/p>\n<p><!-- is a object --><br \/>\n<!-- embed start --><\/p>\n<figure class=\"embed\">\n<p>    <img decoding=\"async\" src=\"https:\/\/elonce-media.elonce.com\/fotos\/2026\/08\/31\/e_1788145468_29006.webp\" loading=\"lazy\" width=\"600\" height=\"400\" alt=\"Foto: Bomberos Voluntarios de Ceibas\"\/><figcaption>\n            <span>Foto: Bomberos Voluntarios de Ceibas<\/span><br \/>\n        <\/figcaption><\/figure>\n<p><!-- embed end --><br \/>\n<!-- end object --><\/p>\n<p>Debido a la gran cantidad de material combustible, parte de la quema permanec\u00eda activa en el centro del sector. Sin embargo, los bomberos lograron controlar y extinguir los bordes para evitar que el fuego avanzara hacia otras zonas.  <\/p>\n<p><!-- is a <br \/>--><\/p>\n<p><!-- is a object --><br \/>\n<!-- embed start --><!-- embed end --><br \/>\n<!-- end object --><\/p>\n<p>\u00a0<\/p>\n<p><!-- is a <br \/>--><\/p>\n<p>La dotaci\u00f3n concluy\u00f3 las tareas y emprendi\u00f3 el regreso a la base a las 21:26, quedando nuevamente en servicio.  <\/p>\n<p><!-- is a <br \/>--><\/p>\n<p><!-- is a object --><br \/>\n<!-- embed start --><\/p>\n<figure class=\"embed\">\n<p>    <img decoding=\"async\" src=\"https:\/\/elonce-media.elonce.com\/fotos\/2026\/08\/31\/e_1788145281_83788.webp\" loading=\"lazy\" width=\"600\" height=\"400\" alt=\"Foto: Bomberos Voluntarios de Ceibas\"\/><figcaption>\n            <span>Foto: Bomberos Voluntarios de Ceibas<\/span><br \/>\n        <\/figcaption><\/figure>\n<p><!-- embed end --><br \/>\n<!-- end object --><\/p>\n<p>\u00a0<\/p>\n<p><!-- is a <br \/>--><\/p>\n<p>Desde Bomberos Voluntarios de Ceibas recordaron adem\u00e1s que <b>las quemas deben contar con la correspondiente autorizaci\u00f3n de la Secretar\u00eda de Ambiente de la provincia de Entre R\u00edos<\/b>. <\/p>\n<p><!-- is a <br \/>--><\/p>\n<p><!-- is a object --><br \/>\n<!-- embed start --><!-- embed end --><br \/>\n<!-- end object --><\/p>\n<p><!-- is a object --><br \/>\n<!-- embed start --><!-- embed end --><br \/>\n<!-- end object --><\/p><\/div>\n","protected":false},"excerpt":{"rendered":"<p>Un incendio de pastizales y desechos de forestaci\u00f3n se registr\u00f3 este domingo por la noche en la zona del Paso a Nivel de M\u00e9danos, a unos 200 metros campo adentro desde la Ruta Nacional N.\u00ba 12, a la altura del kil\u00f3metro 189. \u00a0 El aviso fue recibido por los Bomberos Voluntarios de Ceibas a las [&hellip;]<\/p>\n","protected":false},"author":1,"featured_media":24362,"comment_status":"open","ping_status":"open","sticky":false,"template":"","format":"standard","meta":{"footnotes":""},"categories":[1],"tags":[],"class_list":["post-24361","post","type-post","status-publish","format-standard","has-post-thumbnail","hentry","category-uncategorized"],"_links":{"self":[{"href":"https:\/\/cliente1.publisher.highstack.com.ar\/index.php?rest_route=\/wp\/v2\/posts\/24361","targetHints":{"allow":["GET"]}}],"collection":[{"href":"https:\/\/cliente1.publisher.highstack.com.ar\/index.php?rest_route=\/wp\/v2\/posts"}],"about":[{"href":"https:\/\/cliente1.publisher.highstack.com.ar\/index.php?rest_route=\/wp\/v2\/types\/post"}],"author":[{"embeddable":true,"href":"https:\/\/cliente1.publisher.highstack.com.ar\/index.php?rest_route=\/wp\/v2\/users\/1"}],"replies":[{"embeddable":true,"href":"https:\/\/cliente1.publisher.highstack.com.ar\/index.php?rest_route=%2Fwp%2Fv2%2Fcomments&post=24361"}],"version-history":[{"count":0,"href":"https:\/\/cliente1.publisher.highstack.com.ar\/index.php?rest_route=\/wp\/v2\/posts\/24361\/revisions"}],"wp:featuredmedia":[{"embeddable":true,"href":"https:\/\/cliente1.publisher.highstack.com.ar\/index.php?rest_route=\/wp\/v2\/media\/24362"}],"wp:attachment":[{"href":"https:\/\/cliente1.publisher.highstack.com.ar\/index.php?rest_route=%2Fwp%2Fv2%2Fmedia&parent=24361"}],"wp:term":[{"taxonomy":"category","embeddable":true,"href":"https:\/\/cliente1.publisher.highstack.com.ar\/index.php?rest_route=%2Fwp%2Fv2%2Fcategories&post=24361"},{"taxonomy":"post_tag","embeddable":true,"href":"https:\/\/cliente1.publisher.highstack.com.ar\/index.php?rest_route=%2Fwp%2Fv2%2Ftags&post=24361"}],"curies":[{"name":"wp","href":"https:\/\/api.w.org\/{rel}","templated":true}]}}