{"id":24352,"date":"2026-08-30T22:05:52","date_gmt":"2026-08-31T01:05:52","guid":{"rendered":"https:\/\/cliente1.publisher.highstack.com.ar\/?p=24352"},"modified":"2026-08-30T22:05:52","modified_gmt":"2026-08-31T01:05:52","slug":"violento-asalto-al-excampeon-del-tc-walter-hernandez-lo-golpearon-robaron-y-quemaron-su-camioneta","status":"publish","type":"post","link":"https:\/\/cliente1.publisher.highstack.com.ar\/?p=24352","title":{"rendered":"Violento asalto al excampe\u00f3n del TC Walter Hern\u00e1ndez: lo golpearon, robaron y quemaron su camioneta"},"content":{"rendered":"<p><\/p>\n<div>\n<p>El <b>violento asalto a Walter Hern\u00e1ndez<\/b>, excampe\u00f3n del Turismo Carretera, ocurri\u00f3 este domingo en su campo de la zona de Mar del Plata, donde al menos seis delincuentes irrumpieron con fines de robo, lo golpearon y mantuvieron privado de su libertad. Los atacantes escaparon con dinero, objetos de valor y una Toyota SW4 que posteriormente fue encontrada incendiada.  <\/p>\n<p><!-- is a <br \/>--><\/p>\n<p>\u00a0<\/p>\n<p><!-- is a <br \/>--><\/p>\n<p>De acuerdo con la informaci\u00f3n conocida sobre el caso, la banda sorprendi\u00f3 al expiloto dentro de la propiedad y logr\u00f3 reducirlo. Hern\u00e1ndez fue sometido a golpes mientras los delincuentes recorr\u00edan el lugar en busca de dinero y otros elementos de valor.  <\/p>\n<p><!-- is a <br \/>--><\/p>\n<p>\u00a0<\/p>\n<p><!-- is a <br \/>--><\/p>\n<p>Durante el asalto, los ladrones habr\u00edan conseguido apoderarse de aproximadamente <b>un mill\u00f3n de pesos en efectivo, joyas, documentaci\u00f3n personal y tel\u00e9fonos celulares<\/b> pertenecientes a las personas que se encontraban en la propiedad.  <\/p>\n<p><!-- is a <br \/>--><\/p>\n<p>\u00a0<\/p>\n<p><!-- is a <br \/>--><\/p>\n<p><!-- is a object --><\/p>\n<h2>Lo mantuvieron privado de su libertad durante el robo<\/h2>\n<p><!-- end object --><\/p>\n<p>\u00a0<\/p>\n<p><!-- is a <br \/>--><\/p>\n<p>La violencia del episodio no termin\u00f3 con el robo de las pertenencias. Los delincuentes mantuvieron a Walter Hern\u00e1ndez privado de su libertad durante parte del ataque y posteriormente lo obligaron a subir a su propia camioneta.  <\/p>\n<p><!-- is a <br \/>--><\/p>\n<p>\u00a0<\/p>\n<p><!-- is a <br \/>--><\/p>\n<p><!-- is a object --><br \/>\n<!-- embed start --><\/p>\n<figure class=\"embed\">\n<p>    <img decoding=\"async\" src=\"https:\/\/elonce-media.elonce.com\/fotos\/2026\/08\/30\/e_1788137212_44336.webp\" loading=\"lazy\" width=\"600\" height=\"400\" alt=\"Foto: SoloTC.\"\/><figcaption>\n            <span>Foto: SoloTC.<\/span><br \/>\n        <\/figcaption><\/figure>\n<p><!-- embed end --><br \/>\n<!-- end object --><\/p>\n<p>\u00a0<\/p>\n<p><!-- is a <br \/>--><\/p>\n<p>El veh\u00edculo utilizado era una <b>Toyota SW4<\/b> perteneciente al excampe\u00f3n de Turismo Carretera. Los investigadores intentaban determinar cu\u00e1l fue el recorrido realizado por los asaltantes despu\u00e9s de abandonar el campo y reconstruir cada movimiento de la banda.  <\/p>\n<p><!-- is a <br \/>--><\/p>\n<p>\u00a0<\/p>\n<p><!-- is a <br \/>--><\/p>\n<p>La camioneta fue localizada posteriormente incendiada. El hallazgo del veh\u00edculo se convirti\u00f3 en uno de los elementos centrales para los investigadores, que buscan obtener indicios que permitan identificar a los responsables del violento episodio.  <\/p>\n<p><!-- is a <br \/>--><\/p>\n<p>\u00a0<\/p>\n<p><!-- is a <br \/>--><\/p>\n<p><!-- is a object --><\/p>\n<h2>Buscan a los delincuentes que atacaron a Walter Hern\u00e1ndez<\/h2>\n<p><!-- end object --><\/p>\n<p>\u00a0<\/p>\n<p><!-- is a <br \/>--><\/p>\n<p>La investigaci\u00f3n se concentra ahora en establecer c\u00f3mo ingresaron los delincuentes a la propiedad, cu\u00e1nto tiempo permanecieron all\u00ed y qu\u00e9 camino utilizaron para escapar despu\u00e9s de concretar el robo.  <\/p>\n<p><!-- is a <br \/>--><\/p>\n<p>\u00a0<\/p>\n<p><!-- is a <br \/>--><\/p>\n<p>Tambi\u00e9n se intenta determinar la participaci\u00f3n individual de los integrantes de la banda. De acuerdo con los primeros datos, fueron <b>al menos seis las personas que habr\u00edan participado del asalto<\/b>.  <\/p>\n<p><!-- is a <br \/>--><\/p>\n<p>\u00a0<\/p>\n<p><!-- is a <br \/>--><\/p>\n<p>Entre los elementos incorporados a las actuaciones se encuentran la camioneta incendiada y las circunstancias del violento ingreso al campo. Las autoridades trabajan sobre diferentes pistas para identificar y localizar a los autores, public\u00f3 <i>NA<\/i>.  <\/p>\n<p><!-- is a <br \/>--><\/p>\n<p>\u00a0<\/p>\n<p><!-- is a <br \/>--><\/p>\n<p><!-- is a object --><br \/>\n<!-- embed start --><\/p>\n<figure class=\"embed\">\n<p>    <img decoding=\"async\" src=\"https:\/\/elonce-media.elonce.com\/fotos\/2026\/08\/30\/e_1788137212_2895.webp\" loading=\"lazy\" width=\"600\" height=\"400\" alt=\"Foto: Campeones.\"\/><figcaption>\n            <span>Foto: Campeones.<\/span><br \/>\n        <\/figcaption><\/figure>\n<p><!-- embed end --><br \/>\n<!-- end object --><\/p>\n<p>\u00a0<\/p>\n<p><!-- is a <br \/>--><\/p>\n<p>\u00a0<\/p>\n<p><!-- is a <br \/>--><\/p>\n<p><!-- is a object --><\/p>\n<h2>Qui\u00e9n es Walter Hern\u00e1ndez<\/h2>\n<p><!-- end object --><\/p>\n<p>\u00a0<\/p>\n<p><!-- is a <br \/>--><\/p>\n<p>Walter Hern\u00e1ndez tuvo una extensa trayectoria dentro del automovilismo argentino y alcanz\u00f3 uno de los momentos m\u00e1s importantes de su carrera deportiva cuando se consagr\u00f3 <b>campe\u00f3n del Turismo Carretera en 1993<\/b>.  <\/p>\n<p><!-- is a <br \/>--><\/p>\n<p>\u00a0<\/p>\n<p><!-- is a <br \/>--><\/p>\n<p>El expiloto fue uno de los nombres destacados de la categor\u00eda durante la d\u00e9cada del &#8217;90 y qued\u00f3 especialmente identificado con el TC antes de retirarse de la actividad profesional.<\/p>\n<\/p><\/div>\n","protected":false},"excerpt":{"rendered":"<p>El violento asalto a Walter Hern\u00e1ndez, excampe\u00f3n del Turismo Carretera, ocurri\u00f3 este domingo en su campo de la zona de Mar del Plata, donde al menos seis delincuentes irrumpieron con fines de robo, lo golpearon y mantuvieron privado de su libertad. Los atacantes escaparon con dinero, objetos de valor y una Toyota SW4 que posteriormente [&hellip;]<\/p>\n","protected":false},"author":1,"featured_media":24353,"comment_status":"open","ping_status":"open","sticky":false,"template":"","format":"standard","meta":{"footnotes":""},"categories":[1],"tags":[],"class_list":["post-24352","post","type-post","status-publish","format-standard","has-post-thumbnail","hentry","category-uncategorized"],"_links":{"self":[{"href":"https:\/\/cliente1.publisher.highstack.com.ar\/index.php?rest_route=\/wp\/v2\/posts\/24352","targetHints":{"allow":["GET"]}}],"collection":[{"href":"https:\/\/cliente1.publisher.highstack.com.ar\/index.php?rest_route=\/wp\/v2\/posts"}],"about":[{"href":"https:\/\/cliente1.publisher.highstack.com.ar\/index.php?rest_route=\/wp\/v2\/types\/post"}],"author":[{"embeddable":true,"href":"https:\/\/cliente1.publisher.highstack.com.ar\/index.php?rest_route=\/wp\/v2\/users\/1"}],"replies":[{"embeddable":true,"href":"https:\/\/cliente1.publisher.highstack.com.ar\/index.php?rest_route=%2Fwp%2Fv2%2Fcomments&post=24352"}],"version-history":[{"count":0,"href":"https:\/\/cliente1.publisher.highstack.com.ar\/index.php?rest_route=\/wp\/v2\/posts\/24352\/revisions"}],"wp:featuredmedia":[{"embeddable":true,"href":"https:\/\/cliente1.publisher.highstack.com.ar\/index.php?rest_route=\/wp\/v2\/media\/24353"}],"wp:attachment":[{"href":"https:\/\/cliente1.publisher.highstack.com.ar\/index.php?rest_route=%2Fwp%2Fv2%2Fmedia&parent=24352"}],"wp:term":[{"taxonomy":"category","embeddable":true,"href":"https:\/\/cliente1.publisher.highstack.com.ar\/index.php?rest_route=%2Fwp%2Fv2%2Fcategories&post=24352"},{"taxonomy":"post_tag","embeddable":true,"href":"https:\/\/cliente1.publisher.highstack.com.ar\/index.php?rest_route=%2Fwp%2Fv2%2Ftags&post=24352"}],"curies":[{"name":"wp","href":"https:\/\/api.w.org\/{rel}","templated":true}]}}