{"id":24343,"date":"2026-08-30T21:27:33","date_gmt":"2026-08-31T00:27:33","guid":{"rendered":"https:\/\/cliente1.publisher.highstack.com.ar\/?p=24343"},"modified":"2026-08-30T21:27:33","modified_gmt":"2026-08-31T00:27:33","slug":"un-camion-despisto-en-la-autovia-14-por-una-falla-mecanica-y-termino-en-el-cantero-central","status":"publish","type":"post","link":"https:\/\/cliente1.publisher.highstack.com.ar\/?p=24343","title":{"rendered":"Un cami\u00f3n despist\u00f3 en la Autov\u00eda 14 por una falla mec\u00e1nica y termin\u00f3 en el cantero central"},"content":{"rendered":"<p><\/p>\n<div>\n<p>Un cami\u00f3n Ford Cargo protagoniz\u00f3 un despiste sobre la Autov\u00eda Nacional N.\u00ba 14, a la altura del kil\u00f3metro 19, en jurisdicci\u00f3n de Ceibas, sin que se registraran personas lesionadas.  <\/p>\n<p><!-- is a <br \/>--><\/p>\n<p><!-- is a object --><br \/>\n<!-- embed start --><!-- embed end --><br \/>\n<!-- end object --><\/p>\n<p><!-- is a object --><br \/>\n<!-- embed start --><\/p>\n<figure class=\"embed\">\n<p>    <img decoding=\"async\" src=\"https:\/\/elonce-media.elonce.com\/fotos\/2026\/08\/30\/e_1788134419_75619.webp\" loading=\"lazy\" width=\"600\" height=\"400\" alt=\"Foto: Bomberos Voluntarios de Ceibas\"\/><figcaption>\n            <span>Foto: Bomberos Voluntarios de Ceibas<\/span><br \/>\n        <\/figcaption><\/figure>\n<p><!-- embed end --><br \/>\n<!-- end object --><\/p>\n<p>El hecho ocurri\u00f3 alrededor de las 19:03 del s\u00e1bado, cuando Bomberos Voluntarios de Ceibas recibi\u00f3 el aviso y desplaz\u00f3 una dotaci\u00f3n en el M\u00f3vil N.\u00ba 24 hacia el lugar del siniestro.  <\/p>\n<p><!-- is a <br \/>--><\/p>\n<p><!-- is a object --><br \/>\n<!-- embed start --><\/p>\n<figure class=\"embed\">\n<p>    <img decoding=\"async\" src=\"https:\/\/elonce-media.elonce.com\/fotos\/2026\/08\/30\/e_1788134419_43452.webp\" loading=\"lazy\" width=\"600\" height=\"400\" alt=\"Foto: Bomberos Voluntarios de Ceibas\"\/><figcaption>\n            <span>Foto: Bomberos Voluntarios de Ceibas<\/span><br \/>\n        <\/figcaption><\/figure>\n<p><!-- embed end --><br \/>\n<!-- end object --><\/p>\n<p><!-- is a object --><\/p>\n<h3>El cami\u00f3n termin\u00f3 en el cantero central<\/h3>\n<p><!-- end object --><\/p>\n<p>\u00a0<\/p>\n<p><!-- is a <br \/>--><\/p>\n<p>De acuerdo con el relato del conductor, el veh\u00edculo sufri\u00f3 un desperfecto mec\u00e1nico mientras circulaba en sentido Entre R\u00edos\u2013Buenos Aires, lo que provoc\u00f3 la p\u00e9rdida de control y el posterior despiste hacia el cantero central de la autov\u00eda.  <\/p>\n<p><!-- is a <br \/>--><\/p>\n<p><!-- is a object --><br \/>\n<!-- embed start --><!-- embed end --><br \/>\n<!-- end object --><\/p>\n<p>Los dos ocupantes, ambos mayores de edad y oriundos de Chajar\u00ed, lograron salir del cami\u00f3n por sus propios medios y fueron encontrados sin lesiones por los equipos de emergencia.  <\/p>\n<p><!-- is a <br \/>--><\/p>\n<p><!-- is a object --><br \/>\n<!-- embed start --><!-- embed end --><br \/>\n<!-- end object --><\/p>\n<p><!-- is a object --><\/p>\n<h3>Trabajo conjunto para retirar el veh\u00edculo<\/h3>\n<p><!-- end object --><\/p>\n<p>\u00a0<\/p>\n<p><!-- is a <br \/>--><\/p>\n<p>Bomberos Voluntarios trabaj\u00f3 junto a Seguridad Vial de la Autov\u00eda, el servicio de Auxilio Gast\u00f3n Samacoit y varios camioneros que colaboraron con las maniobras para extraer el rodado del cantero central.  <\/p>\n<p><!-- is a <br \/>--><\/p>\n<p><!-- is a object --><br \/>\n<!-- embed start --><\/p>\n<figure class=\"embed\">\n<p>    <img decoding=\"async\" src=\"https:\/\/elonce-media.elonce.com\/fotos\/2026\/08\/30\/e_1788134419_38916.webp\" loading=\"lazy\" width=\"600\" height=\"400\" alt=\"Foto: Bomberos Voluntarios de Ceibas\"\/><figcaption>\n            <span>Foto: Bomberos Voluntarios de Ceibas<\/span><br \/>\n        <\/figcaption><\/figure>\n<p><!-- embed end --><br \/>\n<!-- end object --><\/p>\n<p><!-- is a object --><br \/>\n<!-- embed start --><!-- embed end --><br \/>\n<!-- end object --><\/p><\/div>\n","protected":false},"excerpt":{"rendered":"<p>Un cami\u00f3n Ford Cargo protagoniz\u00f3 un despiste sobre la Autov\u00eda Nacional N.\u00ba 14, a la altura del kil\u00f3metro 19, en jurisdicci\u00f3n de Ceibas, sin que se registraran personas lesionadas. Foto: Bomberos Voluntarios de Ceibas El hecho ocurri\u00f3 alrededor de las 19:03 del s\u00e1bado, cuando Bomberos Voluntarios de Ceibas recibi\u00f3 el aviso y desplaz\u00f3 una dotaci\u00f3n [&hellip;]<\/p>\n","protected":false},"author":1,"featured_media":24344,"comment_status":"open","ping_status":"open","sticky":false,"template":"","format":"standard","meta":{"footnotes":""},"categories":[1],"tags":[],"class_list":["post-24343","post","type-post","status-publish","format-standard","has-post-thumbnail","hentry","category-uncategorized"],"_links":{"self":[{"href":"https:\/\/cliente1.publisher.highstack.com.ar\/index.php?rest_route=\/wp\/v2\/posts\/24343","targetHints":{"allow":["GET"]}}],"collection":[{"href":"https:\/\/cliente1.publisher.highstack.com.ar\/index.php?rest_route=\/wp\/v2\/posts"}],"about":[{"href":"https:\/\/cliente1.publisher.highstack.com.ar\/index.php?rest_route=\/wp\/v2\/types\/post"}],"author":[{"embeddable":true,"href":"https:\/\/cliente1.publisher.highstack.com.ar\/index.php?rest_route=\/wp\/v2\/users\/1"}],"replies":[{"embeddable":true,"href":"https:\/\/cliente1.publisher.highstack.com.ar\/index.php?rest_route=%2Fwp%2Fv2%2Fcomments&post=24343"}],"version-history":[{"count":0,"href":"https:\/\/cliente1.publisher.highstack.com.ar\/index.php?rest_route=\/wp\/v2\/posts\/24343\/revisions"}],"wp:featuredmedia":[{"embeddable":true,"href":"https:\/\/cliente1.publisher.highstack.com.ar\/index.php?rest_route=\/wp\/v2\/media\/24344"}],"wp:attachment":[{"href":"https:\/\/cliente1.publisher.highstack.com.ar\/index.php?rest_route=%2Fwp%2Fv2%2Fmedia&parent=24343"}],"wp:term":[{"taxonomy":"category","embeddable":true,"href":"https:\/\/cliente1.publisher.highstack.com.ar\/index.php?rest_route=%2Fwp%2Fv2%2Fcategories&post=24343"},{"taxonomy":"post_tag","embeddable":true,"href":"https:\/\/cliente1.publisher.highstack.com.ar\/index.php?rest_route=%2Fwp%2Fv2%2Ftags&post=24343"}],"curies":[{"name":"wp","href":"https:\/\/api.w.org\/{rel}","templated":true}]}}