{"id":24340,"date":"2026-08-30T20:54:02","date_gmt":"2026-08-30T23:54:02","guid":{"rendered":"https:\/\/cliente1.publisher.highstack.com.ar\/?p=24340"},"modified":"2026-08-30T20:54:02","modified_gmt":"2026-08-30T23:54:02","slug":"santa-fe-arranco-la-moto-una-chispa-alcanzo-un-bidon-de-nafta-y-provoco-un-incendio-que-dejo-internado-a-un-joven","status":"publish","type":"post","link":"https:\/\/cliente1.publisher.highstack.com.ar\/?p=24340","title":{"rendered":"Santa Fe: arranc\u00f3 la moto, una chispa alcanz\u00f3 un bid\u00f3n de nafta y provoc\u00f3 un incendio que dej\u00f3 internado a un joven"},"content":{"rendered":"<p><\/p>\n<div>\n<p>Un joven de 19 a\u00f1os result\u00f3 herido tras un incendio registrado en una vivienda de barrio Santa Rita II, en la zona norte de la ciudad de Santa Fe. El fuego comenz\u00f3 cuando<b> intentaron poner en marcha una motocicleta y una chispa alcanz\u00f3 un bid\u00f3n con nafta<\/b> ubicado a pocos metros.  <\/p>\n<p><!-- is a <br \/>--><\/p>\n<p><!-- is a object --><br \/>\n<!-- embed start --><!-- embed end --><br \/>\n<!-- end object --><\/p>\n<p>\u00a0<\/p>\n<p><!-- is a <br \/>--><\/p>\n<p>El hecho ocurri\u00f3 en Pasaje Leiva al 9100 y, seg\u00fan relataron familiares,<b> la combusti\u00f3n fue inmediata<\/b> debido a la cercan\u00eda del combustible, lo que permiti\u00f3 que las llamas se propagaran r\u00e1pidamente por el interior de la propiedad.  <\/p>\n<p><!-- is a <br \/>--><\/p>\n<p><!-- is a object --><br \/>\n<!-- embed start --><!-- embed end --><br \/>\n<!-- end object --><\/p>\n<p><!-- is a object --><\/p>\n<h3>El fuego afect\u00f3 el garaje, la cocina y el comedor<\/h3>\n<p><!-- end object --><\/p>\n<p>\u00a0<\/p>\n<p><!-- is a <br \/>--><\/p>\n<p>Las llamas comenzaron en el sector del garaje y luego avanzaron hacia la cocina y el comedor, provocando importantes da\u00f1os materiales en la vivienda.  <\/p>\n<p><!-- is a <br \/>--><\/p>\n<p><!-- is a object --><br \/>\n<!-- embed start --><\/p>\n<figure class=\"embed\">\n<p>    <img decoding=\"async\" src=\"https:\/\/elonce-media.elonce.com\/fotos\/2026\/08\/30\/e_1788133191_53796.webp\" loading=\"lazy\" width=\"600\" height=\"400\" alt=\"\"\/><\/p>\n<\/figure>\n<p><!-- embed end --><br \/>\n<!-- end object --><\/p>\n<p>\u00a0<\/p>\n<p><!-- is a <br \/>--><\/p>\n<p>Daniel, padre del joven, explic\u00f3 que el incendio <b>se origin\u00f3 por un \u201cchispazo\u201d<\/b> al momento de arrancar la moto, que tom\u00f3 contacto con el bid\u00f3n de nafta y desencaden\u00f3 el siniestro.  <\/p>\n<p><!-- is a <br \/>--><\/p>\n<p><!-- is a object --><br \/>\n<!-- embed start --><!-- embed end --><br \/>\n<!-- end object --><\/p>\n<p>\u00a0<\/p>\n<p><!-- is a <br \/>--><\/p>\n<p>Como consecuencia del incendio, el joven sufri\u00f3 quemaduras en el rostro, los brazos y las manos. Tras ser asistido en el lugar, fue trasladado de urgencia al Hospital Iturraspe, donde recibi\u00f3 atenci\u00f3n m\u00e9dica por las lesiones sufridas. <\/p>\n<p><!-- is a <br \/>--><\/p>\n<p><!-- is a object --><br \/>\n<!-- embed start --><!-- embed end --><br \/>\n<!-- end object --><\/p><\/div>\n","protected":false},"excerpt":{"rendered":"<p>Un joven de 19 a\u00f1os result\u00f3 herido tras un incendio registrado en una vivienda de barrio Santa Rita II, en la zona norte de la ciudad de Santa Fe. El fuego comenz\u00f3 cuando intentaron poner en marcha una motocicleta y una chispa alcanz\u00f3 un bid\u00f3n con nafta ubicado a pocos metros. \u00a0 El hecho ocurri\u00f3 [&hellip;]<\/p>\n","protected":false},"author":1,"featured_media":24341,"comment_status":"open","ping_status":"open","sticky":false,"template":"","format":"standard","meta":{"footnotes":""},"categories":[1],"tags":[],"class_list":["post-24340","post","type-post","status-publish","format-standard","has-post-thumbnail","hentry","category-uncategorized"],"_links":{"self":[{"href":"https:\/\/cliente1.publisher.highstack.com.ar\/index.php?rest_route=\/wp\/v2\/posts\/24340","targetHints":{"allow":["GET"]}}],"collection":[{"href":"https:\/\/cliente1.publisher.highstack.com.ar\/index.php?rest_route=\/wp\/v2\/posts"}],"about":[{"href":"https:\/\/cliente1.publisher.highstack.com.ar\/index.php?rest_route=\/wp\/v2\/types\/post"}],"author":[{"embeddable":true,"href":"https:\/\/cliente1.publisher.highstack.com.ar\/index.php?rest_route=\/wp\/v2\/users\/1"}],"replies":[{"embeddable":true,"href":"https:\/\/cliente1.publisher.highstack.com.ar\/index.php?rest_route=%2Fwp%2Fv2%2Fcomments&post=24340"}],"version-history":[{"count":0,"href":"https:\/\/cliente1.publisher.highstack.com.ar\/index.php?rest_route=\/wp\/v2\/posts\/24340\/revisions"}],"wp:featuredmedia":[{"embeddable":true,"href":"https:\/\/cliente1.publisher.highstack.com.ar\/index.php?rest_route=\/wp\/v2\/media\/24341"}],"wp:attachment":[{"href":"https:\/\/cliente1.publisher.highstack.com.ar\/index.php?rest_route=%2Fwp%2Fv2%2Fmedia&parent=24340"}],"wp:term":[{"taxonomy":"category","embeddable":true,"href":"https:\/\/cliente1.publisher.highstack.com.ar\/index.php?rest_route=%2Fwp%2Fv2%2Fcategories&post=24340"},{"taxonomy":"post_tag","embeddable":true,"href":"https:\/\/cliente1.publisher.highstack.com.ar\/index.php?rest_route=%2Fwp%2Fv2%2Ftags&post=24340"}],"curies":[{"name":"wp","href":"https:\/\/api.w.org\/{rel}","templated":true}]}}