{"id":24338,"date":"2026-08-30T20:13:43","date_gmt":"2026-08-30T23:13:43","guid":{"rendered":"https:\/\/cliente1.publisher.highstack.com.ar\/?p=24338"},"modified":"2026-08-30T20:13:43","modified_gmt":"2026-08-30T23:13:43","slug":"la-municipalidad-de-colon-desmintio-a-orsi-y-nego-que-haya-existido-una-denuncia-por-la-planta-de-hif-global-en-paysandu","status":"publish","type":"post","link":"https:\/\/cliente1.publisher.highstack.com.ar\/?p=24338","title":{"rendered":"La Municipalidad de Col\u00f3n desminti\u00f3 a Orsi y neg\u00f3 que haya existido una denuncia por la planta de HIF Global en Paysand\u00fa"},"content":{"rendered":"<div>\n<div class=\"visual__image image-initial-width\"><picture><source srcset=\"https:\/\/www.infobae.com\/resizer\/v2\/TXDFT3USBVE2DJEQYABFMWEJPA.JPG?auth=1589212c34baea3417481b44e3b483e2bcc1705da87c04a0740c9d8c2fbb597f&amp;smart=true&amp;width=992&amp;height=661&amp;quality=85\" media=\"(min-width: 1000px)\"\/><source srcset=\"https:\/\/www.infobae.com\/resizer\/v2\/TXDFT3USBVE2DJEQYABFMWEJPA.JPG?auth=1589212c34baea3417481b44e3b483e2bcc1705da87c04a0740c9d8c2fbb597f&amp;smart=true&amp;width=768&amp;height=512&amp;quality=85\" media=\"(min-width: 768px)\"\/><source srcset=\"https:\/\/www.infobae.com\/resizer\/v2\/TXDFT3USBVE2DJEQYABFMWEJPA.JPG?auth=1589212c34baea3417481b44e3b483e2bcc1705da87c04a0740c9d8c2fbb597f&amp;smart=true&amp;width=577&amp;height=385&amp;quality=85\" media=\"(min-width: 580px)\"\/><source srcset=\"https:\/\/www.infobae.com\/resizer\/v2\/TXDFT3USBVE2DJEQYABFMWEJPA.JPG?auth=1589212c34baea3417481b44e3b483e2bcc1705da87c04a0740c9d8c2fbb597f&amp;smart=true&amp;width=420&amp;height=280&amp;quality=85\" media=\"(min-width: 350px)\"\/><source srcset=\"https:\/\/www.infobae.com\/resizer\/v2\/TXDFT3USBVE2DJEQYABFMWEJPA.JPG?auth=1589212c34baea3417481b44e3b483e2bcc1705da87c04a0740c9d8c2fbb597f&amp;smart=true&amp;width=350&amp;height=233&amp;quality=85\" media=\"(min-width: 80px)\"\/><\/picture><\/div>\n<div class=\"sharebar-container display_flex sharebar-new\" style=\"opacity:1\">\n<p><span class=\"sharebar-article-date\">30 Ago, 2026 06:43 p. m. EST<\/span><\/p>\n<\/div>\n<p class=\"paragraph\" data-paragraph-number=\"1\"><b>La Municipalidad de Col\u00f3n desacredit\u00f3 la versi\u00f3n que el Gobierno uruguayo dej\u00f3 trascender para salvar al presidente Yamand\u00fa Orsi de una pol\u00e9mica internacional.<\/b> El mandatario dijo que, en el diferendo por la instalaci\u00f3n de la planta de HIF Global en Paysand\u00fa, Argentina hab\u00eda retirado la demanda penal en contra de Uruguay.<\/p>\n<p class=\"paragraph\" data-paragraph-number=\"2\">Tras ser desmentido por la fiscal federal que lleva adelante el caso, Josefina Minatta, y por el demandante en otro expediente en el fuero civil, el diputado Guillermo Michel (UP &#8211; Entre R\u00edos), el Ejecutivo uruguayo sali\u00f3 a aclarar que <b>Orsi se refer\u00eda a una supuesta demanda interpuesta por la viceintendenta de Col\u00f3n, Mar\u00eda Dalleves.<\/b><\/p>\n<p class=\"paragraph\" data-paragraph-number=\"3\">De esta manera, se dejaba a salvo la palabra presidencial del yerro que hab\u00eda causado un esc\u00e1ndalo en ambos lados de la frontera.<\/p>\n<p class=\"paragraph\" data-paragraph-number=\"4\"><b>Sin embargo, la soluci\u00f3n fue peor que el problema.<\/b> A las pocas horas, el Municipio de Col\u00f3n emiti\u00f3 un comunicado en el que expres\u00f3 que <b>esa denuncia a la que se habr\u00eda querido referir Orsi jam\u00e1s existi\u00f3.<\/b><\/p>\n<p class=\"paragraph\" data-paragraph-number=\"5\">El texto del documento, enviado a Infobae, expres\u00f3: <b>\u201cEl Municipio de Col\u00f3n desconoce a qu\u00e9 denuncia se refiere el Presidente de Uruguay\u201d.<\/b><\/p>\n<p class=\"paragraph\" data-paragraph-number=\"6\">\u201cEn ning\u00fan momento -agreg\u00f3- el Municipio local efectu\u00f3 una denuncia penal, ni de otro tipo\u201d. <b>\u201cDe hecho -resalt\u00f3- formalmente nadie present\u00f3 una demanda\u201d en la Justicia.<\/b><\/p>\n<div class=\"visual__image\"><picture><source srcset=\"https:\/\/www.infobae.com\/resizer\/v2\/AV43M2FGFRBVXK4PRKVKVUGOZE.jpg?auth=79d40c3a6e643acbf99ccb01636156a2bf8612c8b9abd9006ffc73cf8ae5205c&amp;smart=true&amp;width=992&amp;height=744&amp;quality=85\" media=\"(min-width: 1000px)\"\/><source srcset=\"https:\/\/www.infobae.com\/resizer\/v2\/AV43M2FGFRBVXK4PRKVKVUGOZE.jpg?auth=79d40c3a6e643acbf99ccb01636156a2bf8612c8b9abd9006ffc73cf8ae5205c&amp;smart=true&amp;width=768&amp;height=576&amp;quality=85\" media=\"(min-width: 768px)\"\/><source srcset=\"https:\/\/www.infobae.com\/resizer\/v2\/AV43M2FGFRBVXK4PRKVKVUGOZE.jpg?auth=79d40c3a6e643acbf99ccb01636156a2bf8612c8b9abd9006ffc73cf8ae5205c&amp;smart=true&amp;width=577&amp;height=433&amp;quality=85\" media=\"(min-width: 580px)\"\/><source srcset=\"https:\/\/www.infobae.com\/resizer\/v2\/AV43M2FGFRBVXK4PRKVKVUGOZE.jpg?auth=79d40c3a6e643acbf99ccb01636156a2bf8612c8b9abd9006ffc73cf8ae5205c&amp;smart=true&amp;width=420&amp;height=315&amp;quality=85\" media=\"(min-width: 350px)\"\/><source srcset=\"https:\/\/www.infobae.com\/resizer\/v2\/AV43M2FGFRBVXK4PRKVKVUGOZE.jpg?auth=79d40c3a6e643acbf99ccb01636156a2bf8612c8b9abd9006ffc73cf8ae5205c&amp;smart=true&amp;width=350&amp;height=263&amp;quality=85\" media=\"(min-width: 80px)\"\/><img alt=\"El Municipio de Col\u00f3n recurri\u00f3 al Comit\u00e9 de Escaz\u00fa para reclamar intervenci\u00f3n en el expediente uruguayo sobre la planta de e-combustibles en Paysand\u00fa. Foto: Municipalidad de Col\u00f3n\" class=\"global-image\" decoding=\"async\" fetchpriority=\"low\" height=\"960\" loading=\"lazy\" src=\"https:\/\/www.infobae.com\/resizer\/v2\/AV43M2FGFRBVXK4PRKVKVUGOZE.jpg?auth=79d40c3a6e643acbf99ccb01636156a2bf8612c8b9abd9006ffc73cf8ae5205c&amp;smart=true&amp;width=350&amp;height=263&amp;quality=85\" width=\"1280\"\/><\/picture><\/div>\n<p class=\"paragraph\" data-paragraph-number=\"7\">P\u00e1rrafo seguido, el comunicado reconstruy\u00f3 que a principios de a\u00f1o, el Gobierno local solicit\u00f3 <b>\u201cacceso al expediente\u201d<\/b> que se abri\u00f3 en Uruguay referido a la instalaci\u00f3n de la planta de e-combustibles en Paysand\u00fa, frente a sus costas. Desde que se conoci\u00f3 el proyecto, hubo preocupaci\u00f3n en las ciudades argentinas ribere\u00f1as al r\u00edo Uruguay por el impacto que tendr\u00eda. <b>Se tem\u00eda que la contaminaci\u00f3n visual afectara al turismo y que aumentara la poluci\u00f3n sobre el curso de agua.<\/b><\/p>\n<p class=\"paragraph\" data-paragraph-number=\"8\">El escrito del Municipio argentino record\u00f3 que para poder acceder al expediente \u201cse hicieron varios tipos de presentaciones\u201d. Una de ellas fue <b>\u201cuna solicitud de comunicaci\u00f3n al Comit\u00e9 de Escaz\u00fa, para que solicite al Uruguay que nos d\u00e9 intervenci\u00f3n\u201d.<\/b><\/p>\n<p class=\"paragraph\" data-paragraph-number=\"9\">El acuerdo al que hizo menci\u00f3n refiere al <b>primer tratado ambiental de Am\u00e9rica Latina y el Caribe en incluir normas espec\u00edficas para proteger a los defensores de los derechos humanos en estos asuntos.<\/b><\/p>\n<p class=\"paragraph\" data-paragraph-number=\"10\">\u201cCon posterioridad a dicha solicitud, el Gobierno Uruguayo nos dio intervenci\u00f3n. De hecho, nos contestaron\u201d, a\u00f1adi\u00f3 el Municipio. Por esta raz\u00f3n <b>\u201cla instancia del Comit\u00e9 de Escaz\u00fa ya no era necesaria, lo cual comunicamos a dicho organismo\u201d<\/b>, abund\u00f3.<\/p>\n<p class=\"paragraph\" data-paragraph-number=\"11\">Por \u00faltimo, el documento remat\u00f3: <b>\u201cNuestra posici\u00f3n y comportamiento ha sido siempre el mismo desde el primer momento: respetar los canales diplom\u00e1ticos para la resoluci\u00f3n de este conflicto. De hecho, es lo que hasta ahora nos ha dado resultado\u201d<\/b>, concluy\u00f3.<\/p>\n<p class=\"paragraph\" data-paragraph-number=\"12\">El emprendimiento pretende generar <b>e-combustibles sint\u00e9ticos<\/b>. Para ello, utilizar\u00eda di\u00f3xido de carbono que emerge de las cadenas de biomasa y tambi\u00e9n hidr\u00f3geno verde generado a partir de energ\u00edas renovables. <b>Ponerlo en marcha implicar\u00eda 3 mil empleos en forma directa.<\/b><\/p>\n<p class=\"paragraph\" data-paragraph-number=\"13\">Se tratar\u00eda de <b>la mayor inversi\u00f3n extranjera en la historia del pa\u00eds vecino: USD 5.400 millones.<\/b><\/p>\n<div class=\"visual__image\"><picture><source srcset=\"https:\/\/www.infobae.com\/resizer\/v2\/TSLRS4VVCMGOPHTSJU4QV6JRJM.jpg?auth=f9b351e80ba9be1dac0f45f50baaa8b967895fb1a5fc83085d98628347e5d7d7&amp;smart=true&amp;width=992&amp;height=661&amp;quality=85\" media=\"(min-width: 1000px)\"\/><source srcset=\"https:\/\/www.infobae.com\/resizer\/v2\/TSLRS4VVCMGOPHTSJU4QV6JRJM.jpg?auth=f9b351e80ba9be1dac0f45f50baaa8b967895fb1a5fc83085d98628347e5d7d7&amp;smart=true&amp;width=768&amp;height=512&amp;quality=85\" media=\"(min-width: 768px)\"\/><source srcset=\"https:\/\/www.infobae.com\/resizer\/v2\/TSLRS4VVCMGOPHTSJU4QV6JRJM.jpg?auth=f9b351e80ba9be1dac0f45f50baaa8b967895fb1a5fc83085d98628347e5d7d7&amp;smart=true&amp;width=577&amp;height=384&amp;quality=85\" media=\"(min-width: 580px)\"\/><source srcset=\"https:\/\/www.infobae.com\/resizer\/v2\/TSLRS4VVCMGOPHTSJU4QV6JRJM.jpg?auth=f9b351e80ba9be1dac0f45f50baaa8b967895fb1a5fc83085d98628347e5d7d7&amp;smart=true&amp;width=420&amp;height=280&amp;quality=85\" media=\"(min-width: 350px)\"\/><source srcset=\"https:\/\/www.infobae.com\/resizer\/v2\/TSLRS4VVCMGOPHTSJU4QV6JRJM.jpg?auth=f9b351e80ba9be1dac0f45f50baaa8b967895fb1a5fc83085d98628347e5d7d7&amp;smart=true&amp;width=350&amp;height=233&amp;quality=85\" media=\"(min-width: 80px)\"\/><img alt=\"El proyecto de HIF Global prev\u00e9 producir e-combustibles sint\u00e9ticos con di\u00f3xido de carbono, hidr\u00f3geno verde y energ\u00edas renovables, con una inversi\u00f3n de USD 5.400 millones. Foto: REUTERS\" class=\"global-image\" decoding=\"async\" fetchpriority=\"low\" height=\"533\" loading=\"lazy\" src=\"https:\/\/www.infobae.com\/resizer\/v2\/TSLRS4VVCMGOPHTSJU4QV6JRJM.jpg?auth=f9b351e80ba9be1dac0f45f50baaa8b967895fb1a5fc83085d98628347e5d7d7&amp;smart=true&amp;width=350&amp;height=233&amp;quality=85\" width=\"800\"\/><\/picture><\/div>\n<p class=\"paragraph\" data-paragraph-number=\"14\">El emplazamiento original estaba 5 kil\u00f3metros al norte de Paysand\u00fa, frente al principal balneario de Col\u00f3n. Ante las alarmas que sonaron en Entre R\u00edos y para evitar repetir la experiencia traum\u00e1tica de la pastera Botnia (hoy UPM), <b>se activaron todos los canales de la diplomacia formal e informal.<\/b><\/p>\n<p class=\"paragraph\" data-paragraph-number=\"15\"><b>El resultado fue <\/b><b>relocalizar la planta en otro lugar<\/b><b>.<\/b> Se evitar\u00eda as\u00ed la contaminaci\u00f3n visual sobre el r\u00edo y se reducir\u00eda el impacto en la biodiversidad.<\/p>\n<p class=\"paragraph\" data-paragraph-number=\"16\">Hasta que esto quede confirmado, <b>la demanda penal que inici\u00f3 de oficio la fiscal Minatta y la causa civil por da\u00f1o que interpuso Michel seguir\u00e1n su curso<\/b>, adelantaron ambos en declaraciones a este medio.<\/p>\n<\/div>\n<p><script defer>try{!function(f,b,e,v,n,t,s) {if(f.fbq)return;n=f.fbq=function(){n.callMethod? n.callMethod.apply(n,arguments):n.queue.push(arguments)}; if(!f._fbq)f._fbq=n;n.push=n;n.loaded=!0;n.version='2.0'; n.queue=[];t=b.createElement(e);t.async=!0; t.src=v;s=b.getElementsByTagName(e)[0]; s.parentNode.insertBefore(t,s)}(window, document,'script', ' fbq('init', '336383993555320'); fbq('track', 'PageView'); fbq('track', 'ViewContent');}catch(error){console.log(\"Error al inicializar facebookPixelRawCodeScript:\",error);}<\/script><\/p>\n","protected":false},"excerpt":{"rendered":"<p>30 Ago, 2026 06:43 p. m. EST La Municipalidad de Col\u00f3n desacredit\u00f3 la versi\u00f3n que el Gobierno uruguayo dej\u00f3 trascender para salvar al presidente Yamand\u00fa Orsi de una pol\u00e9mica internacional. El mandatario dijo que, en el diferendo por la instalaci\u00f3n de la planta de HIF Global en Paysand\u00fa, Argentina hab\u00eda retirado la demanda penal en [&hellip;]<\/p>\n","protected":false},"author":1,"featured_media":24339,"comment_status":"open","ping_status":"open","sticky":false,"template":"","format":"standard","meta":{"footnotes":""},"categories":[1],"tags":[4,2],"class_list":["post-24338","post","type-post","status-publish","format-standard","has-post-thumbnail","hentry","category-uncategorized","tag-entre-rios","tag-guillermo-michel"],"_links":{"self":[{"href":"https:\/\/cliente1.publisher.highstack.com.ar\/index.php?rest_route=\/wp\/v2\/posts\/24338","targetHints":{"allow":["GET"]}}],"collection":[{"href":"https:\/\/cliente1.publisher.highstack.com.ar\/index.php?rest_route=\/wp\/v2\/posts"}],"about":[{"href":"https:\/\/cliente1.publisher.highstack.com.ar\/index.php?rest_route=\/wp\/v2\/types\/post"}],"author":[{"embeddable":true,"href":"https:\/\/cliente1.publisher.highstack.com.ar\/index.php?rest_route=\/wp\/v2\/users\/1"}],"replies":[{"embeddable":true,"href":"https:\/\/cliente1.publisher.highstack.com.ar\/index.php?rest_route=%2Fwp%2Fv2%2Fcomments&post=24338"}],"version-history":[{"count":0,"href":"https:\/\/cliente1.publisher.highstack.com.ar\/index.php?rest_route=\/wp\/v2\/posts\/24338\/revisions"}],"wp:featuredmedia":[{"embeddable":true,"href":"https:\/\/cliente1.publisher.highstack.com.ar\/index.php?rest_route=\/wp\/v2\/media\/24339"}],"wp:attachment":[{"href":"https:\/\/cliente1.publisher.highstack.com.ar\/index.php?rest_route=%2Fwp%2Fv2%2Fmedia&parent=24338"}],"wp:term":[{"taxonomy":"category","embeddable":true,"href":"https:\/\/cliente1.publisher.highstack.com.ar\/index.php?rest_route=%2Fwp%2Fv2%2Fcategories&post=24338"},{"taxonomy":"post_tag","embeddable":true,"href":"https:\/\/cliente1.publisher.highstack.com.ar\/index.php?rest_route=%2Fwp%2Fv2%2Ftags&post=24338"}],"curies":[{"name":"wp","href":"https:\/\/api.w.org\/{rel}","templated":true}]}}